{"id":29885,"date":"2019-10-16T04:02:42","date_gmt":"2019-10-16T04:02:42","guid":{"rendered":"http:\/\/wordpress.gurbuz.net\/?p=29885"},"modified":"2019-10-16T12:27:11","modified_gmt":"2019-10-16T12:27:11","slug":"halk-kandiriliyor-5-mi-6-mi-belli-degil-sosyal-medya-aciklamalari-yuezuenden-tutuklananlar","status":"publish","type":"post","link":"http:\/\/wordpress.gurbuz.net\/?p=29885","title":{"rendered":"Halk kand\u0131r\u0131l\u0131yor, 5 mi 6 mi belli de\u011fil sosyal medya a\u00e7\u0131klamalar\u0131 y\u00fcz\u00fcnden tutuklananlar"},"content":{"rendered":"<p>AKP\u2019li, MHP\u2019li, HDP\u2019li. IYI Partili ve \/ veya Y-CHP\u2019li karde\u015fler\u2026<br \/>\n\u00c7ok pis kand\u0131r\u0131l\u0131yoruz\u2026<br \/>\nAMAAA\u2026<br \/>\nSadece bizler de\u011fil!<\/p>\n<p>\u0130ster inan ister inanma bana\u2026<br \/>\nD\u00fcn ak<span style=\"display: inline !important; float: none; background-color: transparent; color: #333333; cursor: text; font-family: 'Libre Franklin','Helvetica Neue',helvetica,arial,sans-serif; font-size: 16px; font-style: normal; font-variant: normal; font-weight: 400; letter-spacing: normal; orphans: 2; text-align: left; text-decoration: none; text-indent: 0px; text-transform: none; -webkit-text-stroke-width: 0px; white-space: normal; word-spacing: 0px;\">\u015f<\/span>am art\u0131k dayanamad\u0131m kanal de\u011fi\u015ftirdim sonunda\u2026<br \/>\nAncak \u00e7ok \u00f6nemli bir \u015feyi \u00f6\u011frendikten sonra\u2026<br \/>\n\u0130ngiltere\u2026<br \/>\n\u00c7ok fena UYUZ ETTI BENI!!!<\/p>\n<p>\u00c7ok d\u00fc\u015f\u00fcnd\u00fcm, ara\u015ft\u0131rd\u0131m\u2026<br \/>\nSonra\u2026<br \/>\nO pezevengin herkesi AKP \u00e7at\u0131s\u0131 alt\u0131nda toplanmaya \u00e7a\u011f\u0131rmas\u0131 gibi\u2026<br \/>\nUlan ADI herif, konu AKP mi, bir siyasi parti mi YOKSA \u00fclkemiz mi?<\/p>\n<p>Alman televizyonunda bir s\u00f6yle\u015fi\u2026<br \/>\nKonu Suriye, Tayyip ordusu. Ayn\u0131 anda CNN T\u00fcrkiyeli ekranlar\u0131nda Mehter Mar\u015f\u0131 tart\u0131\u015fmas\u0131\u2026<br \/>\nHEP\u2026<br \/>\nBa\u015fkalar\u0131, HEP\u2026<br \/>\nPeki biz hi\u00e7 mi yanl\u0131\u015f yapm\u0131yoruz?<br \/>\nDiyorum ya bizlerde ONLARDA kand\u0131r\u0131l\u0131yor\u2026<br \/>\nGazeteleri bekliyorum, g\u00f6rmeniz, okuman\u0131z gerek!<\/p>\n<p><a href=\"https:\/\/www.msn.com\/de-de\/nachrichten\/politik\/erdo\u011fan-schlie\u00dft-waffenruhe-kategorisch-aus\/ar-AAIPBWG?ocid=spartanntp\" target=\"_blank\" rel=\"noopener noreferrer\">oku<\/a><\/p>\n<p>\u00d6nce bir gazetelere g\u00f6z at\u0131n, gelince devam edece\u011fim:<\/p>\n<p><img src=\"http:\/\/www.gurbuz.net\/Turk\/Sabah161019.png\" alt=\"\" \/><br \/>\n<a href=\"http:\/\/www.gurbuz.net\/Turk\/Sabah161019.png\" target=\"_blank\" rel=\"noopener noreferrer\">+<\/a><\/p>\n<p><img src=\"http:\/\/www.gurbuz.net\/Turk\/istiklal-gazetesi_2019-10-15.jpg\" alt=\"\" \/><br \/>\n<a href=\"http:\/\/www.gurbuz.net\/Turk\/istiklal-gazetesi_2019-10-15.jpg\" target=\"_blank\" rel=\"noopener noreferrer\">+<\/a><\/p>\n<p><img src=\"http:\/\/www.gurbuz.net\/Turk\/star_2019-10-16.jpg\" alt=\"\" \/><br \/>\n<a href=\"http:\/\/www.gurbuz.net\/Turk\/star_2019-10-16.jpg\" target=\"_blank\" rel=\"noopener noreferrer\">+<\/a><\/p>\n<p><strong>S\u00f6zde \u00f6zg\u00fcr bas\u0131n, dikkatle inceleyiniz l\u00fctfen<\/strong><br \/>\n<img src=\"http:\/\/www.gurbuz.net\/Turk\/sozcu_2019-10-16.jpg\" alt=\"\" \/><br \/>\n<a href=\"http:\/\/www.gurbuz.net\/Turk\/sozcu_2019-10-16.jpg\" target=\"_blank\" rel=\"noopener noreferrer\">+<\/a><\/p>\n<p><strong>EKONOMI<\/strong><br \/>\n<img src=\"http:\/\/www.gurbuz.net\/Turk\/dunya_2019-10-16.jpg\" alt=\"\" \/><br \/>\n<a href=\"http:\/\/www.gurbuz.net\/Turk\/dunya_2019-10-16.jpg\" target=\"_blank\" rel=\"noopener noreferrer\">+<\/a><\/p>\n<p><img src=\"http:\/\/www.gurbuz.net\/Turk\/evrensel_2019-10-16.jpg\" alt=\"\" \/><br \/>\n<a href=\"http:\/\/www.gurbuz.net\/Turk\/evrensel_2019-10-16.jpg\" target=\"_blank\" rel=\"noopener noreferrer\">+<\/a><\/p>\n<p><img src=\"http:\/\/www.gurbuz.net\/Turk\/birgun_2019-10-16.jpg\" alt=\"\" \/><br \/>\n<a href=\"http:\/\/www.gurbuz.net\/Turk\/birgun_2019-10-16.jpg\" target=\"_blank\" rel=\"noopener noreferrer\">+<\/a><\/p>\n<p><strong>O KADIN, yine dikkat ile incelenmesi gereken haberler<\/strong><br \/>\n<img src=\"http:\/\/www.gurbuz.net\/Turk\/cumhuriyet-2019-10-16-6Ltq.jpg\" alt=\"\" \/><br \/>\n<a href=\"http:\/\/www.gurbuz.net\/Turk\/cumhuriyet-2019-10-16-6Ltq.jpg\" target=\"_blank\" rel=\"noopener noreferrer\">+<\/a><\/p>\n<p><strong>Yerli ve \u201cmilli\u201d g\u00f6t k\u0131llar\u0131<\/strong><br \/>\n<img src=\"http:\/\/www.gurbuz.net\/Turk\/ortadogu_2019-10-16.jpg\" alt=\"\" \/><br \/>\n<a href=\"http:\/\/www.gurbuz.net\/Turk\/ortadogu_2019-10-16.jpg\" target=\"_blank\" rel=\"noopener noreferrer\">+<\/a><\/p>\n<p><strong>Konu\u015fuyor orospu, konu\u015fuyor ve yanda\u015f \u2013 yolda\u015f alk\u0131\u015fl\u0131yor<\/strong><\/p>\n<p>Onun gibi yapay\u0131m bari\u2026<br \/>\nI\u015fine geldi mi can\u0131m, ci\u011ferim, kuzu sarmas\u0131\u2026<br \/>\nGelmedi mi birileri\u2026<br \/>\nEvet, bende s\u00f6ylemi\u015ftim birilerine zaman\u0131nda ge\u00e7mi\u015f, \u00e7ocukluk diye\u2026<br \/>\nK\u0131zd\u0131, halbuki en ba\u015fta onun bilmesi gerekir ge\u00e7mi\u015fin \u00f6nemini.<\/p>\n<p>BILIYORUM\u2026<br \/>\nBile bile yaz\u0131yorum yanl\u0131\u015f anlayaca\u011f\u0131n\u0131z\u0131\u2026<br \/>\nBile bile\u2026<br \/>\nKimse olmas\u0131n Amerikal\u0131lar gibi bayrak manya\u011f\u0131.<\/p>\n<p>Eyvallah bizde sever, sayar\u0131z al bayra\u011f\u0131m\u0131z\u0131 ama\u2026<br \/>\nZamanlamam\u0131z k\u00f6t\u00fc\u2026<br \/>\nYerli ve yersiz kullan\u0131m\u0131 a\u011fr\u0131t\u0131yor ba\u015f\u0131m\u0131z\u0131!!!<\/p>\n<p>Heyyy\u2026<br \/>\nHop dedik, kendine gel kar\u0131\u015flatma bana aln\u0131n\u0131\u2026<br \/>\nNe laf ettiririm bayra\u011f\u0131ma ne sevdiklerime, kalbimde olanlara ne vatana, millete ne topra\u011f\u0131ma\u2026<br \/>\n\u00d6nce oku, anla s\u00f6zlerimi varsa bir diyece\u011fin s\u00f6ylersin sonra\u2026<br \/>\nFark\u0131nda m\u0131s\u0131n, bilincinde?<br \/>\nNeredeyse bir y\u00fczy\u0131l olacak, yok ya benimkisi de laf m\u0131?<br \/>\nBilmezsin kendi tarihini, nereden fak\u0131nda, bilincinde olacaks\u0131n co\u011frafyadan\u2026<br \/>\nSen ki Osmanl\u0131y\u0131 bile Muhte\u015fem Y\u00fczy\u0131ldan \u00f6\u011frenen\u2026<br \/>\nNerede bileceksin ger\u00e7ekleri, olacaks\u0131n bilincinde\u2026<br \/>\nNereden???<br \/>\nDinlersin aval aval bir Kas\u0131mpa\u015fal\u0131y\u0131, Osmanl\u0131 \u00f6zentisi seni\u2026<br \/>\nAnlatm\u0131\u015ft\u0131m Amerikal\u0131 m\u00fcmk\u00fcn oldu\u011fu kadar etkisiz k\u0131lmaya \u00e7al\u0131\u015f\u0131yor Frans\u0131z\u2019\u0131\u2026<br \/>\nYa Frans\u0131z ve \u0130ngiliz\u2026<br \/>\nDevralmad\u0131 mi Osmanl\u0131dan co\u011frafyan\u0131n sorumlulu\u011funu?<\/p>\n<p>K\u0131\u00e7\u0131 k\u0131r\u0131k ile birlikte etkisini b\u00f6lgede iyice kaybeden \u0130ngiltere\u2026<br \/>\nAnla\u015f\u0131lan bir \u015fekilde sar\u0131l\u0131yor Tayyipistana\u2026<br \/>\n\u00c7\u00fcnk\u00fc\u2026<br \/>\nUluslararas\u0131 ili\u015fkilerde\u2026<br \/>\n&gt;&gt;&gt; ge\u00e7mi\u015ften gelen bir rekabettir s\u00f6z konusu olan &lt;&lt;&lt;<br \/>\nVe bilindi\u011fi \u00fczere Frans\u0131z\u2026<br \/>\n\u0130ngiltere\u2019ye ASLA Frans\u0131z kalmad\u0131, tabii tersi de s\u00f6z konusu.<\/p>\n<p>Ve yine bir\u2026<br \/>\nGe\u00e7mi\u015ften bug\u00fcnlere durumu\u2026<br \/>\n\u00c7okbilmi\u015fim\u2026<br \/>\nBilmem bunu da ka\u00e7 kez dile getirmi\u015fim\u2026<br \/>\nDile getirdim de INAN duyunca \u00f6nce \u015fa\u015f\u0131rd\u0131m, sonra toparlad\u0131m kendimi\u2026<br \/>\nBildi\u011fim, anlatt\u0131\u011f\u0131m halde, EMINIM anlatt\u0131\u011f\u0131m\u0131, en az\u0131ndan de\u011findim konuya\u2026<br \/>\n\u015ea\u015f\u0131rmam\u0131n nedeni; kafa gitti kafa!<\/p>\n<p>Bu a\u011fr\u0131lar, ac\u0131lar bitirdi beni.<\/p>\n<p>Alman koydu ya silah ambargosu\u2026<br \/>\nBu y\u00fczden rahat pezevenkler\u2026<br \/>\n\u0130ngiliz\u2019den nas\u0131lsa almaya devam edecek, Almanda\u2026<br \/>\nAmbargo karar\u0131 alana kadar olan t\u00fcm s\u00f6zle\u015fmeler, anla\u015fmalara sadik kalacak\u2026<br \/>\nDaha iyi anlaman i\u00e7in, hani \u00e7ok sevindi ya bademler\u2026<br \/>\nVW\u2026<br \/>\nYok iptal etmedi karar\u0131, ask\u0131ya ald\u0131\u2026<br \/>\nTayyip\u2019in akli ba\u015f\u0131na gelene kadar\u2026.<br \/>\nYani\u2026<br \/>\n\u00c7\u0131kmaz ay\u0131n son \u00e7ar\u015fambas\u0131na kadar!<\/p>\n<p>D\u00f6nelim konumuza\u2026<br \/>\nBir yabanc\u0131 \u00fclkeye askeri m\u00fcdahale \u00f6ncesi mehter mar\u015f\u0131\u2026<br \/>\nMillet bundan ne gibi sonu\u00e7lar \u00e7\u0131kar\u0131r, sen olsan ne d\u00fc\u015f\u00fcn\u00fcrs\u00fcn?<br \/>\nBAK buraya dikkat et, IYI ANLA\u2026<br \/>\nK\u0131lavuzu karga olan\u0131n burnu boktan \u00e7\u0131kmazm\u0131\u015f der atalar\u2026<br \/>\nDo\u011fru derler.<\/p>\n<p>Polonya\u2019da iktidar partisi\u2026<br \/>\nNe zaman isimlerini duysam televizyonda akl\u0131ma \u00e7i\u015f gelir\u2026<br \/>\nTamam, biri bir di\u011feri iki \u201cs\u201d ile yaz\u0131l\u0131r ama\u2026<br \/>\n\u00c7i\u015f mi \u00e7i\u015f karde\u015fim, \u00e7i\u015f!<\/p>\n<p>Almancada piss demek emir kipi olarak \u00e7i\u015fini yap demek\u2026<br \/>\nPiss da hin\u2026<br \/>\nPartinin ismi PiS, okunu\u015fu, telaffuzu ayni!<br \/>\nNOKTA<\/p>\n<p>Neden anlatt\u0131m bunlar\u0131 sizlere, ne ilgisi var bayrakla?<\/p>\n<p><strong>Dedim ya sonunda kanal de\u011fi\u015ftirdim, g\u00fcc\u00fcme gidiyor s\u00f6ylenenler\u2026<br \/>\nA\u011fr\u0131ma\u2026<br \/>\nBen y\u00fcz\u00fcme t\u00fck\u00fcr\u00fcld\u00fc\u011f\u00fc zaman yarabbi \u015f\u00fck\u00fcr diyenlerden de\u011filim\u2026<br \/>\nY\u00fczs\u00fcz hi\u00e7 de\u011filim, utanmas\u0131n\u0131 bilirim\u2026<br \/>\nUtanc\u0131mdan yerin yedi kat dibine batmak isterim<\/strong>.<\/p>\n<p>Ne harek\u00e2t\u0131yd\u0131 ne harek\u00e2tt\u0131?<br \/>\nBar\u0131\u015f P\u0131nar\u0131\u2026<br \/>\nAnan\u0131 avrad\u0131n\u0131 sikeyim senin, YETMEZ\u2026<br \/>\nA\u011fz\u0131n\u0131 y\u00fcz\u00fcn\u00fc de sikmeli!<\/p>\n<p>Allah\u2019\u0131m insanlar neler neler s\u00f6yl\u00fcyorlar\u2026<br \/>\nMillete ne oralardaki p\u0131narlardan?<br \/>\nD\u00fc\u015f\u00fcncesiz hayvanlar\u2026<br \/>\nKan ak\u0131yor oralarda kan!<\/p>\n<p>Her f\u0131rsatta bayrak, eyvallah\u2026<br \/>\nKol k\u0131r\u0131l\u0131r yen i\u00e7inde kal\u0131r!<\/p>\n<p>Ama bu\u2026<br \/>\nUluslararas\u0131, devletler aras\u0131 bir operasyon\u2026<br \/>\nD\u00fc\u015f\u00fcncesiz hayvan\u2026<br \/>\nTravma nedir bilir misin?<br \/>\nHala\u2026<br \/>\nAvrupa\u2019da kimi s\u00f6ylemler, deyimler\u2026<br \/>\nKimi hikayeler vard\u0131r\u2026<br \/>\nUnutulmam\u0131\u015ft\u0131r\u2026<br \/>\n\u0130yi de\u011filim, belki konuyu bir ara yine ele al\u0131r\u0131m\u2026<br \/>\nK\u0131sa kesece\u011fim, umar\u0131m ne anlatmaya \u00e7al\u0131\u015ft\u0131\u011f\u0131m\u0131 anlad\u0131n\u0131z\u2026<br \/>\nMozart* bile etkisinde kalm\u0131\u015f.<\/p>\n<p><iframe loading=\"lazy\" width=\"525\" height=\"394\" src=\"https:\/\/www.youtube.com\/embed\/HMjQygwPI1c?feature=oembed\" frameborder=\"0\" allow=\"accelerometer; autoplay; encrypted-media; gyroscope; picture-in-picture\" allowfullscreen><\/iframe><\/p>\n<p>Son bir s\u00f6z s\u00f6ylemek isterim\u2026<br \/>\nOrada olsun, burada\u2026<br \/>\nFaydal\u0131 budalalar \u00f6le bir kand\u0131r\u0131l\u0131yor \u00f6yle bir aldat\u0131l\u0131yor ki\u2026<br \/>\nYalanla, dolanla akliniz durur.<\/p>\n<p>*T\u00fcrk Mar\u015f\u0131 (\u00f6zg\u00fcn ad\u0131: Rondo alla Turca), Wolfgang Amadeus Mozart&#8217;\u0131n bir bestesidir.<br \/>\nT\u00fcrklerin Avrupa&#8217;da hayranl\u0131k uyand\u0131rd\u0131\u011f\u0131 o y\u0131llarda, Mehter Mar\u015f\u0131&#8217;ndaki ritimden esinlenen Mozart, 1783 y\u0131l\u0131nda 11 numaral\u0131 la maj\u00f6r piyano sonat\u0131&#8217;n\u0131n (K. 311) 3. b\u00f6l\u00fcm\u00fcnde &#8222;Rondo alla Turca&#8220; (T\u00fcrk Mar\u015f\u0131)&#8217;n\u0131 besteler. Bu beste halen, T\u00fcrkiye Cumhuriyeti&#8217;nin t\u00fcm \u00f6zel davetlerinin yan\u0131 s\u0131ra, \u00fclke tan\u0131t\u0131m\u0131nda kullan\u0131lmaktad\u0131r. <\/p>\n","protected":false},"excerpt":{"rendered":"<p>AKP\u2019li, MHP\u2019li, HDP\u2019li. IYI Partili ve \/ veya Y-CHP\u2019li karde\u015fler\u2026 \u00c7ok pis kand\u0131r\u0131l\u0131yoruz\u2026 AMAAA\u2026 Sadece bizler de\u011fil! \u0130ster inan ister inanma bana\u2026 D\u00fcn ak\u015fam art\u0131k dayanamad\u0131m kanal de\u011fi\u015ftirdim sonunda\u2026 Ancak \u00e7ok \u00f6nemli bir \u015feyi \u00f6\u011frendikten sonra\u2026 \u0130ngiltere\u2026 \u00c7ok fena UYUZ ETTI BENI!!! \u00c7ok d\u00fc\u015f\u00fcnd\u00fcm, ara\u015ft\u0131rd\u0131m\u2026 Sonra\u2026 O pezevengin herkesi AKP \u00e7at\u0131s\u0131 alt\u0131nda toplanmaya \u00e7a\u011f\u0131rmas\u0131 gibi\u2026 &hellip; <\/p>\n<p class=\"link-more\"><a href=\"http:\/\/wordpress.gurbuz.net\/?p=29885\" class=\"more-link\"><span class=\"screen-reader-text\">\u201eHalk kand\u0131r\u0131l\u0131yor, 5 mi 6 mi belli de\u011fil sosyal medya a\u00e7\u0131klamalar\u0131 y\u00fcz\u00fcnden tutuklananlar\u201c<\/span> weiterlesen<\/a><\/p>\n","protected":false},"author":1,"featured_media":0,"comment_status":"open","ping_status":"open","sticky":false,"template":"","format":"standard","meta":[],"categories":[1],"tags":[],"_links":{"self":[{"href":"http:\/\/wordpress.gurbuz.net\/index.php?rest_route=\/wp\/v2\/posts\/29885"}],"collection":[{"href":"http:\/\/wordpress.gurbuz.net\/index.php?rest_route=\/wp\/v2\/posts"}],"about":[{"href":"http:\/\/wordpress.gurbuz.net\/index.php?rest_route=\/wp\/v2\/types\/post"}],"author":[{"embeddable":true,"href":"http:\/\/wordpress.gurbuz.net\/index.php?rest_route=\/wp\/v2\/users\/1"}],"replies":[{"embeddable":true,"href":"http:\/\/wordpress.gurbuz.net\/index.php?rest_route=%2Fwp%2Fv2%2Fcomments&post=29885"}],"version-history":[{"count":23,"href":"http:\/\/wordpress.gurbuz.net\/index.php?rest_route=\/wp\/v2\/posts\/29885\/revisions"}],"predecessor-version":[{"id":29916,"href":"http:\/\/wordpress.gurbuz.net\/index.php?rest_route=\/wp\/v2\/posts\/29885\/revisions\/29916"}],"wp:attachment":[{"href":"http:\/\/wordpress.gurbuz.net\/index.php?rest_route=%2Fwp%2Fv2%2Fmedia&parent=29885"}],"wp:term":[{"taxonomy":"category","embeddable":true,"href":"http:\/\/wordpress.gurbuz.net\/index.php?rest_route=%2Fwp%2Fv2%2Fcategories&post=29885"},{"taxonomy":"post_tag","embeddable":true,"href":"http:\/\/wordpress.gurbuz.net\/index.php?rest_route=%2Fwp%2Fv2%2Ftags&post=29885"}],"curies":[{"name":"wp","href":"https:\/\/api.w.org\/{rel}","templated":true}]}}