{"id":2982,"date":"2017-10-15T10:29:58","date_gmt":"2017-10-15T10:29:58","guid":{"rendered":"http:\/\/wordpress.gurbuz.net\/?p=2982"},"modified":"2017-10-15T10:33:02","modified_gmt":"2017-10-15T10:33:02","slug":"oezcan-bey-makalesinin-tercuemesi","status":"publish","type":"post","link":"http:\/\/wordpress.gurbuz.net\/?p=2982","title":{"rendered":"\u00d6zcan Bey makalesinin terc\u00fcmesi"},"content":{"rendered":"<p>Erdo\u011fan\u2019\u0131n zaman ayarl\u0131 bombas\u0131 (saatli bombas\u0131)<\/p>\n<p>T\u00fcrkiye ile Amerika aras\u0131ndaki \u201canla\u015fmazl\u0131k\u201d1 esas itibar\u0131yla \u00f6zellikle bir adam, Reza Zarrab ile ilgili. Reza Zarrab, Irana y\u00f6nelik yapt\u0131r\u0131mlar\u01312 T\u00fcrk h\u00fck\u00fcmet menfaatleri do\u011frultusunda baypas etmi\u015ftir.<br \/>\nBu konuda ifade verdi\u011fi takdirde Erdo\u011fan zora d\u00fc\u015fecektir.<br \/>\nAmerika \u2013 T\u00fcrkiye aras\u0131nda ya\u015fanan en b\u00fcy\u00fck krizdir. <\/p>\n<p>Devam edecek&#8230;<\/p>\n<p>1. Kelime anla\u015fmazl\u0131k olarak terc\u00fcme edilebilir, ancak burada c\u00fcmle i\u00e7indeki anlam\u0131 bak\u0131m\u0131ndan do\u011frusu kavga, didi\u015fme olmal\u0131.<br \/>\n2. Uluslararas\u0131 ambargoyu <\/p>\n","protected":false},"excerpt":{"rendered":"<p>Erdo\u011fan\u2019\u0131n zaman ayarl\u0131 bombas\u0131 (saatli bombas\u0131) T\u00fcrkiye ile Amerika aras\u0131ndaki \u201canla\u015fmazl\u0131k\u201d1 esas itibar\u0131yla \u00f6zellikle bir adam, Reza Zarrab ile ilgili. Reza Zarrab, Irana y\u00f6nelik yapt\u0131r\u0131mlar\u01312 T\u00fcrk h\u00fck\u00fcmet menfaatleri do\u011frultusunda baypas etmi\u015ftir. Bu konuda ifade verdi\u011fi takdirde Erdo\u011fan zora d\u00fc\u015fecektir. Amerika \u2013 T\u00fcrkiye aras\u0131nda ya\u015fanan en b\u00fcy\u00fck krizdir. Devam edecek&#8230; 1. Kelime anla\u015fmazl\u0131k olarak terc\u00fcme edilebilir, &hellip; <\/p>\n<p class=\"link-more\"><a href=\"http:\/\/wordpress.gurbuz.net\/?p=2982\" class=\"more-link\"><span class=\"screen-reader-text\">\u201e\u00d6zcan Bey makalesinin terc\u00fcmesi\u201c<\/span> weiterlesen<\/a><\/p>\n","protected":false},"author":1,"featured_media":0,"comment_status":"closed","ping_status":"closed","sticky":false,"template":"","format":"standard","meta":[],"categories":[1],"tags":[],"_links":{"self":[{"href":"http:\/\/wordpress.gurbuz.net\/index.php?rest_route=\/wp\/v2\/posts\/2982"}],"collection":[{"href":"http:\/\/wordpress.gurbuz.net\/index.php?rest_route=\/wp\/v2\/posts"}],"about":[{"href":"http:\/\/wordpress.gurbuz.net\/index.php?rest_route=\/wp\/v2\/types\/post"}],"author":[{"embeddable":true,"href":"http:\/\/wordpress.gurbuz.net\/index.php?rest_route=\/wp\/v2\/users\/1"}],"replies":[{"embeddable":true,"href":"http:\/\/wordpress.gurbuz.net\/index.php?rest_route=%2Fwp%2Fv2%2Fcomments&post=2982"}],"version-history":[{"count":2,"href":"http:\/\/wordpress.gurbuz.net\/index.php?rest_route=\/wp\/v2\/posts\/2982\/revisions"}],"predecessor-version":[{"id":2984,"href":"http:\/\/wordpress.gurbuz.net\/index.php?rest_route=\/wp\/v2\/posts\/2982\/revisions\/2984"}],"wp:attachment":[{"href":"http:\/\/wordpress.gurbuz.net\/index.php?rest_route=%2Fwp%2Fv2%2Fmedia&parent=2982"}],"wp:term":[{"taxonomy":"category","embeddable":true,"href":"http:\/\/wordpress.gurbuz.net\/index.php?rest_route=%2Fwp%2Fv2%2Fcategories&post=2982"},{"taxonomy":"post_tag","embeddable":true,"href":"http:\/\/wordpress.gurbuz.net\/index.php?rest_route=%2Fwp%2Fv2%2Ftags&post=2982"}],"curies":[{"name":"wp","href":"https:\/\/api.w.org\/{rel}","templated":true}]}}