{"id":2916,"date":"2017-10-12T12:24:35","date_gmt":"2017-10-12T12:24:35","guid":{"rendered":"http:\/\/wordpress.gurbuz.net\/?p=2916"},"modified":"2017-10-14T05:55:44","modified_gmt":"2017-10-14T05:55:44","slug":"les-miserables-veya-ipek-yolu-2-0","status":"publish","type":"post","link":"http:\/\/wordpress.gurbuz.net\/?p=2916","title":{"rendered":"Les Mis\u00e9rables veya \u0130pek Yolu 2.0"},"content":{"rendered":"<p>Okudunuz mu bilmem?<br \/>\nVictor Hugo\u2019nun Sefiller roman\u0131n\u0131\u2026<br \/>\nBir lokma ekmek, ailesi, belki kendi i\u00e7in \u00e7ald\u0131\u011f\u0131 bir lokma ekmek\u2026<br \/>\nVe\u2026<br \/>\nMacera ba\u015flar.<\/p>\n<p>Ailem\u2026<br \/>\n\u00d6yle g\u00f6rd\u00fcm, b\u00f6yle b\u00fcy\u00fcd\u00fcm. \u0130\u011fne ucu var ya, i\u011fnenin ucu\u2026<br \/>\nHani deyim bile var\u2026<br \/>\n\u0130\u011fne ucuyla kuyu kazmak. \u0130\u015fte \u00f6yle geldi, geliyor ekmek sofram\u0131za. Kaderin cilvesi olsa gerek\u2026<br \/>\nGelin, kaynana topra\u011f\u0131ndan olurmu\u015f. Han\u0131mda terzi\u2026<br \/>\nEl eme\u011fi, g\u00f6z nuru. Veya\u2026<br \/>\nYine g\u00f6z ve bilgi, b\u00f6yle yuvarlad\u0131k y\u0131llarca gurbet elde, bir ba\u015f\u0131na.<\/p>\n<p>Ba\u015fkalar\u0131 gibi s\u00fcr\u00fc sepet gelmedik buralara. Sefillerin farkl\u0131 bir s\u00fcr\u00fcm\u00fcd\u00fcr\u2026<br \/>\nBizlerin buralarda ya\u015fant\u0131s\u0131. Ger\u00e7i T\u00fcrkiye\u2019de de ya\u015fam \u015fartlar\u0131 de\u011fi\u015fmeye ba\u015flad\u0131\u2026<br \/>\nKad\u0131n oldu erkek, erkek bir yerde kad\u0131n\u2026<br \/>\nTek tabanca, geride kald\u0131, mazide. Evet, evet ge\u00e7mi\u015fe mazi derler\u2026<br \/>\nGeriye d\u00f6n\u00fcp bakma, ufukta\u2026<br \/>\nG\u00f6z\u00fcn g\u00f6rebildi\u011fi son noktada ne var onu s\u00f6yle bana.<\/p>\n<p>Herkesin annesi de\u011ferlidir, herkesin annesi bir tanedir\u2026<br \/>\nBenim kara Mediha\u2019m, O da benim de\u011ferlim, hepimizin\u2026<br \/>\nBu sabah, asl\u0131nda her sabah yapt\u0131\u011f\u0131m gibi \u00f6nce gittim han\u0131m yan\u0131na, uyuyor daha, oh s\u0131cac\u0131k\u2026<br \/>\nDONMU\u015eUM\u2026<br \/>\nKucak yapay\u0131m dedim kad\u0131na, bir i\u015f\u015f\u015f\u2026<br \/>\nA\u011flamakl\u0131 bir sesle:<br \/>\n\u201cYa ben ne yap\u0131t\u0131mda b\u00f6yle bir adam\u0131 hak ettim? \u00d6l\u00fc elli gibi\u2026\u201d<br \/>\nBir \u015feyler s\u00f6yleyecektim, yutkundum, K\u0131zd\u0131m!<\/p>\n<p>Kalkt\u0131m do\u011fru annemin odas\u0131na\u2026<br \/>\nPeksimet (Zwieback) canavar\u0131\u2026<br \/>\nS\u00fct d\u00fc\u015fman\u0131, \u00fcz\u00fcm delisi\u2026<br \/>\nAnanay yolcu ya, bir haftadan beri bizde, dada\u2026<br \/>\nAyn\u0131 ben, \u00e7oktan uyanm\u0131\u015f, kad\u0131n\u0131 aya\u011fa dikmi\u015f pi\u015fti oynuyorlar\u2026<br \/>\nKalk ulan anam\u0131n yan\u0131ndan dedim, \u015faka ile kar\u0131\u015f\u0131k Sadri Al\u0131\u015f\u0131k\u2026<br \/>\nF\u0131rlad\u0131 yataktan, ge\u00e7ti kar\u015f\u0131 divana, zaten donuyorum, yatt\u0131m annemin kuca\u011f\u0131na\u2026<br \/>\nBak\u0131\u015flar\u2026<br \/>\n\u0130nsan \u00f6ld\u00fcrebilse \u00e7oktan e\u015fek cennetini boylam\u0131\u015ft\u0131m, annemde mahsus mu yapt\u0131 ne, ba\u015flad\u0131 sa\u00e7lar\u0131m\u0131 ok\u015famaya. Hop oturuyor hop kalk\u0131yor bizim ki, k\u0131skand\u0131\u2026<\/p>\n<p>Usul usul yakla\u015f\u0131yor bize\u2026<br \/>\nNiyeti beni kald\u0131r\u0131p kendisi girecek ananay yan\u0131na, kalkar m\u0131y\u0131m hi\u00e7?<br \/>\nBir bakt\u0131m,<br \/>\nBremen\u2019e m\u0131z\u0131kac\u0131lar\u0131 gibi, ben annemin kuca\u011f\u0131nda, O benim \u00fcst\u00fcmde.<\/p>\n<p>Neyse kalkt\u0131m\u2026<br \/>\nDiyorum ya &gt;&gt;&gt; AYNI ben &lt;&lt;&lt; \u00e7\u0131km\u0131\u015ft\u0131m odadan, az sonra\u2026<br \/>\nBir pat\u0131rt\u0131 g\u00fcr\u00fclt\u00fc, a\u011flama, hayk\u0131rma\u2026<br \/>\nUlan ne oluyor diye do\u011fru odaya\u2026<br \/>\nAnnem\u2026<br \/>\nYa ger\u00e7ekten \u00e7ok k\u00f6t\u00fc kad\u0131n\u2026<br \/>\nHepimiz b\u00f6yle yeti\u015ftik, hepimiz\u2026<br \/>\nDada\u2019mi kand\u0131r\u0131yor, s\u00f6zde T\u00fcrkiye\u2019de ba\u015fka bir torunu varm\u0131\u015f, onu sevmeye gidecekmi\u015f falan\u2026<br \/>\n\u00c7ocuk kahroluyor, iki g\u00f6z\u00fc iki \u00e7e\u015fme, sadist ya\u2026<br \/>\nBana ba\u015fka birilerini hat\u0131rlat\u0131yor, gelin\u2026<br \/>\nKaynana topra\u011f\u0131ndan olur!<\/p>\n<p>\u0130\u015fte bu insanla\u2026<br \/>\nAna \u2013 o\u011ful gibi de\u011fil, dost\u00e7a \u00e7ok sohbetlerimiz olmu\u015ftur\u2026<br \/>\nDertle\u015fir benimle, ben onunla\u2026<br \/>\nRahmetli babam\u0131n s\u00f6z\u00fcd\u00fcr\u2026<br \/>\n\u201cBeraber b\u00fcy\u00fcd\u00fcn\u00fcz\u201d<\/p>\n<p>Bana demi\u015ftir bir keresinde\u2026<br \/>\n&#8222;Sizler (yani ben, karde\u015fim ve torunlar\u0131) a\u00e7 kalsan\u0131z, \u00e7al\u0131\u015famasam\u2026<br \/>\nSizler i\u00e7in h\u0131rs\u0131zl\u0131k yapar\u0131m!&#8220;<\/p>\n<p>Yapar m\u0131?<br \/>\nYalan\u0131m varsa, ak\u015fama \u00e7\u0131kmayay\u0131m\u2026<br \/>\nYAPAR! G\u00f6z\u00fcn\u00fc bir anl\u0131\u011f\u0131na bile olsa k\u0131rpmadan yapar\u2026<br \/>\nKim yapmaz?<\/p>\n<p>\u00c7ok insan var biliyor musunuz \u00fclke hapishanesinde\u2026<br \/>\nEkmek \u00e7ald\u0131, yiyecek \u00e7ald\u0131 diye hapishanede \u00e7\u00fcr\u00fcyen\u2026<br \/>\nG\u0131da\u2026<br \/>\nEn temel ihtiya\u00e7, yok i\u015f bulam\u0131yorsan, ger\u00e7ekten aray\u0131p bulam\u0131yorsan\u2026<br \/>\nKi, kendimden biliyorum, oluyor bazen b\u00f6yle \u015feyler\u2026<br \/>\nE\u015f, dost, h\u0131s\u0131m \u2013 akraba yard\u0131m edemiyor veya etmiyorsa, devlet dedi\u011fin devlet de\u011filse\u2026<br \/>\nS\u00f6yle\u2026<br \/>\nA\u00e7 olan evlad\u0131n g\u00f6zlerine bakt\u0131ktan sonra, sen olsan ne yapars\u0131n?<\/p>\n<p>Ge\u00e7mi\u015f kar\u015f\u0131m\u0131za\u2026<br \/>\nB\u0131rak, b\u0131rak zorunlu bir hal olmad\u0131ktan sonra h\u0131rs\u0131zl\u0131k yapmas\u0131n\u0131\u2026<br \/>\nH\u0131rs\u0131zl\u0131k, ars\u0131zl\u0131k yap\u0131lmas\u0131na g\u00f6z yumdu\u011funa\u2026<br \/>\nKendine, sanki \u00e7ok matah bir b.kmu\u015f gibi, kendine Tanr\u0131n\u0131n yery\u00fcz\u00fcndeki s\u0131fat\u0131\u2026<br \/>\nPeygamber Efendimizin soyundan geldi\u011fine dair rivayeti\u2026<br \/>\nYa\u2026<br \/>\nBu kadar g\u00fcl\u00fcn\u00e7 ve tuhaf olmasa\u2026<br \/>\nKendine d\u00fcnya lideri dedirtmesine varana kadar neler neler dedirtmedi, s\u00f6yletmedi.<\/p>\n<p>\u015eeyh u\u00e7maz\u2026<br \/>\nM\u00fcritleri u\u00e7urur!<\/p>\n<p>Yapt\u0131klar\u0131\u2026<br \/>\nYapacaklar\u0131n\u0131n teminat\u0131d\u0131r derler ya, ahhh\u2026<br \/>\nKendi i\u00e7inde \u015fu tezatt\u0131 ya\u015famasa, millete ya\u015fatmasa. YALAN\u2026<br \/>\nHeriflerin hayat\u0131 yalan, bir hayal \u00e2lemi\u2026<br \/>\nMavi ak\u0131m projeleri, yok kanal \u0130stanbul bilmem neleri, en son bu sabah duydunuz mu bilmem\u2026<br \/>\n\u00c7ocuklu\u011fumun bir k\u0131sm\u0131n\u0131 ge\u00e7irdi\u011fim G\u00fclhane park\u0131ndan sonra, Topkap\u0131 Saray\u0131 imara a\u00e7\u0131lacak\u2026<br \/>\nBirinci derece arkeolojik sit alan\u0131ndan, \u00fc\u00e7\u00fcnc\u00fc dereceye indirdiler. Kendi atas\u0131n\u0131 SATAN\u2026<br \/>\nYeri geldi\u011finde anas\u0131n\u0131n g.t\u00fcn\u00fc, kar\u0131s\u0131n\u0131n bilmem nesini satmaz m\u0131?<\/p>\n<p>Neyse\u2026<br \/>\nBiz onu bunu bir tarafa b\u0131rakarak kimi tarihi ger\u00e7ekleri hat\u0131rlad\u0131ktan sonra yine g\u00fcn\u00fcm\u00fcze d\u00f6nelim&#8230;<br \/>\nAmerika\u2019n\u0131n ke\u015ffi\u2026<br \/>\nOsmanl\u0131 denilen O ne oldu\u011fu belirsiz olu\u015fumun T\u00fcrk olup, olmad\u0131\u011f\u0131\u2026<br \/>\nKolomb\u2019un, Osmanl\u0131dan ger\u00e7ekten maddi destek isteyip, istemedi\u011fini hepsini bitaraf edelim\u2026<br \/>\n\u0130pek yolu\u2026<br \/>\nYakla\u015f\u0131k 6400 kilometre uzunlu\u011funda tarihi bir ticaret yoluydu. \u00c7in\u2019den Avrupa\u2019ya uzanan bir yol\u2026<br \/>\n\u0130ktisadi geli\u015fme\u2026<br \/>\n\u00d6ncelikle haberle\u015fme, ula\u015f\u0131m ve g\u00fcvenlik gibi olgular\u0131 i\u00e7erdi\u011fi gibi, beraberinde refah\u0131, istikrar\u0131 bir noktaya kadar huzuru beraberinde getirir ve gerektirir. Serbest ticaret\u2026<br \/>\n\u0130leride, b\u0131rak dini gerek\u00e7eleri bir tarafa ha\u00e7l\u0131 seferlerinin ger\u00e7ek nedenleri aras\u0131nda olacakt\u0131r.<\/p>\n<p>Tarihi ipek yolu\u2026<br \/>\nAsl\u0131nda bir\u00e7ok de\u011fi\u015fik rota ile ille Avrupa\u2019ya ula\u015fma gayretlerinin bir neticesidir\u2026<br \/>\nHedef, adi \u00fczerinde \u00f6ncelikle ipe\u011fi Avrupa\u2019ya ula\u015ft\u0131rmakt\u0131. Evet, Uzakdo\u011fu\u2019da ba\u015flayan ve Levant\u2019a ula\u015fmaya \u00e7al\u0131\u015fan bir yol. Levant\u2026<br \/>\nFrans\u0131zcadan t\u00fcreyen bir tan\u0131mlama, tam terc\u00fcmesi asl\u0131nda\u2026<br \/>\nG\u00fcn do\u011fu\u015fudur, kast edilen Ortado\u011fu\u2026<br \/>\nToros da\u011flar\u0131n\u0131n g\u00fcneyinden, Ortado\u011fu k\u0131y\u0131 \u015feridinin kimi yerlerini i\u00e7erir. \u0130pek yolu\u2026<br \/>\n\u00dclkemizin g\u00fcneyinden ve kuzeyinden ge\u00e7en bir yol olsa bile, mesela Almanlar\u0131n tabiri ile\u2026<br \/>\nK\u00fc\u00e7\u00fck Asya\u2019ya h\u00fck\u00fcm edenler bu g\u00fczerg\u00e2h i\u00e7in b\u00fcy\u00fck tehlikeydi, tehlike bile olmasa g\u00fcmr\u00fck istemleri rahats\u0131zl\u0131k vermekle birlikte \u00c7ine yeni bir yol bulman\u0131n d\u00fcrt\u00fcs\u00fcyd\u00fc.<\/p>\n<p>900 milyar dolarl\u0131k bir proje\u2026<br \/>\n\u0130kinci d\u00fcnya sava\u015f\u0131ndan sonra, Marshall plan\u0131 diye tarihe ge\u00e7en yat\u0131r\u0131m hamlesinden sonra\u2026<br \/>\nD\u00fcnyan\u0131n g\u00f6rd\u00fc\u011f\u00fc en b\u00fcy\u00fck giri\u015fim, bir proje\u2026<br \/>\n\u201cBizim\u201d badem b\u0131y\u0131kl\u0131lar\u0131n, has o\u011flan\u0131n palavralar\u0131n\u0131n aksine ya\u015fama ge\u00e7irildi bile\u2026<br \/>\nAyr\u0131nt\u0131lar\u0131na ge\u00e7elim\u2026<br \/>\nBakmay\u0131n siz onlar\u0131n demir a\u011flarla \u00f6rd\u00fck yurdu, her tarafa yol yapt\u0131k dediklerine. H\u00fcsranla sonu\u00e7lanan h\u0131zl\u0131 tren projeleri hala ak\u0131llarda. Keza yollar\u2026<br \/>\nTamam yapt\u0131lar\u2026<br \/>\nGel sor hele nas\u0131l yapt\u0131lar yollar\u0131, t\u00fcnenleri, Karadeniz sahil yolunu, sor bir\u2026<br \/>\nVE\u2026<br \/>\nHangi kalitede?!<\/p>\n<p>Yanda\u015f, yolda\u015f doyurma projeleridir onlar, cepler doldu ya, ehhh\u2026<br \/>\nKalite\u2026<br \/>\nNe gere\u011fi var, tamirat\u0131, tadilat\u0131 gelir kap\u0131s\u0131\u2026<br \/>\nBerlusconi \u0130talya\u2019s\u0131, yol mafyas\u0131(!)<\/p>\n<p>2013 y\u0131l\u0131nda, Xi Jinping\u2026<br \/>\nTaraf\u0131ndan, bir Kazakistan ziyaretinde ilan edildi:<br \/>\n\u0130pek Yolu 2.0<\/p>\n<p>Biliyorum\u2026<br \/>\nHep uyar\u0131yorsunuz beni, \u00e7ok sert yaz\u0131yormu\u015fum\u2026<br \/>\n\u0130lginizden \u00f6t\u00fcr\u00fc \u015f\u00fckran\u0131 bor\u00e7 bilirim AMA\u2026<br \/>\nKarde\u015f\u2026<br \/>\nYalan m\u0131? S\u00f6yle yalan m\u0131?<br \/>\nDevletin i\u00e7ine cemaatleri yerle\u015ftirdikleri gibi, moda deyim ile paralelleri\u2026<br \/>\nHen\u00fcz pek g\u00f6ze batmad\u0131, \u00e7ete ba\u015f\u0131n\u0131n devlet i\u00e7eresinde &gt;&gt;&gt; k\u00f6k salmas\u0131na &lt;&lt;&lt; izin verdi\u011fi\u2026<br \/>\nMafyala\u015fma, yok be ya, derin devletten s\u00f6z etmiyorum, resmen MAFYA\u2026<br \/>\nDerin devlet ba\u015fka, g\u00f6rev ve y\u00f6ntemleri bamba\u015fka\u2026<br \/>\nBunlar, MAFYA!<\/p>\n<p>Neyse\u2026<br \/>\nKonumuza d\u00f6nelim\u2026<br \/>\nAma dur bir dakika\u2026<br \/>\nAkl\u0131ma gelmi\u015fken, derin devlet dedik ya\u2026<br \/>\n&gt;&gt;&gt; P2 &lt;&lt;&lt;<br \/>\nPropaganda Due\u2026<br \/>\nBa\u015fka bir makalenin konusu olacak ve BIR SORU\u2026<br \/>\nYine bu sabah haberlerden ge\u00e7ti, hani bir Nasrettin Hoca vard\u0131, \u00f6ld\u00fc\u2026<br \/>\nHani bu yav\u015fa\u011f\u0131n bir nevi babas\u0131, karde\u015finle birlikte sonunda onu s\u0131rt\u0131ndan b\u0131\u00e7aklad\u0131lar hani\u2026<br \/>\n\u00d6fff\u2026<br \/>\n\u00c7ocuk, aya\u011f\u0131n\u0131 kald\u0131r, tam \u00fcst\u00fcne bast\u0131n\u2026<br \/>\nEvet, Profes\u00f6r Dr. Necmettin Erbakan, Recep Tayyip Erdo\u011fan ve Abdullah G\u00fcl\u2026<br \/>\n\u0130\u015fte bu Erbakan\u2019\u0131n \u00e7ocuklar\u0131 50 milyonluk bir miras i\u00e7in girmi\u015fler birbirlerine\u2026<br \/>\nBu adam bir siyaset\u00e7i de\u011fil miydi, nereden buldu bu 50 milyonu?<br \/>\nVeya\u2026<br \/>\nErdo\u011fan ve kabilesi, 120 milyonu nereden buldu?<br \/>\nBu iddia ki Alman devleti taraf\u0131ndan at\u0131ld\u0131 ortaya\u2026<br \/>\nYalan olsa\u2026<br \/>\nGerekti\u011finde belgelenip duyurulaca\u011f\u0131ndan korkulmasa\u2026<br \/>\nBu zibidi ve yanda\u015f \u2013 yolda\u015f\u0131 tepki vermez miydi?<\/p>\n<p>Amannn\u2026<br \/>\nAdam sende\u2026<br \/>\nZenginin mal\u0131 z\u00fc\u011f\u00fcrd\u00fcn \u00e7enesini yorarm\u0131\u015f\u2026<br \/>\n&gt;&gt;&gt; \u00c7al\u0131yorsa &lt;&lt;&lt;<br \/>\n\u201cOnlar\u0131n\u201d mal\u0131n\u0131 \u2013 m\u00fclk\u00fcne \u00e7al\u0131yor de\u011fil mi? Bize ne(!!!)<\/p>\n<p>Yeni ipek yolu 2.0, otoban ve tren yolundan olu\u015facak 10 bin kilometrelik bir in\u015faat\u0131 kapsayacak.<br \/>\nTakdir edersiniz ki b\u00f6yle bir projenin hem ekonomik hem toplumsal, dolay\u0131s\u0131yla k\u00fclt\u00fcrel etkileri olacakt\u0131r. Salt ticari a\u00e7\u0131dan bakmamak laz\u0131m b\u00f6yle projelere, her ne kadar internet denilen ula\u015f\u0131m arac\u0131 olsa bile, insan\u2026<br \/>\nHem sosyal bir varl\u0131k hem tabiat\u0131nda yatan ve duyular\u0131 vas\u0131tas\u0131yla alg\u0131layan, hareket eden bir canl\u0131.<br \/>\nBu t\u00fcr projelerin mutlaka k\u00fclt\u00fcrel al\u0131\u015fveri\u015fe, kar\u015f\u0131l\u0131kl\u0131 etkile\u015fime katk\u0131s\u0131 bulunacakt\u0131r.<br \/>\nVe \u015f\u00fcphesiz\u2026<br \/>\nJeostratejik ve yine Jeopolitik \u00f6nemi \u00e7ok b\u00fcy\u00fck olacak bir proje. Bu proje\u2026<br \/>\n\u00d6ncelikle Rus menfaatlerini etkileyecektir. Her ne kadar\u2026<br \/>\nSadece bu co\u011frafyada de\u011fil, d\u00fcnya genelinde devletler menfaatleri do\u011frultusunda i\u015fbirli\u011fine gitseler bile, burada mesela Rus \u2013 \u00c7in i\u015fbirli\u011fi, Putin\u2026<br \/>\nGeli\u015fmelerden \u00e7ok rahats\u0131z. Do\u011frudan Rus etki alan\u0131nda yabanc\u0131 bir \u201cmadde\u201d\u2026<br \/>\nUzun vadede\u2026<br \/>\nStratejik dengeleri alt\u00fcst edebilir.<\/p>\n<p>\u00c7ong\u00e7ing\u2026<br \/>\n\u0130pek yolu 2.0\u2019in, s\u0131f\u0131r noktas\u0131 olacakt\u0131r, olmu\u015ftur. Ger\u00e7ekten de \u015fehrin giri\u015finde kocaman bir s\u0131f\u0131r heykeli yer almaktad\u0131r. Salt bu kenti ki 35 k\u00fcsur milyon insani ile anlatmak i\u00e7in kendi ba\u015f\u0131na koca bir makale yazmak gerekir ki o bile yetmez. Tam bir teknoloji ve ticaret merkezi. B\u00fcy\u00fcme h\u0131z\u0131 y\u00fczde 10 ve \u00fczeri. Uluslararas\u0131 yat\u0131r\u0131mc\u0131lar\u2026<br \/>\nGani\u2026<br \/>\nS\u00fcr\u00fcs\u00fcne bereket.<\/p>\n<p>Evet arkada\u015flar, lider dedi\u011fin veya lider kadrolar\u2026<br \/>\nSadece kendine ait olanlar\u0131n kaderlerini, geleceklerini belirlemek ve \u00e7izmekle kalm\u0131yorlar\u2026<br \/>\n\u0130stikbali\u2026<br \/>\nSadece konu, kom\u015fu de\u011fil, d\u00fcnya insanl\u0131\u011f\u0131 \u00fczerinde s\u00f6z sahibi olabiliyorlar. S\u00f6z vermi\u015ftim, unutmad\u0131m. M\u00fcnih\u2019i, Mannheim\u2019i \u00f6rnek verece\u011fim diye. Yeri ve zaman\u0131 geldi, konuyu sadece \u00e7ok k\u0131sa da\u011f\u0131tt\u0131ktan sonra toparlayaca\u011f\u0131m.<\/p>\n<p>Mannheim ile ba\u015flayal\u0131m daha k\u0131sa\u2026<br \/>\nAlmanya\u2019da ya\u015fayanlar\u0131n muhtemelen bilece\u011fi bir kent, \u00f6zelli\u011fi\u2026<br \/>\nSatran\u00e7 \u015feklinde planlanmas\u0131, EVET, bu kentin mimarlar\u0131, planlay\u0131c\u0131lar\u0131 ki hat\u0131rlam\u0131yorum \u015fimdi, kral m\u0131yd\u0131, kont, d\u00fck m\u00fc, herhangi bir soylu\u2026<br \/>\nTaa\u2026<br \/>\nAmerika\u2019y\u0131 etkiledi!<\/p>\n<p>Batakl\u0131k gibi bir b\u00f6lgede yeni bir ya\u015fam alan\u0131, ticaret merkezi\u2026<br \/>\nE\u011fitim yuvas\u0131 olacakt\u0131, Multi \u2013 Kulti, de\u011fi\u015fik k\u00fclt\u00fcrlerin, etnitiselerin birlikte ya\u015fayaca\u011f\u0131 ve \u00e7al\u0131\u015faca\u011f\u0131 bir kent. Hayal b\u00f6yleydi, ger\u00e7ek oldu.<br \/>\nNew York ba\u015fta olmak \u00fczere bir\u00e7ok Amerikan kenti, Mannheim \u015feklinde tasarland\u0131\u2026<br \/>\nSadece tasarlamakla kal\u0131nmad\u0131\u2026<br \/>\nNew York neden New York? K\u00fclt\u00fcrel a\u00e7\u0131dan falan\u2026<br \/>\nNereden nereye de\u011fil mi? Nereden nereye!?<\/p>\n<p>Keza M\u00fcnih\u2026<br \/>\nII. Ludwig, Bavyera Kral\u0131\u2026<br \/>\nAdam\u0131 bir \u00f6ld\u00fcrmedikleri kald\u0131, bakanlar\u0131, dan\u0131\u015fmanlar\u0131\u2026<br \/>\nVe halk\u2026<br \/>\nBilin\u00e7siz, bilgisiz, burnunun ucundan \u00f6tesini g\u00f6rmekten yoksun halk\u2026<br \/>\nValidenin deyimi mi:<br \/>\n\u201cYukar\u0131dan bir delik, a\u015fa\u011f\u0131da bir delik\u201d<br \/>\nO\u2026<br \/>\nSadece \u201c\u0130leride anla\u015f\u0131lacak benim bug\u00fcn yapt\u0131klar\u0131m\u201d demekle yetindi\u2026<br \/>\nBug\u00fcn\u2026<br \/>\n&gt;&gt;&gt; D\u00fcnyan\u0131n d\u00f6rt bir taraf\u0131ndan geliyor insanlar &lt;&lt;&lt;<br \/>\nII. Ludwig\u2019in yapt\u0131klar\u0131n\u0131 g\u00f6rmek i\u00e7in\u2026<br \/>\n\u00d6yle bir gelir kayna\u011f\u0131 ki, para matbaas\u0131!<\/p>\n<p>\u00d6rneklerden SADECE bir tanesi, sadece biri\u2026<br \/>\nD\u00fcnya \u00e7ap\u0131nda nam salan bir \u015fato!<\/p>\n<p><iframe loading=\"lazy\" width=\"525\" height=\"295\" src=\"https:\/\/www.youtube.com\/embed\/_f3i5vja5sw?feature=oembed\" frameborder=\"0\" allowfullscreen><\/iframe><\/p>\n<p>Almanya\u2019da veya Fransa\u2019da ald\u0131\u011f\u0131n\u2026<br \/>\nAcer marka bilgisayarlar mesela \u00c7ong\u00e7ing\u2019de \u00fcretiliyor\u2026<br \/>\nE\u011fer bana g\u00fcveniyor, inan\u0131yorsan\u0131z ille tercih edeceklerim aras\u0131nda de\u011fil\u2026<br \/>\nYa arkada\u015f sen ne laf anlamaz insans\u0131n?<br \/>\nDemedim mi sebepsiz bir nokta, virg\u00fcl bile koymam, reklam yapm\u0131yorum veya bir \u00fcr\u00fcn\u00fc k\u00f6t\u00fclemiyorum, tercihlerim aras\u0131nda de\u011fil dedim sadece\u2026<br \/>\nBilgisayarlar \u00c7ong\u00e7ing\u2019de, Avrupa ula\u015fana kadar, \u00c7in i\u00e7inde 2000 kilometre sahile kadar gitmeleri gerekiyor, bir ay kadar denizde yol ald\u0131ktan sonra, yani \u00fcretim ile teslimat aras\u0131nda iki ay ge\u00e7iyor \u00e7o\u011funlukla. Alternatif bir yolun bulunmas\u0131 ya\u015famsal \u00f6nemde\u2026<br \/>\nDeniz g\u00fczerg\u00e2h\u0131 \u00fczerinde kom\u015fu \u00fclkeler ile ya\u015fanan gerilim\u2026<br \/>\nYine Trump Amerika\u2019s\u0131 ve \u00c7in aras\u0131ndaki s\u00fcrt\u00fc\u015fme\u2026<br \/>\nKarasal yoldan teslimat s\u00fcresinin iki ayin alt\u0131nda ger\u00e7ekle\u015fmesi bu yat\u0131r\u0131m\u0131 zorunlu kildi.<\/p>\n<p>Uzun vadeli strateji\u2026<br \/>\nLider dedi\u011fin\u2026<br \/>\nBir \u00f6nder, halk\u0131na, milletine belki de insanl\u0131\u011fa bir \u00f6nder\u2026<br \/>\nKendinden, yanda\u015f ve yolda\u015f\u0131ndan \u00f6nce toplumun menfaatlerini d\u00fc\u015f\u00fcnen insand\u0131r\u2026<br \/>\nHep derim; ben de\u011fil\u2026<br \/>\nBIZ!<\/p>\n<p>Evet, iki ay yerine, 12 g\u00fcnde Avrupa\u2019ya teslimat ANCAK\u2026<br \/>\n<em>Gelelim BIZIM i\u00e7in \u00e7ok \u00f6nemli bir konuya, anlayana\u2026<br \/>\nDers \u00e7\u0131karabilene\u2026<\/em><br \/>\nMaliyet meselesine\u2026<br \/>\nDeniz ta\u015f\u0131mac\u0131l\u0131\u011f\u0131 ile yap\u0131lan BIR nakliyat i\u00e7in\u2026<br \/>\nYani kara yerine, gemi ile ta\u015f\u0131yaca\u011f\u0131n mal\u0131n AYNI miktar\u0131n\u0131 kara yolu ile nakil edebilmen i\u00e7in\u2026<br \/>\n250 tren gelekli!!!<\/p>\n<p>Bir gemi nere, 250 tren nere?<\/p>\n<p>T\u00fcrkiye\u2026<br \/>\n\u00dc\u00e7 taraf\u0131 denizlerle \u00e7evrili bir \u00fclke\u2026<br \/>\n<strong>A<\/strong>tat\u00fcrk\u00e7\u00fcl\u00fc\u011f\u00fc <strong>K<\/strong>atletme <strong>P<\/strong>artisi, k\u0131rk haramiler ba\u015f\u0131 Recep Tayyip Erdo\u011fan, nam\u0131 di\u011fer \u201cd\u00fcnya lideri\u201d vakit zaman\u0131nda\u2026<br \/>\nT\u00dcM T\u00dcRK LIMANLARI SATILDI!<\/p>\n<p>Millet senin kara g\u00f6z\u00fcn, kara ka\u015f\u0131n i\u00e7in liman sat\u0131n almaz\u2026<br \/>\nAnlayana, anlayabilene!   <\/p>\n<p>D\u00fcnya ticaret hacminin\u2026<br \/>\nTekrar, d\u00fcnya ticaret hacmi, \u00fcr\u00fcn nakliyat\u0131n\u0131n y\u00fczde doksan\u0131\u2026<br \/>\nDeniz ta\u015f\u0131mac\u0131l\u0131\u011f\u0131 \u00fczerinden ger\u00e7ekle\u015fiyor\u2026<br \/>\nYaln\u0131z\u2026<br \/>\nZavall\u0131 balinalar, deniz kirlili\u011fi bir tarafa. Kimi balina t\u00fcrlerinin DIKKAT\u2026<br \/>\nKimi t\u00fcrlerin 100 bin kilometrekare i\u00e7eresinde hemcinsleriyle ileti\u015fim halinde olduklar\u0131n\u0131, kendilerine \u00e7iftle\u015fmek i\u00e7in e\u015f arad\u0131klar\u0131n\u0131 biliyor muydunuz?<br \/>\nKoca, koca dizel motorlar\u0131n, pervanelerin bu ileti\u015fimi ciddi \u015fekilde etkiledi\u011fini hayal edebiliyor musunuz?<\/p>\n<p>Evet, insan ve hi\u00e7 bitmez ihtiya\u00e7lar\u0131, insan ve emelleri, insan ve yamyaml\u0131\u011f\u0131\u2026<br \/>\nEyyy insan\u2026<br \/>\nTanr\u0131 misin???<\/p>\n<p>Anl\u0131yor musun \u015fimdi neden Rusya s\u0131cak sulara inmek i\u00e7in can at\u0131yor\u2026<br \/>\nAmerikan donanmas\u0131, \u00f6zellikle u\u00e7ak gemileri bu kadar g\u00fc\u00e7l\u00fc\u2026<br \/>\nPara ko\u00e7um para, deniz nakliyat\u00e7\u0131l\u0131\u011f\u0131 hala g\u00f6zde, hala reva\u00e7ta\u2026<br \/>\nBiliyor muydun AMA nerden bileceksin\u2026<br \/>\nAntik gemler bulundu, EN B\u00dcY\u00dcK \u00e7a\u011fda\u015f geminin, u\u00e7ak gemilerinin ebatlar\u0131n\u0131\u2026<br \/>\nFersah fersah a\u015fan, antik karde\u015fim ANTIK\u2026<br \/>\nRomal\u0131lar zaman\u0131ndan, hat\u0131rla hep anlat\u0131r\u0131m, T\u00fcrkiye bir zamanlar orman zengini bir \u00fclkeymi\u015f\u2026<br \/>\nRomal\u0131lar gelene kadar\u2026<br \/>\nAnlad\u0131n mi \u015fimdi a\u011fa\u00e7lardan ne yapt\u0131klar\u0131n\u0131?<br \/>\n\u0130leti\u015fimin\u2026<br \/>\nYolun ki askeri veya ticari\u2026<br \/>\nKarada, havada\u2026<br \/>\nDeniz \u00fczerinden ne kadar \u00f6nemli oldu\u011funu?<\/p>\n<p>Allah vermi\u015f\u2026<br \/>\nArap\u2019a petrol verdiyse\u2026<br \/>\nSana suyu, tatl\u0131s\u0131 ve tuzlusunu\u2026<br \/>\nElinden Kur\u2019an, dilinden Allah kelimesini d\u00fc\u015f\u00fcrmeyen sayesinde tuzlusunu satt\u0131n\u2026<br \/>\nPazarlatt\u0131n\u2026<br \/>\n\u00c7ok s\u00fcrmez, inan \u00e7ok s\u00fcrmez e\u011fer aklini ba\u015f\u0131na almazsan\u2026<br \/>\nF\u0131rat ve Dicle\u2019yi, i\u00e7ecek suyunu da kapt\u0131racaks\u0131n. Victor Hugo\u2019nun\u2026<br \/>\nSefillerini oynayacaks\u0131n!<\/p>\n","protected":false},"excerpt":{"rendered":"<p>Okudunuz mu bilmem? Victor Hugo\u2019nun Sefiller roman\u0131n\u0131\u2026 Bir lokma ekmek, ailesi, belki kendi i\u00e7in \u00e7ald\u0131\u011f\u0131 bir lokma ekmek\u2026 Ve\u2026 Macera ba\u015flar. Ailem\u2026 \u00d6yle g\u00f6rd\u00fcm, b\u00f6yle b\u00fcy\u00fcd\u00fcm. \u0130\u011fne ucu var ya, i\u011fnenin ucu\u2026 Hani deyim bile var\u2026 \u0130\u011fne ucuyla kuyu kazmak. \u0130\u015fte \u00f6yle geldi, geliyor ekmek sofram\u0131za. Kaderin cilvesi olsa gerek\u2026 Gelin, kaynana topra\u011f\u0131ndan olurmu\u015f. Han\u0131mda &hellip; <\/p>\n<p class=\"link-more\"><a href=\"http:\/\/wordpress.gurbuz.net\/?p=2916\" class=\"more-link\"><span class=\"screen-reader-text\">\u201eLes Mis\u00e9rables veya \u0130pek Yolu 2.0\u201c<\/span> weiterlesen<\/a><\/p>\n","protected":false},"author":1,"featured_media":0,"comment_status":"closed","ping_status":"closed","sticky":false,"template":"","format":"standard","meta":[],"categories":[1],"tags":[],"_links":{"self":[{"href":"http:\/\/wordpress.gurbuz.net\/index.php?rest_route=\/wp\/v2\/posts\/2916"}],"collection":[{"href":"http:\/\/wordpress.gurbuz.net\/index.php?rest_route=\/wp\/v2\/posts"}],"about":[{"href":"http:\/\/wordpress.gurbuz.net\/index.php?rest_route=\/wp\/v2\/types\/post"}],"author":[{"embeddable":true,"href":"http:\/\/wordpress.gurbuz.net\/index.php?rest_route=\/wp\/v2\/users\/1"}],"replies":[{"embeddable":true,"href":"http:\/\/wordpress.gurbuz.net\/index.php?rest_route=%2Fwp%2Fv2%2Fcomments&post=2916"}],"version-history":[{"count":43,"href":"http:\/\/wordpress.gurbuz.net\/index.php?rest_route=\/wp\/v2\/posts\/2916\/revisions"}],"predecessor-version":[{"id":2968,"href":"http:\/\/wordpress.gurbuz.net\/index.php?rest_route=\/wp\/v2\/posts\/2916\/revisions\/2968"}],"wp:attachment":[{"href":"http:\/\/wordpress.gurbuz.net\/index.php?rest_route=%2Fwp%2Fv2%2Fmedia&parent=2916"}],"wp:term":[{"taxonomy":"category","embeddable":true,"href":"http:\/\/wordpress.gurbuz.net\/index.php?rest_route=%2Fwp%2Fv2%2Fcategories&post=2916"},{"taxonomy":"post_tag","embeddable":true,"href":"http:\/\/wordpress.gurbuz.net\/index.php?rest_route=%2Fwp%2Fv2%2Ftags&post=2916"}],"curies":[{"name":"wp","href":"https:\/\/api.w.org\/{rel}","templated":true}]}}