{"id":2862,"date":"2017-10-10T18:01:17","date_gmt":"2017-10-10T18:01:17","guid":{"rendered":"http:\/\/wordpress.gurbuz.net\/?p=2862"},"modified":"2017-10-11T07:00:32","modified_gmt":"2017-10-11T07:00:32","slug":"kader-bana-bir-borcun-var-katalanlar","status":"publish","type":"post","link":"http:\/\/wordpress.gurbuz.net\/?p=2862","title":{"rendered":"Kader\u2026 Bana bir borcun var, Katalanlar"},"content":{"rendered":"<p>Akl\u0131ma gelir gelir ay\u0131 ??? gelir\u2026<br \/>\nYok\u2026<br \/>\nBu ay\u0131 Kas\u0131mpa\u015fa ay\u0131s\u0131 de\u011fil!<\/p>\n<p>Gen\u00e7li\u011fimde\u2026<br \/>\nRahmetliyle hen\u00fcz evlenmi\u015ftik, bir aile dostumuzun lakab\u0131 ay\u0131 ??? idi\u2026<br \/>\n\u0130ri yar\u0131, uzun boylu oldu\u011fu i\u00e7in ona bu lakab\u0131 takm\u0131\u015flard\u0131\u2026<br \/>\nGen\u00e7lik i\u015fte, ailece \u00e7ok g\u00fczel vakit ge\u00e7irmi\u015fizdir\u2026<br \/>\n28 sene sonra bu guruptan bo\u015fanmadan kalan, arta kalan\u2026<br \/>\nSadece iki aile. Biri benim di\u011feri yine yak\u0131n bir dostum olan ama k\u00f6fte y\u00fcz\u00fcnden k\u0131z\u0131p, mecbur kalmad\u0131k\u00e7a konu\u015fmad\u0131\u011f\u0131m bir insan. Benim kitab\u0131mda bo\u015fanmak yazmaz!!!<\/p>\n<p>Kader\u2026<br \/>\nKader ald\u0131 sevdi\u011fimi, sevdam\u0131 elimden, al\u0131n yaz\u0131s\u0131. Kader denilen o ne oldu\u011fu belirsiz\u2026<br \/>\nBana\u2026<br \/>\nBor\u00e7u kald\u0131!<\/p>\n<p>\u00d6dememek i\u00e7in \u0131srarc\u0131, \u00e7\u0131kard\u0131 kar\u015f\u0131ma nice 90 \u2013 60 \u2013 90\u2019\u0131<br \/>\nYatakl\u0131klar\u0131\u2026<br \/>\nY\u00fcre\u011fimi \u0131s\u0131tacak, d\u00f6\u015fe\u011fimi dolduracak, ruhumu ve akl\u0131m\u0131 doyuracak olan\u0131\u2026<br \/>\nBana bor\u00e7lu kald\u0131!<\/p>\n<p>Kazadan seneler sonra\u2026<br \/>\nDuyduk, ay\u0131 ??? ile ??? bo\u015fanacak, ay\u0131n\u0131n k\u0131z karde\u015fi han\u0131m\u0131n \u00e7ok yak\u0131n arkada\u015f\u0131\u2026<br \/>\nGer\u00e7ekten \u00e7ok \u00fcz\u00fcld\u00fck, her ne kadar ay\u0131 ile e\u015fi eski dost bile olsalar, yeniden evlendikten sonra git \u2013 gelimiz olmam\u0131\u015ft\u0131.<\/p>\n<p>D\u00fc\u015f\u00fcnd\u00fck han\u0131m ile birlikte\u2026<br \/>\nNe yapabiliriz ne yapabiliriz?<br \/>\nGidip konu\u015fal\u0131m dedik.<\/p>\n<p>Katalanlar\u2026<br \/>\nBilmem haberlerde izlediniz, konu\u015fmay\u0131 dinlediniz mi?<br \/>\n\u0130natt\u0131n kimseye faydas\u0131 yok\u2026<br \/>\nG\u00f6t\u00fcr\u00fcs\u00fc \u00e7ok, getirisi az bir l\u00fcks\u2026<br \/>\nAvrupa\u2026<br \/>\n\u0130kinci D\u00fcnya Sava\u015f\u0131 sonras\u0131 &gt;&gt;&gt; bir &lt;&lt;&lt; olman\u0131n, birlik olman\u0131n aray\u0131\u015f\u0131nda\u2026<br \/>\nBir yerde bu aray\u0131\u015f\u0131 uzun seneler sonras\u0131nda neticelendirmi\u015f g\u00f6r\u00fcn\u00fcyorlard\u0131\u2026<br \/>\nAh \u015fu insan, ah \u015fu menfaat, \u015fu bencillik denilen illetler olmasa\u2026<br \/>\nKendine gelince i\u011fneyi, \u00e7uvald\u0131z\u0131 ba\u015fkas\u0131na bat\u0131ran Avrupa!<br \/>\nG\u00f6bek adi riya olan, iki ayr\u0131 \u00f6l\u00e7\u00fct ile ortal\u0131kta dola\u015fan, tek di\u015fi kalm\u0131\u015f kaplan.<\/p>\n<p>Gittik konu\u015fmaya\u2026<br \/>\nAllah\u2019\u0131m ke\u015fke gitmez olayd\u0131m, yerin yedi kat dibine ge\u00e7tim\u2026<br \/>\nY\u0131llard\u0131r tan\u0131d\u0131\u011f\u0131m bir kad\u0131n, arkada\u015f\u0131m\u0131n e\u015fi\u2026<br \/>\nTekrar hat\u0131rlatmak isterim, toplumu olu\u015fturan birey, insan\u2026<br \/>\n\u0130nsanda da toplumlarda da\u2026<br \/>\nAn gelir\u2026<br \/>\nS\u00f6z\u00fcn bitti\u011fi noktad\u0131r!<\/p>\n<p>Anlatmaya ba\u015flad\u0131 mahremini\u2026<br \/>\nKocas\u0131n\u0131n kimi cinsel tercihlerini, utanc\u0131mdan \u00f6lmek istedim O an\u2026<br \/>\nDinlemedim, dinleyemedim\u2026<br \/>\nS\u00f6yleyecek, yap\u0131lacak hi\u00e7bir \u015fey yoktu!<\/p>\n<p>Ne diyor Katalan ba\u015fkan?<br \/>\n\u0130spanya ile diyalog\u2026<br \/>\n\u0130lan etmedi ba\u011f\u0131ms\u0131zl\u0131\u011f\u0131, konu\u015fal\u0131m dedi, konu\u015fmak, konu\u015fmay\u0131 istemek\u2026<br \/>\nUzla\u015f\u0131ya bir zemin haz\u0131rlamakt\u0131r\u2026<br \/>\nBir \u015fekilde yine birlikte yola devam etmenin azminde olmak\u2026<br \/>\nEvet, konu\u015fmal\u0131, anla\u015fmal\u0131d\u0131r insan, en az\u0131ndan anla\u015fmaya, orta yolu bulmaya \u00e7al\u0131\u015fmal\u0131d\u0131r\u2026<br \/>\nOlmad\u0131\u2026<br \/>\nNas\u0131l ki Allah\u2019\u0131n emriyle insanlar birle\u015fiyorsa, \u00f6ylede yollar\u0131n\u0131 ay\u0131rabilir\u2026<br \/>\nAMA\u2026<br \/>\n\u00d6nce uzakla\u015fmaya, ortak gelece\u011fe konu\u015farak, anla\u015farak bir \u015fans vermelidir.<\/p>\n<p>Not: asl\u0131nda uzun bir yaz\u0131 olacakt\u0131, kestim att\u0131m\u2026<br \/>\nFeci, facia kelimeleri kifayetsiz kal\u0131r, \u00f6yleyim bug\u00fcn\u2026<br \/>\nAvrupa\u2026<br \/>\nArabuluculu\u011fu teklifinde bulundu\u2026<br \/>\nKendine gelince b\u00f6yle, ba\u015fkas\u0131na gelince menfaatleri do\u011frultusunda\u2026<br \/>\nHayat dedi\u011fin, insan dedi\u011fin b\u00f6yle bir \u015fey i\u015fte!<\/p>\n","protected":false},"excerpt":{"rendered":"<p>Akl\u0131ma gelir gelir ay\u0131 ??? gelir\u2026 Yok\u2026 Bu ay\u0131 Kas\u0131mpa\u015fa ay\u0131s\u0131 de\u011fil! Gen\u00e7li\u011fimde\u2026 Rahmetliyle hen\u00fcz evlenmi\u015ftik, bir aile dostumuzun lakab\u0131 ay\u0131 ??? idi\u2026 \u0130ri yar\u0131, uzun boylu oldu\u011fu i\u00e7in ona bu lakab\u0131 takm\u0131\u015flard\u0131\u2026 Gen\u00e7lik i\u015fte, ailece \u00e7ok g\u00fczel vakit ge\u00e7irmi\u015fizdir\u2026 28 sene sonra bu guruptan bo\u015fanmadan kalan, arta kalan\u2026 Sadece iki aile. Biri benim di\u011feri &hellip; <\/p>\n<p class=\"link-more\"><a href=\"http:\/\/wordpress.gurbuz.net\/?p=2862\" class=\"more-link\"><span class=\"screen-reader-text\">\u201eKader\u2026 Bana bir borcun var, Katalanlar\u201c<\/span> weiterlesen<\/a><\/p>\n","protected":false},"author":1,"featured_media":0,"comment_status":"closed","ping_status":"closed","sticky":false,"template":"","format":"standard","meta":[],"categories":[1],"tags":[],"_links":{"self":[{"href":"http:\/\/wordpress.gurbuz.net\/index.php?rest_route=\/wp\/v2\/posts\/2862"}],"collection":[{"href":"http:\/\/wordpress.gurbuz.net\/index.php?rest_route=\/wp\/v2\/posts"}],"about":[{"href":"http:\/\/wordpress.gurbuz.net\/index.php?rest_route=\/wp\/v2\/types\/post"}],"author":[{"embeddable":true,"href":"http:\/\/wordpress.gurbuz.net\/index.php?rest_route=\/wp\/v2\/users\/1"}],"replies":[{"embeddable":true,"href":"http:\/\/wordpress.gurbuz.net\/index.php?rest_route=%2Fwp%2Fv2%2Fcomments&post=2862"}],"version-history":[{"count":13,"href":"http:\/\/wordpress.gurbuz.net\/index.php?rest_route=\/wp\/v2\/posts\/2862\/revisions"}],"predecessor-version":[{"id":2877,"href":"http:\/\/wordpress.gurbuz.net\/index.php?rest_route=\/wp\/v2\/posts\/2862\/revisions\/2877"}],"wp:attachment":[{"href":"http:\/\/wordpress.gurbuz.net\/index.php?rest_route=%2Fwp%2Fv2%2Fmedia&parent=2862"}],"wp:term":[{"taxonomy":"category","embeddable":true,"href":"http:\/\/wordpress.gurbuz.net\/index.php?rest_route=%2Fwp%2Fv2%2Fcategories&post=2862"},{"taxonomy":"post_tag","embeddable":true,"href":"http:\/\/wordpress.gurbuz.net\/index.php?rest_route=%2Fwp%2Fv2%2Ftags&post=2862"}],"curies":[{"name":"wp","href":"https:\/\/api.w.org\/{rel}","templated":true}]}}