{"id":2859,"date":"2017-10-10T16:00:28","date_gmt":"2017-10-10T16:00:28","guid":{"rendered":"http:\/\/wordpress.gurbuz.net\/?p=2859"},"modified":"2017-10-10T16:08:23","modified_gmt":"2017-10-10T16:08:23","slug":"deniz-baykal-oerneginden-yola-cikarak","status":"publish","type":"post","link":"http:\/\/wordpress.gurbuz.net\/?p=2859","title":{"rendered":"Deniz Baykal \u00f6rne\u011finden yola \u00e7\u0131karak"},"content":{"rendered":"<p>\u00d6ncellikle hayat\u2026<br \/>\nHemen ard\u0131ndan \u00f6mr\u00fcm boyunca m\u00fccadele etmek zorunda kald\u0131klar\u0131m bana bir \u015feyi \u00f6\u011fretti\u2026<br \/>\nRakibini sak\u0131n ola ki hafife alma!<\/p>\n<p>\u00d6nlem alman gerekti\u011fi takdirde\u2026<br \/>\nGere\u011finin bir\u2026<br \/>\nBelki iki, \u00fc\u00e7 fazlas\u0131 \u00f6nlem al, h\u00fcsrana u\u011frama!<\/p>\n<p>Tesad\u00fcf denilen fakt\u00f6r\u00fc daima hesapla!<\/p>\n<p>Hesaplayamad\u0131\u011f\u0131n\u2026<br \/>\nT\u00fcm olas\u0131l\u0131klar\u0131 d\u00fc\u015f\u00fcnemeyece\u011fin, \u00f6ng\u00f6remeyece\u011fin ve gerekli tedbirleri alamayaca\u011f\u0131n riske girme\u2026<br \/>\nRakibinin, i\u00e7ine s\u0131zarak, en g\u00fcvendi\u011fin, s\u0131rt\u0131n\u0131 dayad\u0131\u011f\u0131n da\u011f\u0131n i\u00e7ini oyabilece\u011fini, onu dinamitleyebilece\u011fini, la\u011f\u0131mc\u0131lar misali\u2026<br \/>\nAya\u011f\u0131n\u0131n sa\u011flam bast\u0131\u011f\u0131 topra\u011f\u0131 bile kayd\u0131rabilece\u011fini unutma\u2026<br \/>\nBildi\u011fin yetmez, bilmedi\u011fini bilmeli, bildi\u011finden emin olmal\u0131s\u0131n.<\/p>\n<p>Herkesin y\u00fcr\u00fcd\u00fc\u011f\u00fc patikadan, yoldan y\u00fcr\u00fcd\u00fc\u011f\u00fcn s\u00fcrece kendini emniyette, g\u00fcvende his edebilirsin\u2026<br \/>\nS\u00fcr\u00fc psikolojisine aldanma\u2026<br \/>\nAkl\u0131n\u0131 kullanmay\u0131 ihmal etme, i\u00e7indeki duyulara kulak ver\u2026<br \/>\nG\u00fcven yetmez\u2026<br \/>\nSonsuz g\u00fcvendi\u011fine dan\u0131\u015f, konu\u015f, ak\u0131l al. Ak\u0131l ak\u0131ldan \u00fcst\u00fcnd\u00fcr der atalar\u2026<br \/>\nSer ver\u2026<br \/>\nAma sak\u0131n s\u0131r verme!<\/p>\n<p>Deniz Baykal \u00f6rne\u011finden yola \u00e7\u0131karak diyebiliriz ki\u2026<br \/>\n\u00dcst ak\u0131l ve ak\u0131ls\u0131zl\u0131\u011f\u0131n, tecr\u00fcbesizlik ve bilgisizli\u011fin i\u015f birli\u011fi ile edildi koca memleket esir\u2026<br \/>\nDeniz Baykal ve O malum g\u00f6r\u00fcnt\u00fcleri\u2026<br \/>\nBenim gibilerin midesini buland\u0131rm\u0131\u015f olmal\u0131\u2026<br \/>\nBuland\u0131rd\u0131 da ar\u015fivlerim meydanda\u2026<br \/>\n\u00dcst ak\u0131l ile \u00f6ncellikle G\u00fclleni kast ediyorum, AB(D) sonraki planda\u2026<br \/>\nAk\u0131ls\u0131z\u0131n, Kas\u0131mpa\u015fa ay\u0131s\u0131n\u0131n ak\u0131l hocas\u0131n\u0131n hocas\u0131 onlar, onlar\u0131 \u015fimdilik kar\u0131\u015ft\u0131rma, kurcalama\u2026<br \/>\nProfesyonellikten uzak, semi profesyonel \u00e7\u0131kt\u0131lar yola. Yolda, beraber y\u00fcr\u00fcd\u00fckleri yolda \u00f6\u011frendiler\u2026<br \/>\nKulland\u0131klar\u0131 donan\u0131mdan, g\u00f6r\u00fcnt\u00fc kalitesinden ve mesela kamera yerle\u015ftirme ve kullan\u0131lan a\u00e7\u0131s\u0131ndan belliydi. Demem o ki\u2026<br \/>\nGe\u00e7enlerde de yazm\u0131\u015ft\u0131m F. G\u00fcllen ve ekibi ne kadar entelekt\u00fcellere, m\u00fcrekkep yalam\u0131\u015flara meyilliyse, \u00f6teki bir o kadar \u00e7er \u2013 \u00e7\u00f6pe. <\/p>\n<p>Dolay\u0131s\u0131yla ak\u0131ls\u0131z kald\u0131 p.\u00e7 gibi meydanda\u2026<br \/>\nAMA\u2026<br \/>\n\u201cAk\u0131l\u0131s\u0131\u201d bile b\u00f6yle bir \u201cbilgi\u201d ve donan\u0131mla \u00e7\u0131k\u0131yorsa yola, anla\u2026<br \/>\nGer\u00e7i aradan y\u0131llar ge\u00e7ti, muhtemelen ak\u0131l kendini geli\u015ftirdi\u2026<br \/>\nYAZAMAM TABII, ISIM\u2026<br \/>\nA\u00e7\u0131k veremem, ANCAK uyarabilirim\u2026<br \/>\nHaz\u0131rl\u0131klar\u0131m neredeyse tamam, \u00e7ok s\u00fcrmez, resimli gerekti\u011finde g\u00f6r\u00fcnt\u00fcl\u00fc yay\u0131na ge\u00e7ece\u011fim\u2026<br \/>\n\u0130ster 128 Bit, ister 256 Bitlik BitLocker \u015fifrelemi\u015f ol\u2026<br \/>\nGizledi\u011fin, gizlemeye \u00e7al\u0131\u015ft\u0131\u011f\u0131n meydanda!<\/p>\n<p>Yok, Microsoft\u2019un deste\u011fine bile gerek yok\u2026<br \/>\nZaten hali haz\u0131rda en az\u0131ndan Amerikan devletine kar\u015f\u0131, b\u00fcy\u00fck tehlike(ler)\u2026<br \/>\nFarkl\u0131 \u00f6nlemler gerektirir!<\/p>\n<p>Ben s\u00f6ylemi\u015f olay\u0131m da sonradan kimse demesin neden s\u00f6ylemedin!<\/p>\n","protected":false},"excerpt":{"rendered":"<p>\u00d6ncellikle hayat\u2026 Hemen ard\u0131ndan \u00f6mr\u00fcm boyunca m\u00fccadele etmek zorunda kald\u0131klar\u0131m bana bir \u015feyi \u00f6\u011fretti\u2026 Rakibini sak\u0131n ola ki hafife alma! \u00d6nlem alman gerekti\u011fi takdirde\u2026 Gere\u011finin bir\u2026 Belki iki, \u00fc\u00e7 fazlas\u0131 \u00f6nlem al, h\u00fcsrana u\u011frama! Tesad\u00fcf denilen fakt\u00f6r\u00fc daima hesapla! Hesaplayamad\u0131\u011f\u0131n\u2026 T\u00fcm olas\u0131l\u0131klar\u0131 d\u00fc\u015f\u00fcnemeyece\u011fin, \u00f6ng\u00f6remeyece\u011fin ve gerekli tedbirleri alamayaca\u011f\u0131n riske girme\u2026 Rakibinin, i\u00e7ine s\u0131zarak, en g\u00fcvendi\u011fin, &hellip; <\/p>\n<p class=\"link-more\"><a href=\"http:\/\/wordpress.gurbuz.net\/?p=2859\" class=\"more-link\"><span class=\"screen-reader-text\">\u201eDeniz Baykal \u00f6rne\u011finden yola \u00e7\u0131karak\u201c<\/span> weiterlesen<\/a><\/p>\n","protected":false},"author":1,"featured_media":0,"comment_status":"closed","ping_status":"closed","sticky":false,"template":"","format":"standard","meta":[],"categories":[1],"tags":[],"_links":{"self":[{"href":"http:\/\/wordpress.gurbuz.net\/index.php?rest_route=\/wp\/v2\/posts\/2859"}],"collection":[{"href":"http:\/\/wordpress.gurbuz.net\/index.php?rest_route=\/wp\/v2\/posts"}],"about":[{"href":"http:\/\/wordpress.gurbuz.net\/index.php?rest_route=\/wp\/v2\/types\/post"}],"author":[{"embeddable":true,"href":"http:\/\/wordpress.gurbuz.net\/index.php?rest_route=\/wp\/v2\/users\/1"}],"replies":[{"embeddable":true,"href":"http:\/\/wordpress.gurbuz.net\/index.php?rest_route=%2Fwp%2Fv2%2Fcomments&post=2859"}],"version-history":[{"count":2,"href":"http:\/\/wordpress.gurbuz.net\/index.php?rest_route=\/wp\/v2\/posts\/2859\/revisions"}],"predecessor-version":[{"id":2861,"href":"http:\/\/wordpress.gurbuz.net\/index.php?rest_route=\/wp\/v2\/posts\/2859\/revisions\/2861"}],"wp:attachment":[{"href":"http:\/\/wordpress.gurbuz.net\/index.php?rest_route=%2Fwp%2Fv2%2Fmedia&parent=2859"}],"wp:term":[{"taxonomy":"category","embeddable":true,"href":"http:\/\/wordpress.gurbuz.net\/index.php?rest_route=%2Fwp%2Fv2%2Fcategories&post=2859"},{"taxonomy":"post_tag","embeddable":true,"href":"http:\/\/wordpress.gurbuz.net\/index.php?rest_route=%2Fwp%2Fv2%2Ftags&post=2859"}],"curies":[{"name":"wp","href":"https:\/\/api.w.org\/{rel}","templated":true}]}}