{"id":2846,"date":"2017-10-10T11:41:38","date_gmt":"2017-10-10T11:41:38","guid":{"rendered":"http:\/\/wordpress.gurbuz.net\/?p=2846"},"modified":"2017-10-10T12:30:25","modified_gmt":"2017-10-10T12:30:25","slug":"ortalama-ve-veya-zorlama","status":"publish","type":"post","link":"http:\/\/wordpress.gurbuz.net\/?p=2846","title":{"rendered":"Ortalama ve \/ veya zorlama"},"content":{"rendered":"<p>\u0130statistiki veriler gerekli\u2026<br \/>\n\u0130nsana bir yol g\u00f6sterici\u2026<br \/>\nBir pusula, bir k\u0131lavuz bir nevi.<\/p>\n<p>Haliyle bili\u015fimde, benim ilgi ve etki alan\u0131mda, kenar\u0131ndan k\u00f6\u015fesinden bile olsa\u2026<br \/>\n\u0130lgilenmem, bilmem gereken bir meseleydi\u2026<br \/>\nOrta\u2026<br \/>\nKendimi en emniyete, en g\u00fcvende his etti\u011fim yer\u2026<br \/>\nOrtalama\u2026<br \/>\n\u0130statistiki verilerde d\u00f6rt \u00e7e\u015fit ortalama vard\u0131r, betimlemesi\u2026<br \/>\nAritmetik ortalama\u2026<br \/>\nGeometrik ortalama\u2026<br \/>\nHarmonik ortalama ve karek\u00f6k ortalamas\u0131.<\/p>\n<p>Karde\u015fim sen ne atlat\u0131yorsun bana deme\u2026<br \/>\nBekle karde\u015fim bekle\u2026<br \/>\nHem \u00f6\u011fretiyorum hem anlat\u0131yorum anlasana\u2026<br \/>\nAsl\u0131nda\u2026<br \/>\nHerkes kendini \u00f6zel sansa bile, yaradan\u2026<br \/>\nBilgeli\u011fi ile kimi \u00f6zelliklerimizi ortak yaratm\u0131\u015f, erkekleri mesela erkek, kad\u0131n\u0131 kad\u0131n yarat\u0131rken\u2026<br \/>\nHepsine vermi\u015f ortak ve ortalama derdi, \u00e7ileyi, sevinci, kimi d\u0131\u015f \u00f6zelliklerini VE YINE iki ayr\u0131 cins bile olsa, bu iki ayr\u0131 canl\u0131 t\u00fcr\u00fcne yine ortalama, ortak iki g\u00f6z\u2026<br \/>\nOn parmak\u2026<br \/>\n\u0130ki kulak bir y\u00fcrek ve benzeri \u00f6zellikleri.<\/p>\n<p>Anlayaca\u011f\u0131n\u2026<br \/>\nHer ne kadar birbirimizden farkl\u0131ym\u0131\u015f\u0131z gibi g\u00f6r\u00fcnsek de o kadar ortak yanlar\u0131m\u0131z var ki\u2026<br \/>\nO kadar ortalamay\u0131z ki\u2026<br \/>\nAkl\u0131n hayalin durur, k.\u00e7\u0131n tavana vurur(!)<\/p>\n<p>Kendim i\u00e7in hep derim\u2026<br \/>\nBeni \u00f6yle kolay kolay bir \u00e7ekmeceye s\u0131\u011fd\u0131ramazs\u0131n\u2026<br \/>\nBir noktaya kadar do\u011frudur, gerisi\u2026<br \/>\nHerkesin ortalamas\u0131.<\/p>\n<p>\u0130nan\u00e7lar karde\u015fim, bir insan\u0131n inand\u0131klar\u0131\u2026<br \/>\nYeti\u015fti\u011fi ortam, \u00e7evresi, g\u00f6rg\u00fcs\u00fc\u2026<br \/>\nDarphanede bas\u0131lan bozuk para misali insani \u015fekillendirir\u2026<br \/>\nG\u00f6r\u00fc\u015f ve karakterini olu\u015fturur, d\u0131\u015f etkenlerin \u00fczerinde tahmin etti\u011finin \u00f6tesinde bir etkisi olur.<\/p>\n<p>Aradan y\u0131llar ge\u00e7ti\u2026<br \/>\nKoca bir \u201cimparatorluk\u201d y\u0131k\u0131ld\u0131, devrim oldu, e\u015fitli\u011fin, insanl\u0131\u011f\u0131n s\u00f6zde \u00f6ne \u00e7\u0131kaca\u011f\u0131 bir devrim\u2026<br \/>\nKuramda\u2026<br \/>\nNe kadar g\u00fczel ne kadar ho\u015f\u2026<br \/>\nGenelmesinde \u00f6yle, \u00f6zelde\u2026<br \/>\nE\u015fitler aras\u0131nda e\u015fit olan\u0131n daha e\u015fit oldu\u011fu, insandan\u2026<br \/>\n\u0130nsana farkl\u0131l\u0131klar\u0131n oldu\u011fu, ZORLA\u2026<br \/>\nZORLAMAYLA bile insan\u0131n i\u00e7inde besledi\u011fi inan\u00e7lar\u0131n\u0131 yok edemeyece\u011fin anla\u015f\u0131ld\u0131.   <\/p>\n<p>Evet, Rusya g\u00fczel bir \u00f6rnektir hepimize\u2026<br \/>\nAnlayana, anlayabilene\u2026<br \/>\nGazi Pa\u015fa\u2026<br \/>\nGazi Mustafa Kemal Atat\u00fcrk bunu biliyordu\u2026<br \/>\nVe yine biliyordu ki\u2026<br \/>\nDin nam\u0131na, inan\u00e7lar u\u011furuna nice insan heba oldu\u2026<br \/>\nNiceleri kand\u0131r\u0131ld\u0131, soyulup \u2013 so\u011fana \u00e7evrildi\u2026<br \/>\nAldat\u0131ld\u0131, s\u00f6m\u00fcr\u00fcld\u00fc\u2026<br \/>\nEn temel, en insani duygular ve ihtiya\u00e7lar nam\u0131na\u2026<br \/>\n\u0130nsan\u2026<br \/>\nYine insan taraf\u0131ndan s\u00f6m\u00fcr\u00fcld\u00fc.  <\/p>\n<p>Atat\u00fcrk bunlar\u0131 g\u00f6rm\u00fc\u015ft\u00fc, biliyordu\u2026<br \/>\nVe T\u00fcrk\u2019\u00fc\u2026<br \/>\nKarakterini, \u00f6z\u00fcnde yatan O cevher ve g\u00fcc\u00fcn, O kar\u015f\u0131 konmaz duygunun fark\u0131ndayd\u0131\u2026<br \/>\nT\u00fcrk\u2026<br \/>\n\u00d6zg\u00fcrd\u00fc, h\u00fcr\u2026<br \/>\nH\u00fcr do\u011fmu\u015f, elbette T\u00fcrk h\u00fcr \u00f6lecektir.<\/p>\n<p>\u0130stiklal mar\u015f\u0131m\u0131zda bile bu cevherin, bu dayan\u0131lmaz d\u00fcrt\u00fcn\u00fcn \u00f6zelliklerini g\u00f6rm\u00fcyor muyuz?<\/p>\n<p>Evet karde\u015fim\u2026<br \/>\nOrtalamalar aras\u0131nda siyasi ve ya\u015fam tarz\u0131, inan\u00e7lar\u0131 a\u00e7\u0131s\u0131ndan T\u00fcrk toplumuna bakt\u0131\u011f\u0131nda\u2026<br \/>\nEnteli, danteli, liberali\u2026<br \/>\nHer ne kadar harmonik ortalama gibi g\u00f6z\u00fckse bile\u2026<br \/>\nMuhafazak\u00e2rlar gibi geometrik bir ortalamad\u0131r\u2026<br \/>\nK\u0131staslar\u0131\u2026<br \/>\nKati \u00e7izgiler ile, \u00e7er\u00e7eveleri \u00e7izilidir\u2026<br \/>\nSesiz \u00e7o\u011funluk aritmetik ortalama ise\u2026<br \/>\n\u0130statistiki a\u00e7\u0131dan dinci\u2026<br \/>\nKarek\u00f6k ortalamas\u0131d\u0131r.<\/p>\n<p>Demem o dur ki\u2026<br \/>\n\u0130nsan neyse\u2026<br \/>\nOdur\u2026<br \/>\nOrtalama ve \/ veya zorlama ile de\u011fi\u015fmek istemeyen insan\u0131 de\u011fi\u015ftiremezsin!<\/p>\n","protected":false},"excerpt":{"rendered":"<p>\u0130statistiki veriler gerekli\u2026 \u0130nsana bir yol g\u00f6sterici\u2026 Bir pusula, bir k\u0131lavuz bir nevi. Haliyle bili\u015fimde, benim ilgi ve etki alan\u0131mda, kenar\u0131ndan k\u00f6\u015fesinden bile olsa\u2026 \u0130lgilenmem, bilmem gereken bir meseleydi\u2026 Orta\u2026 Kendimi en emniyete, en g\u00fcvende his etti\u011fim yer\u2026 Ortalama\u2026 \u0130statistiki verilerde d\u00f6rt \u00e7e\u015fit ortalama vard\u0131r, betimlemesi\u2026 Aritmetik ortalama\u2026 Geometrik ortalama\u2026 Harmonik ortalama ve karek\u00f6k ortalamas\u0131. &hellip; <\/p>\n<p class=\"link-more\"><a href=\"http:\/\/wordpress.gurbuz.net\/?p=2846\" class=\"more-link\"><span class=\"screen-reader-text\">\u201eOrtalama ve \/ veya zorlama\u201c<\/span> weiterlesen<\/a><\/p>\n","protected":false},"author":1,"featured_media":0,"comment_status":"closed","ping_status":"closed","sticky":false,"template":"","format":"standard","meta":[],"categories":[1],"tags":[],"_links":{"self":[{"href":"http:\/\/wordpress.gurbuz.net\/index.php?rest_route=\/wp\/v2\/posts\/2846"}],"collection":[{"href":"http:\/\/wordpress.gurbuz.net\/index.php?rest_route=\/wp\/v2\/posts"}],"about":[{"href":"http:\/\/wordpress.gurbuz.net\/index.php?rest_route=\/wp\/v2\/types\/post"}],"author":[{"embeddable":true,"href":"http:\/\/wordpress.gurbuz.net\/index.php?rest_route=\/wp\/v2\/users\/1"}],"replies":[{"embeddable":true,"href":"http:\/\/wordpress.gurbuz.net\/index.php?rest_route=%2Fwp%2Fv2%2Fcomments&post=2846"}],"version-history":[{"count":12,"href":"http:\/\/wordpress.gurbuz.net\/index.php?rest_route=\/wp\/v2\/posts\/2846\/revisions"}],"predecessor-version":[{"id":2858,"href":"http:\/\/wordpress.gurbuz.net\/index.php?rest_route=\/wp\/v2\/posts\/2846\/revisions\/2858"}],"wp:attachment":[{"href":"http:\/\/wordpress.gurbuz.net\/index.php?rest_route=%2Fwp%2Fv2%2Fmedia&parent=2846"}],"wp:term":[{"taxonomy":"category","embeddable":true,"href":"http:\/\/wordpress.gurbuz.net\/index.php?rest_route=%2Fwp%2Fv2%2Fcategories&post=2846"},{"taxonomy":"post_tag","embeddable":true,"href":"http:\/\/wordpress.gurbuz.net\/index.php?rest_route=%2Fwp%2Fv2%2Ftags&post=2846"}],"curies":[{"name":"wp","href":"https:\/\/api.w.org\/{rel}","templated":true}]}}