{"id":28101,"date":"2019-09-08T16:08:17","date_gmt":"2019-09-08T16:08:17","guid":{"rendered":"http:\/\/wordpress.gurbuz.net\/?p=28101"},"modified":"2019-09-08T16:08:17","modified_gmt":"2019-09-08T16:08:17","slug":"sir-kalmisti","status":"publish","type":"post","link":"http:\/\/wordpress.gurbuz.net\/?p=28101","title":{"rendered":"S\u0131r kalm\u0131\u015ft\u0131!?"},"content":{"rendered":"<p><strong>Erdo\u011fan\u2019\u0131n s\u0131rlar\u0131<\/strong><br \/>\n6 Eyl\u00fcl 2019 <\/p>\n<p>Polisiye roman okumay\u0131 \u00e7ok severim.<br \/>\nTarihteki cinayetler-suikastler hep ilgimi \u00e7eker.<br \/>\nSon g\u00fcnlerde akl\u0131mda bir soru var:<br \/>\nHz. Ebubekir ve Hz. \u00d6mer, Bizansl\u0131lara kar\u015f\u0131 yap\u0131lan Teb\u00fck Seferi d\u00f6n\u00fc\u015f\u00fcnde Hz. Muhammet&#8217;e suikast giri\u015fiminde bulundu mu?<br \/>\nBu soru 1.389 y\u0131ld\u0131r yan\u0131t ar\u0131yor!<br \/>\nS\u00fcnni \u0130slam \u00e2limi \u0130bn Hazm \u0130slam hukuku \u201cel Muhalla\u201d kitab\u0131n\u0131n 11. cildinde \u015funu yazd\u0131: \u201cEbubekir, \u00d6mer, Osman, Talha ve Sa&#8217;d bin Ebu Vakkas, Teb\u00fck&#8217;te Rasulullah&#8217;\u0131 \u00f6ld\u00fcrmeye kalkt\u0131\u2026\u201d<br \/>\nOlay \u015fuydu:<br \/>\nY\u0131l, 630\u2026<br \/>\nTeb\u00fck Seferi d\u00f6n\u00fc\u015f\u00fc Hz. Muhammet, dava arkada\u015flar\u0131na vadi yolundan gitmelerini tasfiye etti; ve kendisi da\u011f yolunu tercih etti. Yan\u0131nda sadece -birbirine karde\u015f etti\u011fi- Ammar b. Yaser ile H\u00fczeyfe b. Yeman ad\u0131ndaki iki sahabe vard\u0131.<br \/>\nYolculuk s\u0131ras\u0131nda vadi yolunu tutan M\u00fcsl\u00fcman askerlerden 14-15 ki\u015filik y\u00fczleri maskeli grup, Hz. Muhammet&#8217;e do\u011fru sald\u0131r\u0131ya ge\u00e7ti.<br \/>\nHz. Muhammet&#8217;i da\u011fdan a\u015fa\u011f\u0131ya at\u0131p \u201ckazayla d\u00fc\u015f\u00fcp \u00f6ld\u00fc\u201d diyeceklerdi.<br \/>\nHz. Muhammet sald\u0131rganlar\u0131 g\u00f6r\u00fcp ba\u011f\u0131rd\u0131; Huzeyfe&#8217;ye binek hayvanlar\u0131n y\u00fczlerine elindeki kam\u00e7\u0131yla vurmas\u0131n\u0131 s\u00f6yledi.<br \/>\nHz. Muhammet&#8217;in suikastin fark\u0131na vard\u0131\u011f\u0131n\u0131 g\u00f6ren ve korkuya kap\u0131lan sald\u0131rganlar panikle ka\u00e7\u0131p vadideki sava\u015f\u00e7\u0131lar\u0131n aras\u0131na kar\u0131\u015ft\u0131\u2026<br \/>\nHz. Muhammet suikast\u00e7ilerin bindikleri hayvanlardan kimler olduklar\u0131n\u0131 anlad\u0131 ve isimlerini sadece s\u0131rda\u015f\u0131 H\u00fczeyfe&#8217;ye s\u00f6yledi\u2026<br \/>\nS\u0131r a\u00e7\u0131klanmad\u0131<br \/>\n\u0130slam kaynaklar\u0131, Teb\u00fck Seferi d\u00f6n\u00fc\u015f\u00fcnde Hz. Muhammet&#8217;e suikast giri\u015fiminde bulunuldu\u011fu konusunda hemfikir. O d\u00f6nem Medine&#8217;de n\u00fczul eden 129 ayetten olu\u015fan Tevbe Suresi&#8217;nde bu olay\u0131n izleri var. (Zaten, her t\u00fcrl\u00fc \u015ferden kurtulmak i\u00e7in yedi kez okunmaz m\u0131?)<br \/>\nAyet diyor ki: \u201cS\u00f6ylemediklerine dair Allah ad\u0131na yemin ediyorlar. Oysa ink\u00e2rc\u0131l\u0131k i\u00e7eren s\u00f6z\u00fc s\u00f6ylemi\u015fler, M\u00fcsl\u00fcman olduklar\u0131n\u0131 beyan ettikten sonra ink\u00e2rc\u0131l\u0131\u011fa sapm\u0131\u015flar ve ba\u015faramad\u0131klar\u0131 o i\u015fe yeltenmi\u015flerdir. Onlar\u0131n \u00f6\u00e7 almaya kalk\u0131\u015fmalar\u0131 i\u00e7in Allah&#8217;\u0131n ve O&#8217;nun l\u00fctfu sayesinde Resul\u00fcn\u00fcn kendilerini zengin etmesinden ba\u015fka bir sebep de yoktu. E\u011fer pi\u015fman olup t\u00f6vbe ederlerse bu kendilerinin iyili\u011fine olur; y\u00fcz \u00e7evirirlerse Allah onlar\u0131 d\u00fcnyada da \u00e2hirette de elem verici bir azaba u\u011frat\u0131r; art\u0131k yery\u00fcz\u00fcnde onlara ne bir dost ne bir yard\u0131mc\u0131 bulunur.\u201d (74)<br \/>\nHz. Muhammet suikast\u00e7ilerin ad\u0131n\u0131 a\u00e7\u0131klamad\u0131. Yorumcular bin y\u0131ld\u0131r, bin bir iddia ileri s\u00fcrd\u00fc. \u00d6rne\u011fin, Hz. Ebubekir&#8217;i Medine&#8217;den uzakla\u015ft\u0131rmas\u0131n\u0131 buna yorumlad\u0131lar filan\u2026<br \/>\nH\u00fczeyfe de a\u00e7\u0131klamad\u0131 isimleri. Hz. \u00d6mer&#8217;in zaman zaman \u201cbu ki\u015filer aras\u0131nda benim de ad\u0131m var m\u0131\u201d diye sordu\u011fu biliniyor.<br \/>\nH\u00fczeyfe&#8217;nin Hz. Ali&#8217;ye \u201cbiat etmesi\u201d ve \u00e7ocuklar\u0131na da bunu \u00f6\u011f\u00fctlemesini nas\u0131l yorumlamak laz\u0131m?<br \/>\nBabacan-Davuto\u011flu<br \/>\nHz. Muhammet\u2026<br \/>\nTeb\u00fck Seferi d\u00f6n\u00fc\u015f\u00fc u\u011frad\u0131\u011f\u0131 suikast \u00fczerinden 20 ay ge\u00e7tikten sonra vefat etti. Ki \u201c\u00f6ld\u00fcr\u00fcld\u00fc\u011f\u00fc\u201d iddias\u0131 da var! Hz. Muhammet&#8217;in iki e\u015fi (Hz. Ebubekir&#8217;in k\u0131z\u0131) Hz. Ay\u015fe ile (Hz. \u00d6mer&#8217;in k\u0131z\u0131) Hz. Hafsa \u00fczerinde polemik yap\u0131l\u0131yor as\u0131rlard\u0131r\u2026<br \/>\n\u201cYani\u201d asl\u0131nda deniyor ki; \u201c kavga Hz. Muhammet \u00f6ld\u00fckten sonra de\u011fil, \u00f6lmeden \u00f6nce ba\u015flad\u0131!\u201d<br \/>\n\u00d6yle ki\u2026<br \/>\nKimi M\u00fcsl\u00fcmanlar halifenin se\u00e7imiyle me\u015fgul olduklar\u0131ndan, Hz. Muhammet&#8217;in y\u0131kanmas\u0131 ve defni bir g\u00fcn sonraya kald\u0131!<br \/>\nHz. \u00d6mer&#8217;in Mescid-i Nebev\u00eeye&#8217;deki M\u00fcsl\u00fcmanlara, \u201cAllah, halifeli\u011fi sizin hay\u0131rl\u0131n\u0131z, Res\u00fblullah\u0131n (a.s.m.) y\u00e2r-\u0131 g\u00e2r\u0131 (ma\u011fara arkada\u015f\u0131) olan z\u00e2ta nasip etti. Kalk\u0131n\u0131z, ona b\u00eeat ediniz\u201d demesiyle Hz. Ebubekir halife ilan edildi.<br \/>\nHz. Ali ise h\u00e2l\u00e2 peygamberin defin i\u015fiyle u\u011fra\u015f\u0131yordu. Keza: Cenazeye sadece 17 ki\u015fi kat\u0131ld\u0131; Hz. Ebubekir ve Hz. \u00d6mer yoktu\u2026<br \/>\nT\u00fcm bunlar as\u0131rlard\u0131r tart\u0131\u015f\u0131l\u0131yor\u2026<br \/>\nKimi do\u011fru, kimi hurafe\u2026<br \/>\nDaha uzun y\u0131llard\u0131r da konu\u015fulacak ku\u015fkusuz\u2026<br \/>\nAs\u0131rlard\u0131r M\u00fcsl\u00fcmanlar iktidar h\u0131rs\u0131yla ka\u00e7 par\u00e7aya b\u00f6l\u00fcnd\u00fc, b\u00f6l\u00fcn\u00fcyor.<br \/>\nSon \u00f6rne\u011fi T\u00fcrkiye&#8217;de ya\u015fan\u0131yor:<br \/>\nAKP par\u00e7alan\u0131yor.<br \/>\nBu kavgan\u0131n giderek daha \u015fiddetlenece\u011fini g\u00f6rmek i\u00e7in k\u00e2hin olmaya gerek yok.<br \/>\nAkl\u0131ma herhalde bu sebeple yukar\u0131da yazd\u0131klar\u0131m geldi!<br \/>\nBabacan ve Davuto\u011flu&#8217;nun iktidar\u0131 ele ge\u00e7irme y\u00f6ntemi nas\u0131l olacak acaba?<br \/>\nErdo\u011fan s\u0131rlar\u0131n\u0131 \u00f6b\u00fcr d\u00fcnyaya m\u0131 g\u00f6t\u00fcrecek?<br \/>\nG\u00f6rece\u011fiz.<\/p>\n<p>https:\/\/www.sozcu.com.tr\/2019\/yazarlar\/soner-yalcin\/erdoganin-sirlari-5319307\/<\/p>\n","protected":false},"excerpt":{"rendered":"<p>Erdo\u011fan\u2019\u0131n s\u0131rlar\u0131 6 Eyl\u00fcl 2019 Polisiye roman okumay\u0131 \u00e7ok severim. Tarihteki cinayetler-suikastler hep ilgimi \u00e7eker. Son g\u00fcnlerde akl\u0131mda bir soru var: Hz. Ebubekir ve Hz. \u00d6mer, Bizansl\u0131lara kar\u015f\u0131 yap\u0131lan Teb\u00fck Seferi d\u00f6n\u00fc\u015f\u00fcnde Hz. Muhammet&#8217;e suikast giri\u015fiminde bulundu mu? Bu soru 1.389 y\u0131ld\u0131r yan\u0131t ar\u0131yor! S\u00fcnni \u0130slam \u00e2limi \u0130bn Hazm \u0130slam hukuku \u201cel Muhalla\u201d kitab\u0131n\u0131n 11. &hellip; <\/p>\n<p class=\"link-more\"><a href=\"http:\/\/wordpress.gurbuz.net\/?p=28101\" class=\"more-link\"><span class=\"screen-reader-text\">\u201eS\u0131r kalm\u0131\u015ft\u0131!?\u201c<\/span> weiterlesen<\/a><\/p>\n","protected":false},"author":1,"featured_media":0,"comment_status":"open","ping_status":"open","sticky":false,"template":"","format":"standard","meta":[],"categories":[1],"tags":[],"_links":{"self":[{"href":"http:\/\/wordpress.gurbuz.net\/index.php?rest_route=\/wp\/v2\/posts\/28101"}],"collection":[{"href":"http:\/\/wordpress.gurbuz.net\/index.php?rest_route=\/wp\/v2\/posts"}],"about":[{"href":"http:\/\/wordpress.gurbuz.net\/index.php?rest_route=\/wp\/v2\/types\/post"}],"author":[{"embeddable":true,"href":"http:\/\/wordpress.gurbuz.net\/index.php?rest_route=\/wp\/v2\/users\/1"}],"replies":[{"embeddable":true,"href":"http:\/\/wordpress.gurbuz.net\/index.php?rest_route=%2Fwp%2Fv2%2Fcomments&post=28101"}],"version-history":[{"count":1,"href":"http:\/\/wordpress.gurbuz.net\/index.php?rest_route=\/wp\/v2\/posts\/28101\/revisions"}],"predecessor-version":[{"id":28102,"href":"http:\/\/wordpress.gurbuz.net\/index.php?rest_route=\/wp\/v2\/posts\/28101\/revisions\/28102"}],"wp:attachment":[{"href":"http:\/\/wordpress.gurbuz.net\/index.php?rest_route=%2Fwp%2Fv2%2Fmedia&parent=28101"}],"wp:term":[{"taxonomy":"category","embeddable":true,"href":"http:\/\/wordpress.gurbuz.net\/index.php?rest_route=%2Fwp%2Fv2%2Fcategories&post=28101"},{"taxonomy":"post_tag","embeddable":true,"href":"http:\/\/wordpress.gurbuz.net\/index.php?rest_route=%2Fwp%2Fv2%2Ftags&post=28101"}],"curies":[{"name":"wp","href":"https:\/\/api.w.org\/{rel}","templated":true}]}}