{"id":27854,"date":"2019-09-03T14:14:30","date_gmt":"2019-09-03T14:14:30","guid":{"rendered":"http:\/\/wordpress.gurbuz.net\/?p=27854"},"modified":"2019-09-03T14:47:53","modified_gmt":"2019-09-03T14:47:53","slug":"evet-nerede-kalmistik-hah-beyinsiz-kaldiklarinda-devam-edelim-hatirlamaya-hatirlayalim-ki-buguenleri-anlayalim-luetfen-kizmayin-bana-lafi-soezue-uzatmiyor-si","status":"publish","type":"post","link":"http:\/\/wordpress.gurbuz.net\/?p=27854","title":{"rendered":"Evet nerede kalm\u0131\u015ft\u0131k? Hah\u2026 Beyinsiz kald\u0131klar\u0131nda, devam edelim hat\u0131rlamaya, hat\u0131rlayal\u0131m ki bug\u00fcnleri ANLAYALIM! L\u00dcTFEN k\u0131zmay\u0131n bana, \u201claf\u0131 \u2013 s\u00f6z\u00fc\u201d uzatm\u0131yor, sizlerden bir \u015fey saklam\u0131yorum. Var yazamad\u0131klar\u0131m, s\u00f6yleyemediklerim AMA saklam\u0131yorum, diyorum i\u015fte a\u00e7\u0131k a\u00e7\u0131k. Ama anlaman\u0131z \u00e7ok \u00f6nemli, s\u00fcreci hat\u0131rlaman\u0131z ki anlayas\u0131n\u0131z yazd\u0131klar\u0131m\u0131, yazacaklar\u0131m\u0131"},"content":{"rendered":"<p>\u201e<strong>Ergenekon i\u00e7in kim ne demi\u015fti?<\/strong><br \/>\nTutuklamalar i\u00e7in &#8218;oh olsun&#8216; dercesine canl\u0131 yay\u0131nlarda gezenler, kumpas\u0131n if\u015faas\u0131 sonras\u0131 sessizli\u011fe b\u00fcr\u00fcnd\u00fc.Bak\u0131n Ergenekon i\u00e7in kimler neler s\u00f6ylemi\u015fti?<\/p>\n<p>12 Haziran 2007\u2019de \u00dcmraniye&#8217;de bir gecekonduda 27 adet el bombas\u0131n\u0131n bulunmas\u0131yla ba\u015flayan Ergenekon s\u00fcreci 9 y\u0131ll\u0131k ser\u00fcvenin ard\u0131ndan bug\u00fcn Yarg\u0131tay\u2019\u0131n karar\u0131yla resmen tarih oldu. Kimisi \u201cG\u00fclen cemaatinin T\u00fcrkiye\u2019yi dizayn \u00e7al\u0131\u015fmas\u0131\u201d dedi kimisi ise \u201cAKP\u2019nin orduya yapt\u0131\u011f\u0131 bir operasyon\u201d<br \/>\n\u0130lk g\u00f6zalt\u0131lar\u0131n\u0131n ard\u0131ndan y\u0131llarca dalga dalga b\u00fcy\u00fct\u00fclen operasyonda bir\u00e7ok siyaset\u00e7i, yazar, asker, polis h\u00fccre k\u00f6\u015felerine at\u0131ld\u0131. Kumpas oldu\u011fu tescilenen Ergenekon operasyonu bir\u00e7ok insan\u0131n can\u0131na da mal oldu. K\u0131sacas\u0131 son 9 y\u0131lda T\u00fcrkiye\u2019nin \u00fczerinden alev alev yakan bir Ergenekon kumpas\u0131 ge\u00e7ti. Son 14 y\u0131ld\u0131r T\u00fcrkiye\u2019nin idaresinden sorumlu olan Cumhurba\u015fkan\u0131 Erdo\u011fan ve AKP iktidar\u0131n\u0131n ilgili isimleri kumpas\u0131n sorumlulu\u011funu hi\u00e7 \u00fcstlenmedi. S\u00fcreci, Ba\u015fbakanl\u0131\u011f\u0131 d\u00f6neminde y\u00f6neten Cumhurba\u015fkan\u0131 Erdo\u011fan, su\u00e7u hep G\u00fclen cemaati ba\u015fta olmak \u00fczere ba\u015fka yerlere att\u0131. Peki h\u00e2l\u00e2 devleti y\u00f6neten isimler, zaman\u0131nda Ergenekon kumpas\u0131 i\u00e7in neler s\u00f6ylemi\u015fti? \u0130\u015fte Ergenekon tarihinden birka\u00e7 ba\u015fl\u0131k\u2026<\/p>\n<p><strong>\u201cBU DAVANIN SAVCISIYIM\u201d<\/strong><br \/>\n15 Temmuz 2008- O d\u00f6nem Ba\u015fbakanl\u0131k koltu\u011funda oturan Erdo\u011fan, Ergenekon savc\u0131lar\u0131n\u0131n iddianameyi \u0130stanbul 13. A\u011f\u0131r Ceza Mahkemesi\u2019ne verdiklerinin hemen ertesi g\u00fcn\u00fc, \u201cBu davan\u0131n savc\u0131s\u0131y\u0131m\u201d \u00e7\u0131k\u0131\u015f\u0131nda bulunmu\u015ftu. D\u00f6nemin CHP Genel Ba\u015fkan\u0131 Deniz Baykal\u2019\u0131n Ergenekon davas\u0131nda kendisine savc\u0131 yak\u0131\u015ft\u0131rmas\u0131nda bulundu\u011funu hat\u0131rlanan Erdo\u011fan \u201cMillet ad\u0131na hakk\u0131 araman\u0131n hakk\u0131 savunman\u0131n gayreti i\u00e7indeyiz, e\u011fer bu anlamda savc\u0131l\u0131k ise evet savc\u0131y\u0131m\u201d demi\u015fti.<br \/>\n<strong>\u201cO SAVCILARA B\u00dcT\u00dcN T\u00dcRK\u0130YE\u2019N\u0130N BORCU VAR\u201d<\/strong><br \/>\nBa\u015fbakan Yard\u0131mc\u0131s\u0131 B\u00fclent Ar\u0131n\u00e7 ise dalga dalga gelen Ergenekon operasyonlar\u0131n\u0131n g\u00f6lgesinde G\u00fclen cemaatine ait Aksiyon dergisine verdi\u011fi s\u00f6yle\u015fide; d\u00fczmece delil ve gizli tan\u0131klarla y\u00fcr\u00fct\u00fclen Ergenekon ve Balyoz davalar\u0131nda verilen kararlara destek vermi\u015f, \u00f6zel g\u00f6revli yarg\u0131\u00e7 ve savc\u0131lar\u0131 \u00f6vm\u00fc\u015f; \u201cOnlara b\u00fct\u00fcn T\u00fcrkiye&#8217;nin demokrasi ad\u0131na b\u00fcy\u00fck bir borcu var\u201d demi\u015fti.<br \/>\n<strong>\u201cT\u00dcRK\u0130YE BA\u011eIRSAKLARINI TEM\u0130ZL\u0130YOR\u201d<\/strong><br \/>\nYine d\u00f6nemin Ba\u015fbakan Yard\u0131mc\u0131s\u0131 B\u00fclent Ar\u0131n\u00e7, o d\u00f6nem bir televizyon program\u0131nda \u201cT\u00fcrkiye iyi bir noktaya gidiyor. Bu s\u0131k\u0131nt\u0131lar, sanc\u0131lar bir taraftan do\u011fum sanc\u0131s\u0131d\u0131r. Bir taraftan da ba\u011f\u0131rsaklar\u0131n temizlenmesidir\u201d demi\u015fti.<br \/>\n<strong>\u201cH\u0130ZAYA SOKTUK\u201d<\/strong><br \/>\nD\u00f6nemin Avrupa Birli\u011fi Bakan\u0131 ve Ba\u015fm\u00fczakereci Egemen Ba\u011f\u0131\u015f ise 2012 y\u0131l\u0131nda Ergenekon ve Balyoz kahramanlar\u0131n\u0131 kastederek, \u201cMaalesef T\u00fcrkiye&#8217;de bulan\u0131k suda bal\u0131k avlamaya al\u0131\u015fm\u0131\u015f zihniyetlerin hep \u00f6n\u00fcm\u00fcze engeller \u00e7\u0131karmaya \u00e7al\u0131\u015ft\u0131\u011f\u0131n\u0131 g\u00f6rd\u00fck. T\u00fcrkiye&#8217;dekileri hizaya soktuk\u201d diye konu\u015fmu\u015ftu.<br \/>\n<strong>\u201cCUMHUR\u0130YET TAR\u0130H\u0130N\u0130N EN B\u00dcY\u00dcK HUKUK\u0130 HESAPLA\u015eMASI\u201d<\/strong><br \/>\nAKP Milletvekili ve Ba\u015fbakan Ba\u015fdan\u0131\u015fman\u0131 Yal\u00e7\u0131n Akdo\u011fan ise 2013 y\u0131l\u0131n\u0131n A\u011fustos ay\u0131nda yapt\u0131\u011f\u0131 bir a\u00e7\u0131klamada \u201cCumhuriyet tarihinin en b\u00fcy\u00fck hukuki hesapla\u015fmas\u0131\u201d tan\u0131m\u0131n\u0131 yapm\u0131\u015f ve \u201csadece bir zihniyetten hesap sorulmam\u0131\u015f, ayn\u0131 zamanda bu anlay\u0131\u015f yarg\u0131 yoluyla tasfiye edilmi\u015ftir.\u201d diye konu\u015fmu\u015ftu.<br \/>\n<strong>\u201cKURDA MERHAMET ETMEK KUZUYA ZUL\u00dcMD\u00dcR\u201d<\/strong><br \/>\nD\u00f6nemin AKP S\u00f6zc\u00fcs\u00fc H\u00fcseyin \u00c7elik ise Ergenekon ma\u011fdurlar\u0131na ceza ya\u011fd\u0131\u011f\u0131 dakikalarda kat\u0131ld\u0131\u011f\u0131 bir televisyon program\u0131nda \u201c\u015eunu unutmamak laz\u0131m. T\u00fcrkiye y\u0131llard\u0131r darbe tehdidi alt\u0131ndayd\u0131. Merhamet adaleti engellerse o merhametten maraz do\u011far. Kurda merhamet etmek kuzuya zulum etmektir\u201d yorumunda bulunmu\u015ftu.<\/p>\n<p>ERGENEKON YAZARLARI!<br \/>\n\u015eu anda AKP milletvekili olan \u015eamil Tayyar da o d\u00f6n\u00f6m gazeteci s\u0131fat\u0131yla Ergenekon \u00fczerine kitaplar yazm\u0131\u015f, Ergenekon\u2019un masaya yat\u0131r\u0131ld\u0131\u011f\u0131 tart\u0131\u015fma programlar\u0131n\u0131n vazge\u00e7ilmez konuklar\u0131ndan birisi olmu\u015ftu. Yine Tayyar gibi Sabah yazar\u0131 Rasim Ozan K\u00fctahyal\u0131 da Ergenekon konusunda bilirki\u015fi kesilmi\u015f ve program program gezmi\u015fti.<\/p>\n<p><strong>DAVANIN GE\u00c7M\u0130\u015e\u0130<\/strong><br \/>\nErgenekon soru\u015fturmas\u0131, bir telefon ihbar telefonu \u00fczerine 12 Haziran 2007\u2032de \u00dcmraniye&#8217;de bir gecekonduda 27 adet el bombas\u0131n\u0131n bulunmas\u0131yla ba\u015flad\u0131. Ergenekon dalgalar\u0131 ad\u0131yla an\u0131lan operasyonlarda i\u015f, siyaset, spor , sanat, hukuk ve medya d\u00fcnyas\u0131ndan isimler, asker, polis, i\u015fadam\u0131, yazar, akademisyen ve sendikac\u0131 g\u00f6zalt\u0131na al\u0131nd\u0131. \u0130lk duru\u015fmas\u0131 20 Ekim 2008 tarihinde ba\u015flad\u0131. Ergenekon Davas\u0131&#8217;\u0131yla 23 iddianame birle\u015fti, davada 31\u2032i gizli tan\u0131k olmak \u00fczere 160 tan\u0131\u011f\u0131n beyan\u0131 al\u0131nd\u0131. Poyraz, Hisar, &#8218;9\u2032 ve Deniz gizli kalmak istemedi, kimliklerini a\u00e7\u0131klad\u0131, san\u0131klarla y\u00fczle\u015fti. \u0130smini a\u00e7\u0131klayanlar aras\u0131nda en \u00e7ok etki uyand\u0131ran ise gizli tan\u0131k \u201cDeniz\u201d olarak ifade veren PKK&#8217;n\u0131n eski y\u00f6neticilerinden \u015eemdin Sak\u0131k oldu. \u201cSamimiyetimi ortaya koymak i\u00e7in kimli\u011fimi a\u00e7\u0131klad\u0131m\u201d diyen Sak\u0131k&#8217;\u0131n ifadesi s\u0131ras\u0131nda Silivri&#8217;de mi yoksa h\u00fck\u00fcml\u00fc olarak kald\u0131\u011f\u0131 Diyarbak\u0131r Cezaevi&#8217;nde mi olup olmad\u0131\u011f\u0131 konusu da dava avukatlar\u0131 taraf\u0131ndan tart\u0131\u015f\u0131ld\u0131. Tutuklu san\u0131klar, \u015eemdin Sak\u0131k&#8217;\u0131n tan\u0131k olarak dinlenmesine duru\u015fmada tepki g\u00f6sterdi. Davada 600 duru\u015fma yap\u0131ld\u0131. Karar\u0131n\u0131 5 A\u011fustos 2013\u2032te a\u00e7\u0131klayan \u0130stanbul 13. A\u011f\u0131r Ceza Mahkemesi, eski Genelkurmay Ba\u015fkan\u0131 emekli Orgeneral \u0130lker Ba\u015fbu\u011f&#8217;u M\u00fcebbet hapis cezas\u0131, CHP milletvekili Mustafa Balbay&#8217;a 34 y\u0131l 8 ay hapis cezas\u0131, Mehmet Haberal&#8217;a 12 y\u0131l 6 ay hapis cezas\u0131, \u0130\u015f\u00e7i Partisi Genel Ba\u015fkan\u0131 Do\u011fu Perin\u00e7ek&#8217;e a\u011f\u0131rla\u015ft\u0131r\u0131lm\u0131\u015f m\u00fcebbet hapis cezas\u0131 ve 34 y\u0131l 4 ay hapis cezas\u0131, Dan\u0131\u015ftay sald\u0131r\u0131n\u0131n tetik\u00e7isi Alparslan Aslan&#8217;a 2 kez a\u011f\u0131rla\u015ft\u0131r\u0131lm\u0131\u015f m\u00fcebbet hapis cezas\u0131 ve 90 y\u0131l hapis cezas\u0131na \u00e7arpt\u0131rd\u0131. Di\u011fer san\u0131klar da \u00e7e\u015fitli hapis cezas\u0131na \u00e7arpt\u0131r\u0131ld\u0131. \u00d6zel Yetkili Mahkemelerin kapat\u0131lmas\u0131 ve tutukluluk s\u00fcresini 5 y\u0131lla s\u0131n\u0131rlayan yeni kanunun y\u00fcr\u00fcrl\u00fc\u011fe girmesinin ard\u0131ndan san\u0131klardan Alparslan Arslan hari\u00e7 t\u00fcm san\u0131klar tahliye edildi. Yarg\u0131tay 16. Ceza Dairesindeki temyiz duru\u015fmalar\u0131, 6 Ekim&#8217;de ba\u015flad\u0131 ve 17 oturum yap\u0131ld\u0131. Dava 9 y\u0131l sonra bug\u00fcn karara ba\u011fland\u0131.\u201c<\/p>\n<p>https:\/\/www.sozcu.com.tr\/2016\/gundem\/ergenekon-icin-kim-ne-demisti-1195230\/<\/p>\n<p>AKP y\u00f6netiminin ony\u0131ll\u0131k iktidar d\u00f6neminde, T\u00fcrkiye (\u00fc\u00e7te ikisi generaller ve amiraller olmak \u00fczere) \u00fcst d\u00fczey askerlerin, \u00f6nde gelen siyasilerin &#8211; parlamento \u00fcyeleri de d\u00e2hil \u2013 gazetecilerin ve hukuk\u00e7ular\u0131n cezaevine konuldu\u011fu \u00fclkeler aras\u0131nda d\u00fcnya rekoruna sahiptir. T\u00fcrk devleti, \u00e7ifte standart uygulanmas\u0131n\u0131n bir \u00f6rne\u011fi olarak, her yerde \u201cdemokratik bir devlet\u201d olarak kabul edilmekte, NATO\u2019ya \u00fcyeli\u011fi devam etmekte ve kat\u0131l\u0131m ba\u015fvuru prosed\u00fcr\u00fc gere\u011fi Avrupa Birli\u011fi ile g\u00f6r\u00fc\u015fmelerine de devam edilmekte.<br \/>\nD\u0131\u015fi\u015fleri Bakan\u0131 Ahmet Davuto\u011flu\u2019nun stratejisi, Osmanl\u0131 \u0130mparatorlu\u011funun da\u011f\u0131lmas\u0131ndan sonra kurulan devlet T\u00fcrkiye\u2019nin ilk ba\u015flarda ba\u015far\u0131 gibi g\u00f6r\u00fcnen, daha sonra adeta bir k\u00e2bus haline d\u00f6n\u00fc\u015fen, kom\u015fu \u00fclkeleriyle olan sorunlar\u0131na \u00e7\u00f6z\u00fcm yolu bulmak amac\u0131yla i\u00e7ine girdi\u011fi \u00e7\u00f6k\u00fc\u015ften \u00e7\u0131karmakt\u0131r. Suriye\u2019nin daha ilk ba\u015flarda \u00e7\u00f6k\u00fc\u015f\u00fcne giden somut belirtilerinin ortaya \u00e7\u0131kmas\u0131 ve \u00fclkenin par\u00e7alanmas\u0131 ihtimali \u00fczerine, AKP y\u00f6netiminin kibirle hareket etmesine ve T\u00fcrkiye\u2019nin her bir kom\u015fusuyla aralar\u0131 a\u00e7\u0131lmas\u0131na neden oldu.<\/p>\n<p>AKP h\u00fck\u00fcmeti, diktat\u00f6rl\u00fc\u011fe d\u00f6n\u00fc\u015fen y\u00f6netimi tesis edildik\u00e7e, politikas\u0131nda de\u011fi\u015fiklik yapt\u0131 ve toplumsal dayana\u011f\u0131 temelinde de azalma meydana geldi.<br \/>\nAncak, M\u00fcsl\u00fcman Karde\u015fler Te\u015fkilat\u0131ndan gelen \u201ctoplumu \u0130slamla\u015ft\u0131rma\u201d y\u00f6n\u00fcndeki talimatlar\u0131n yerine getirilmesinde, Aleviler, K\u00fcrtler ve \u00fclkede laikli\u011fin olmas\u0131na s\u0131cak bakan S\u00fcnnilerden uzakla\u015ft\u0131. AKP y\u00f6netimi, Haziran ay\u0131nda, Taksim Meydan\u0131nda yap\u0131lan protesto g\u00f6sterileri dalgas\u0131nda ya\u015fand\u0131\u011f\u0131 gibi, az\u0131nl\u0131k haline geldi ve giderek otoriter bir rejim olmaya d\u00f6n\u00fc\u015ft\u00fc.<\/p>\n<p>AKP\u2019nin finansman\u0131&#8230;<br \/>\nLojistik deste\u011fi, ak\u0131l hocalar\u0131 ve bilumum destek\u00e7ileri\u2026<br \/>\nYanda\u015f ve yolda\u015flar\u0131\u2026<br \/>\nDe\u011fi\u015fkenlik arz etmekle birlikte hi\u00e7 bir zaman vaz ge\u00e7medi\u011fi, vaz ge\u00e7emedi\u011fi\u2026<br \/>\nDestek\u00e7isi M\u00fcsl\u00fcman Karde\u015fler denilen olu\u015fum olmu\u015ftur. Kimdir bunlar ne yer ne i\u00e7erler\u2026<br \/>\n\u0130nsan m\u0131d\u0131r, in midir cin midir bu kimseler\u2026<br \/>\nBunlar kimlerdir VE pezevengin bunlar ile ilgisi, alakas\u0131 nedir?<\/p>\n<p>Dikkat edin bak dikkat edin\u2026<br \/>\nKimler, kimler girdi siyasi hayat\u0131na\u2026<br \/>\nKimleri b\u0131rakt\u0131 yar\u0131 yolda, Graham E. Fuller bile kald\u0131 yar\u0131 yolda\u2026<br \/>\nYETMEDI\u2026<br \/>\nTutuklama talebiyle arananlar listesine girdi!<\/p>\n<p><iframe loading=\"lazy\" width=\"525\" height=\"295\" src=\"https:\/\/www.youtube.com\/embed\/BTpYFz5lPVY?feature=oembed\" frameborder=\"0\" allow=\"accelerometer; autoplay; encrypted-media; gyroscope; picture-in-picture\" allowfullscreen><\/iframe><\/p>\n<p><a href=\"http:\/\/www.gurbuz.net\/Turk\/AldananAldatan.mp4\" rel=\"noopener noreferrer\" target=\"_blank\">O kadar ak\u0131ll\u0131y\u0131z ki, o kadar olur. Ne aldat\u0131r\u0131z ne aldan\u0131r\u0131z AMA acayip kand\u0131r\u0131r\u0131z<\/a><\/p>\n<p>Devam edecek\u2026<\/p>\n","protected":false},"excerpt":{"rendered":"<p>\u201eErgenekon i\u00e7in kim ne demi\u015fti? Tutuklamalar i\u00e7in &#8218;oh olsun&#8216; dercesine canl\u0131 yay\u0131nlarda gezenler, kumpas\u0131n if\u015faas\u0131 sonras\u0131 sessizli\u011fe b\u00fcr\u00fcnd\u00fc.Bak\u0131n Ergenekon i\u00e7in kimler neler s\u00f6ylemi\u015fti? 12 Haziran 2007\u2019de \u00dcmraniye&#8217;de bir gecekonduda 27 adet el bombas\u0131n\u0131n bulunmas\u0131yla ba\u015flayan Ergenekon s\u00fcreci 9 y\u0131ll\u0131k ser\u00fcvenin ard\u0131ndan bug\u00fcn Yarg\u0131tay\u2019\u0131n karar\u0131yla resmen tarih oldu. Kimisi \u201cG\u00fclen cemaatinin T\u00fcrkiye\u2019yi dizayn \u00e7al\u0131\u015fmas\u0131\u201d dedi kimisi &hellip; <\/p>\n<p class=\"link-more\"><a href=\"http:\/\/wordpress.gurbuz.net\/?p=27854\" class=\"more-link\"><span class=\"screen-reader-text\">\u201eEvet nerede kalm\u0131\u015ft\u0131k? Hah\u2026 Beyinsiz kald\u0131klar\u0131nda, devam edelim hat\u0131rlamaya, hat\u0131rlayal\u0131m ki bug\u00fcnleri ANLAYALIM! L\u00dcTFEN k\u0131zmay\u0131n bana, \u201claf\u0131 \u2013 s\u00f6z\u00fc\u201d uzatm\u0131yor, sizlerden bir \u015fey saklam\u0131yorum. Var yazamad\u0131klar\u0131m, s\u00f6yleyemediklerim AMA saklam\u0131yorum, diyorum i\u015fte a\u00e7\u0131k a\u00e7\u0131k. Ama anlaman\u0131z \u00e7ok \u00f6nemli, s\u00fcreci hat\u0131rlaman\u0131z ki anlayas\u0131n\u0131z yazd\u0131klar\u0131m\u0131, yazacaklar\u0131m\u0131\u201c<\/span> weiterlesen<\/a><\/p>\n","protected":false},"author":1,"featured_media":0,"comment_status":"open","ping_status":"open","sticky":false,"template":"","format":"standard","meta":[],"categories":[1],"tags":[],"_links":{"self":[{"href":"http:\/\/wordpress.gurbuz.net\/index.php?rest_route=\/wp\/v2\/posts\/27854"}],"collection":[{"href":"http:\/\/wordpress.gurbuz.net\/index.php?rest_route=\/wp\/v2\/posts"}],"about":[{"href":"http:\/\/wordpress.gurbuz.net\/index.php?rest_route=\/wp\/v2\/types\/post"}],"author":[{"embeddable":true,"href":"http:\/\/wordpress.gurbuz.net\/index.php?rest_route=\/wp\/v2\/users\/1"}],"replies":[{"embeddable":true,"href":"http:\/\/wordpress.gurbuz.net\/index.php?rest_route=%2Fwp%2Fv2%2Fcomments&post=27854"}],"version-history":[{"count":8,"href":"http:\/\/wordpress.gurbuz.net\/index.php?rest_route=\/wp\/v2\/posts\/27854\/revisions"}],"predecessor-version":[{"id":27862,"href":"http:\/\/wordpress.gurbuz.net\/index.php?rest_route=\/wp\/v2\/posts\/27854\/revisions\/27862"}],"wp:attachment":[{"href":"http:\/\/wordpress.gurbuz.net\/index.php?rest_route=%2Fwp%2Fv2%2Fmedia&parent=27854"}],"wp:term":[{"taxonomy":"category","embeddable":true,"href":"http:\/\/wordpress.gurbuz.net\/index.php?rest_route=%2Fwp%2Fv2%2Fcategories&post=27854"},{"taxonomy":"post_tag","embeddable":true,"href":"http:\/\/wordpress.gurbuz.net\/index.php?rest_route=%2Fwp%2Fv2%2Ftags&post=27854"}],"curies":[{"name":"wp","href":"https:\/\/api.w.org\/{rel}","templated":true}]}}