{"id":27825,"date":"2019-09-03T09:06:49","date_gmt":"2019-09-03T09:06:49","guid":{"rendered":"http:\/\/wordpress.gurbuz.net\/?p=27825"},"modified":"2019-09-03T12:16:53","modified_gmt":"2019-09-03T12:16:53","slug":"akpnin-yargi-darbesi-fetoe-ile-hala-organik-bagi-cirkefe-bulasan-tuerkiye-cumhuriyeti-ve-kahpedogan-cetesi-uezerine","status":"publish","type":"post","link":"http:\/\/wordpress.gurbuz.net\/?p=27825","title":{"rendered":"AKP\u2019nin yarg\u0131 darbesi, FET\u00d6 ile HALA organik ba\u011f\u0131, \u00e7irkefe bula\u015fan T\u00fcrkiye Cumhuriyeti VE Kahpedo\u011fan \u00e7etesi \u00fczerine"},"content":{"rendered":"<p>Yar\u0131na yand\u0131m\u2026<br \/>\nYar\u0131na \u00f6l\u00fcp, \u00f6l\u00fcp dirilece\u011fim KESIN!<\/p>\n<p>Bug\u00fcn m\u00fc hi\u00e7 sorma ne hallerdeyim, d\u00fcn delirdim, \u00e7\u0131ld\u0131rd\u0131m haber alamay\u0131nca\u2026<br \/>\nOlas\u0131l\u0131klar\u2026<br \/>\nBir bir dizildi g\u00f6z\u00fcm\u00fcn \u00f6n\u00fcnde, en korkuncu, en k\u00f6t\u00fcs\u00fc ba\u015fta olmak \u00fczere\u2026<br \/>\nGitmem laz\u0131m, \u00d6nderin hi\u00e7 bitmez i\u015fleri\u2026<br \/>\nNe yapay\u0131m?<br \/>\nBir \u015fekilde her \u015fey d\u00f6n\u00fcp dola\u015f\u0131p benim masamda yerini buluyor\u2026<br \/>\nBin par\u00e7aya b\u00f6l\u00fcnsem\u2026<br \/>\nMilyon par\u00e7aya\u2026<br \/>\nNe fayda?<\/p>\n<p>Bug\u00fcnden tezi yok, yukardaki konular\u0131 i<span style=\"display: inline !important; float: none; background-color: transparent; color: #333333; cursor: text; font-family: 'Libre Franklin','Helvetica Neue',helvetica,arial,sans-serif; font-size: 16px; font-style: normal; font-variant: normal; font-weight: 400; letter-spacing: normal; orphans: 2; text-align: left; text-decoration: none; text-indent: 0px; text-transform: none; -webkit-text-stroke-width: 0px; white-space: normal; word-spacing: 0px;\">\u015f<\/span>lemeye ba\u015flayaca\u011f\u0131m\u2026<br \/>\nBir ba\u011flant\u0131 kurabilir, vaktim m\u00fcsait olursa jetleri de konuya dahil etmek istiyorum\u2026<br \/>\nAMA\u2026<br \/>\n\u00d6nce \u00f6zelim, OMA\u2026<br \/>\nPara\u2026<br \/>\nTayyipistan ekonomisine d\u00f6nd\u00fcm, acilen toparlamal\u0131y\u0131m kendimi\u2026<br \/>\nBak\u2026<br \/>\nDolar 5,77\u2019ye kadar geriledi, UMUTLANAMA\u2026<br \/>\nGe\u00e7ici!<\/p>\n<p>Evet\u2026<br \/>\nBelki kimi bilmedi\u011finiz, kimi d\u00fc\u015f\u00fcnmedi\u011finiz, g\u00f6rmedi\u011finiz\u2026<br \/>\nKimi perde arkas\u0131 bilgisi\u2026<br \/>\nBu makalede yer alacak k\u0131smetse. Bug\u00fcn, y\u00e2rin belki ertesi g\u00fcne aksarsa\u2026<br \/>\nAMA kesin alt\u0131s\u0131ndan \u00f6nce\u2026<br \/>\nKorkuyorum, tembihledim, not ald\u0131m, elektronik cihazlar ayarl\u0131\u2026<br \/>\n\u015eeker ila\u00e7lar\u0131m\u2026<br \/>\n\u0130nsan, al\u0131\u015fkanl\u0131klar\u0131n\u0131n esiri\u2026<br \/>\nBug\u00fcn son, yar\u0131na uyku sersemi atmasam a\u011f\u0131za bari.<\/p>\n<p>*<\/p>\n<p>Biraz gerilere gidip\u2026<br \/>\nToparlaya toparlaya g\u00fcn\u00fcm\u00fcze gelelim\u2026<br \/>\nErgenekon davas\u0131n\u0131n 05 A\u011fustos\u2019ta, Silivri\u2019de yap\u0131lan duru\u015fmas\u0131nda al\u0131nan kararla h\u00fck\u00fcmete kar\u015f\u0131 d\u00fczenlenen komplo iddias\u0131 kabul edilmi\u015fti. Bu dava s\u00fcrecinde demokratik bir yarg\u0131laman\u0131n vecibelerine riayet edilmedi: \u00d6zel olarak in\u015fa edilen bir hapishanede, \u00f6zel olarak kurulan mahkemelerde ve yine \u00f6zel yetkili yarg\u0131\u00e7lar eliyle yarg\u0131lama yap\u0131ld\u0131.<\/p>\n<p>L\u00dcTFEN\u2026<br \/>\nBu ba\u011flamda \u015funlar\u0131 hat\u0131rlay\u0131n\u0131z:<br \/>\n1. \u201csavc\u0131\u201d Zekeriya \u00d6z, olanlar\u0131 ve Onun sonunu<br \/>\n2. Vazifeden g\u00f6rev \u00e7\u0131karan hangi pezevenkti?<\/p>\n<p><a href=\"http:\/\/www.gurbuz.net\/Turk\/Erdogan Zekeriya Oz bugun ne dedi.mp4\" target=\"_blank\" rel=\"noopener noreferrer\">Hat\u0131rlamayanlar i\u00e7in <\/a><\/p>\n<p><strong>Olduk\u00e7a uzun bir makale olaca\u011fa benzer\u2026<br \/>\nYANI sab\u0131r, videoyu de\u011fi\u015ftirdim, \u00d6nce ve sonras\u0131 hat\u0131rlamayanlar i\u00e7in<\/strong><\/p>\n<p>Soru\u015fturma a\u015famas\u0131nda elde edildi\u011fi iddia edilen \u00e7ok say\u0131da belge zanl\u0131lar taraf\u0131ndan d\u00fczmece oldu\u011fu gerek\u00e7esiyle reddedilmi\u015fti. Yarg\u0131lama s\u0131ras\u0131nda tan\u0131kl\u0131k yapanlar\u0131n kimli\u011fi de gizli kald\u0131.<br \/>\nYarg\u0131lananlar\u2026<br \/>\nAKP\u2019ye muhalif k\u00fc\u00e7\u00fck bir az\u0131nl\u0131\u011f\u0131 temsil etmelerine ra\u011fmen, T\u00fcrkiye\u2019nin NATO \u00fcyeli\u011fine ve \u00fclkenin Suriye\u2019de y\u00fcr\u00fct\u00fclen \u00f6rt\u00fcl\u00fc sava\u015fta yer almas\u0131na ideolojik olarak kar\u015f\u0131 \u00e7\u0131kabilecek g\u00fcc\u00fc bulunan bir hareketi olu\u015ftururlard\u0131.<\/p>\n<p>Biliyorum\u2026<br \/>\nBiraz ileri gidiyorum ama haf\u0131zan\u0131z\u0131 zorlaman\u0131z\u0131 isteyece\u011fim, bu zihniyetin \u0130talya\u2019daki kankas\u0131 kimdi?<\/p>\n<p>Hat\u0131layd\u0131n\u0131z m\u0131, ne s\u0131k\u0131 f\u0131k\u0131 bir dostluklar\u0131 vard\u0131(!)<\/p>\n<p>Onun d\u00fcnya kadar pisli\u011fi meydana \u00e7\u0131kt\u0131, sonunda ortam\u0131 terk etmek zorunda kald\u0131\u2026<br \/>\n\u201cBizimki\u201d \u00f6yle y\u00fczs\u00fcz ki\u2026<br \/>\nHala makam i\u015fgal ediyor. Evet\u2026<br \/>\nBuna kar\u015f\u0131l\u0131k, h\u00fck\u00fcmetin yap\u0131s\u0131 ve Ba\u015fbakan Erdo\u011fan\u2019\u0131n siyasi formasyonu \u0130talya\u2019daki H\u0131ristiyan Demokrasinin T\u00fcrkiye\u2019deki kar\u015f\u0131l\u0131\u011f\u0131na denk gelmekte: \u0130ktidar partisi bile\u015fenleri Atlantik m\u00fcttefikli\u011fini mutlak olarak savunuyorlar ve \u201c\u0131l\u0131ml\u0131\u201d dinsel bir parti olduklar\u0131n\u0131 kabul etmiyorlar. <em>\u0130talya\u2019daki H\u0131ristiyan Demokrasi Partisi masonik localar\u0131 etraf\u0131nda \u00f6rg\u00fctlenmi\u015f, finansman\u0131 da mafya taraf\u0131ndan sa\u011flanm\u0131\u015ft\u0131<\/em>.<\/p>\n<p><em><strong>Bak\u0131n buras\u0131n\u0131 anlaman\u0131z \u00e7ok \u00f6nemli\u2026<br \/>\n\u0130kili bir oyun\u2026<br \/>\nBir yandan bat\u0131ya \u015firin g\u00f6r\u00fcnmek i\u00e7in \u0131l\u0131ml\u0131 \u0130slam pozisyonu\u2026<br \/>\nDemokratik\u2026<br \/>\nPardon ileri demokrat \u00d6TE YANDAN\u2026<br \/>\nKi asil niyetti bu \u2026 ger\u00e7ekle\u015ftirmek. Nokta, nokta, noktalar s\u00fcrpriz\u2026<br \/>\nHen\u00fcz s\u00f6zlerime ba\u015flad\u0131m, bu zihniyetin asil NIYETI\u2026<br \/>\nGizli zihniyeti\u2026<br \/>\nEvet ona daha sonra gelece\u011fiz. \u00d6nemli olan \u0130talya \u00f6rne\u011finde oldu\u011fu gibi bu olu\u015fumun finansman\u0131n karanl\u0131k odaklar, g\u00fc\u00e7ler taraf\u0131ndan sa\u011fland\u0131\u011f\u0131n\u0131 anlaman\u0131z.<\/strong><\/em><\/p>\n<p>Tabii bu \u00fclke reva\u00e7ta\u2026<br \/>\nJeolojik strateji, politik \u00f6nemi\u2026<br \/>\nHal b\u00f6yle olunca sa\u011fdan, soldan her yerden parmaklayanlar var\u2026<br \/>\nMenfaati olanlar, izleyelim birlikte:<\/p>\n<p><iframe loading=\"lazy\" width=\"525\" height=\"295\" src=\"https:\/\/www.youtube.com\/embed\/7Y_cLmsmOuY?feature=oembed\" frameborder=\"0\" allow=\"accelerometer; autoplay; encrypted-media; gyroscope; picture-in-picture\" allowfullscreen><\/iframe><\/p>\n<p><iframe loading=\"lazy\" width=\"525\" height=\"295\" src=\"https:\/\/www.youtube.com\/embed\/G68CFSqw8x0?feature=oembed\" frameborder=\"0\" allow=\"accelerometer; autoplay; encrypted-media; gyroscope; picture-in-picture\" allowfullscreen><\/iframe><\/p>\n<p>Tay, tay\u2026<br \/>\nTay konusuna ileride yine d\u00f6nmemiz gerekli, \u00f6zellikle Say\u0131\u015fTay\u2019a\u2026<br \/>\nPara, para, para!<\/p>\n<p><iframe loading=\"lazy\" width=\"525\" height=\"295\" src=\"https:\/\/www.youtube.com\/embed\/RU7KwmvObME?feature=oembed\" frameborder=\"0\" allow=\"accelerometer; autoplay; encrypted-media; gyroscope; picture-in-picture\" allowfullscreen><\/iframe><\/p>\n<p>Ya, ya\u2026<br \/>\nHayat dedi\u011fin b\u00f6yle bir \u015fey\u2026<br \/>\nYEMINLE\u2026<br \/>\nYazamam, g\u00f6steremem bat\u0131 ile ilgili b\u00f6l\u00fcmleri, allay\u0131\u015fla kar\u015f\u0131lay\u0131n l\u00fctfen\u2026<br \/>\nAlt taraf\u0131 bir \u00e7eyrek!<\/p>\n<p>\u0130nan\u0131n\u2026<br \/>\nBunlar daha ba\u015flang\u0131\u00e7, sadece birer hat\u0131rlatma\u2026<br \/>\nGelmedik daha enteresan b\u00f6l\u00fcmlere\u2026<br \/>\nKibir karde\u015fim kibir\u2026<br \/>\nYani afra tafra\u2026<br \/>\nBelki Kas\u0131mpa\u015fa gibi yerlerde beli bir neticeye varan y\u00f6ntem olabilir\u2026<br \/>\nAma\u2026<br \/>\nAz biraz m\u00fcrekkep yalam\u0131\u015f, biraz k\u00fclt\u00fcrl\u00fc, biraz d\u00fc\u015f\u00fcnen\u2026<br \/>\nGe\u00e7mi\u015fi olan\u2026<br \/>\nVe gelece\u011fine de\u011fer veren hi\u00e7bir yerde b\u00f6yle davran\u0131\u015flar intiba g\u00f6rmez. Sen istedi\u011fin kadar\u2026<br \/>\nUltra\u2026<br \/>\nS\u00fcper l\u00fcks saraylar dik oraya buraya, s\u0131r\u0131t\u0131yorsun cehaletinle\u2026<br \/>\n\u201cAsiller\u201d aras\u0131nda!<\/p>\n<p>### !!! *** !!! ###<\/p>\n<p>\u00c7ok olmuyor, sormu\u015ftum\u2026<br \/>\nBunlar FET\u00d6 ile papaz olduktan sonra hi\u00e7bir i\u015fleri rast gitmedi de\u011fil mi diye\u2026<br \/>\nVe yine \u00e7ok oluyor &gt; ambivalenz &lt; te\u015fhisim\u2026<br \/>\nSordum\u2026<br \/>\nHat\u0131rl\u0131yorum daha kim var bunlar\u0131n arkalar\u0131nda\u2026<br \/>\nAmerika\u2026<br \/>\nAvrupa bir \u00f6yle bir b\u00f6yle, bu ara\u015ft\u0131rmalar\u0131m\u0131n sonucunda\u2026<br \/>\nKESIN kan\u0131m, EMINIM sonunda anlad\u0131m kim var arkalar\u0131nda!<\/p>\n<p>### !!! *** !!! ###<\/p>\n<p>Hepsi bu makalede yer alacak, hepsi\u2026<br \/>\n\u015eimdilik sadece \u015fu kadar\u0131n\u0131 yazm\u0131\u015f olay\u0131m, gelecek gerisi\u2026<br \/>\nHat\u0131rl\u0131yor musunuz yazm\u0131\u015ft\u0131m bir keresinde devlet devletse kurmaz \u00e7ete\u2026<br \/>\nAma\u2026<br \/>\nOlan\u0131 kullan\u0131r, evet ismini verece\u011fim, belki tahmin bile ediyorsunuz kim var bu pezevenklerin arkas\u0131nda AMA bunu SAKIN unutma, O olu\u015fumun ard\u0131nda kim var, KIMLER destekliyor, ayakta tutuyor BILEMEYIZ, sadece kimi tahmin y\u00fcr\u00fctebiliriz.<\/p>\n<p>T\u00fcrk Devlet organlar\u0131 ile Mafya aras\u0131ndaki ba\u011flar\u0131n varl\u0131\u011f\u0131 Susurluk (1996) kazas\u0131ndan beri a\u00e7\u0131\u011fa \u00e7\u0131km\u0131\u015ft\u0131. Ter\u00f6rle m\u00fccadelede polis \u015fefi H\u00fcseyin Kocada\u011f, a\u015f\u0131r\u0131 sa\u011f milislerin, Bozkurtlar\u0131n reisi, uyu\u015fturucu madde ka\u00e7ak\u00e7\u0131s\u0131 Abdullah \u00c7atl\u0131, sevgilisi ve ayn\u0131 zamanda tetik\u00e7i Gonca Us, muhafazak\u00e2r milletvekili ve uyu\u015fturucu baronu Sedat Bucak, bu kaza s\u0131ras\u0131nda Bucak\u2019a ait arabada \u00f6ld\u00fcler. Bug\u00fcn ayn\u0131 faaliyetlere Suriye\u2019nin ya\u011fmalanmas\u0131yla devam ediliyor: <em>Suriye ait bir\u00e7ok \u00fcretim tesisi yerinden s\u00f6k\u00fclm\u00fc\u015f, ara\u00e7lar\/tezg\u00e2hlar \u00e7al\u0131nm\u0131\u015f, \u00e7ok say\u0131da arkeolojik varl\u0131k, resmi g\u00f6revlilerin bilgisi d\u00e2hilinde, yasad\u0131\u015f\u0131 bir \u015fekilde Antakya\u2019da sat\u0131\u015fa sunulmu\u015ftur.<\/em><\/p>\n<p>Neyse, merakta b\u0131rakmayay\u0131m sizleri\u2026<br \/>\nBir ipucu vereyim\u2026<br \/>\nDedim ya uzunca bir \u015fey olacakm\u0131\u015fa benziyor, anlatmak istediklerim \u00e7ok\u2026<br \/>\nHat\u0131rlay\u0131n M\u0131s\u0131r\u2019\u0131\u2026<br \/>\nSisi, Mursi falan, anlayan anlad\u0131!<\/p>\n<p>EVET\u2026<br \/>\nTalimatlar, y\u00f6n vermeler\u2026<br \/>\nY\u00f6nlendirmeler bir taraftan AB(D) \u00f6te yandan bu iki koldan geliyordu\u2026<br \/>\nFET\u00d6\u2019ye\u2026<br \/>\n\u0130stersen beyin de!<\/p>\n<p>Beyinsiz kald\u0131lar, beyinsiz.<\/p>\n<p><a href=\"https:\/\/www.msn.com\/de-de\/nachrichten\/politik\/bericht-t\u00fcrkische-akp-will-parteiausschluss-von-ex-ministerpr\u00e4sident-davutoglu\/ar-AAGJwvr?ocid=spartanntp\" target=\"_blank\" rel=\"noopener noreferrer\">Oku, ihrac&#8230; Davut&#8217;un oglu<\/a><\/p>\n","protected":false},"excerpt":{"rendered":"<p>Yar\u0131na yand\u0131m\u2026 Yar\u0131na \u00f6l\u00fcp, \u00f6l\u00fcp dirilece\u011fim KESIN! Bug\u00fcn m\u00fc hi\u00e7 sorma ne hallerdeyim, d\u00fcn delirdim, \u00e7\u0131ld\u0131rd\u0131m haber alamay\u0131nca\u2026 Olas\u0131l\u0131klar\u2026 Bir bir dizildi g\u00f6z\u00fcm\u00fcn \u00f6n\u00fcnde, en korkuncu, en k\u00f6t\u00fcs\u00fc ba\u015fta olmak \u00fczere\u2026 Gitmem laz\u0131m, \u00d6nderin hi\u00e7 bitmez i\u015fleri\u2026 Ne yapay\u0131m? Bir \u015fekilde her \u015fey d\u00f6n\u00fcp dola\u015f\u0131p benim masamda yerini buluyor\u2026 Bin par\u00e7aya b\u00f6l\u00fcnsem\u2026 Milyon par\u00e7aya\u2026 Ne &hellip; <\/p>\n<p class=\"link-more\"><a href=\"http:\/\/wordpress.gurbuz.net\/?p=27825\" class=\"more-link\"><span class=\"screen-reader-text\">\u201eAKP\u2019nin yarg\u0131 darbesi, FET\u00d6 ile HALA organik ba\u011f\u0131, \u00e7irkefe bula\u015fan T\u00fcrkiye Cumhuriyeti VE Kahpedo\u011fan \u00e7etesi \u00fczerine\u201c<\/span> weiterlesen<\/a><\/p>\n","protected":false},"author":1,"featured_media":0,"comment_status":"open","ping_status":"open","sticky":false,"template":"","format":"standard","meta":[],"categories":[1],"tags":[],"_links":{"self":[{"href":"http:\/\/wordpress.gurbuz.net\/index.php?rest_route=\/wp\/v2\/posts\/27825"}],"collection":[{"href":"http:\/\/wordpress.gurbuz.net\/index.php?rest_route=\/wp\/v2\/posts"}],"about":[{"href":"http:\/\/wordpress.gurbuz.net\/index.php?rest_route=\/wp\/v2\/types\/post"}],"author":[{"embeddable":true,"href":"http:\/\/wordpress.gurbuz.net\/index.php?rest_route=\/wp\/v2\/users\/1"}],"replies":[{"embeddable":true,"href":"http:\/\/wordpress.gurbuz.net\/index.php?rest_route=%2Fwp%2Fv2%2Fcomments&post=27825"}],"version-history":[{"count":20,"href":"http:\/\/wordpress.gurbuz.net\/index.php?rest_route=\/wp\/v2\/posts\/27825\/revisions"}],"predecessor-version":[{"id":27847,"href":"http:\/\/wordpress.gurbuz.net\/index.php?rest_route=\/wp\/v2\/posts\/27825\/revisions\/27847"}],"wp:attachment":[{"href":"http:\/\/wordpress.gurbuz.net\/index.php?rest_route=%2Fwp%2Fv2%2Fmedia&parent=27825"}],"wp:term":[{"taxonomy":"category","embeddable":true,"href":"http:\/\/wordpress.gurbuz.net\/index.php?rest_route=%2Fwp%2Fv2%2Fcategories&post=27825"},{"taxonomy":"post_tag","embeddable":true,"href":"http:\/\/wordpress.gurbuz.net\/index.php?rest_route=%2Fwp%2Fv2%2Ftags&post=27825"}],"curies":[{"name":"wp","href":"https:\/\/api.w.org\/{rel}","templated":true}]}}