{"id":27783,"date":"2019-09-02T10:00:30","date_gmt":"2019-09-02T10:00:30","guid":{"rendered":"http:\/\/wordpress.gurbuz.net\/?p=27783"},"modified":"2019-09-02T10:49:56","modified_gmt":"2019-09-02T10:49:56","slug":"suudi-arabistan-dosyasi-tayyip-pezevengi-ile-ilgili-bir-taraflarimdan-kursunlayacaklar-beni-ya-onlar-ya-kara-mediha-%f0%9f%98%8a","status":"publish","type":"post","link":"http:\/\/wordpress.gurbuz.net\/?p=27783","title":{"rendered":"Suudi Arabistan dosyas\u0131 \u2013 Tayyip pezevengi ile ilgili (bir taraflar\u0131mdan kur\u015funlayacaklar beni, ya Onlar ya Kara Mediha &#x1f60a; )"},"content":{"rendered":"<p>Ger\u00e7ek \u015fu ki\u2026<br \/>\nTayyip ve itlerinden korkmuyorum, en fazla can\u0131m\u0131 alacaklar\u2026<br \/>\n\u0130\u015fkenceli, i\u015fkencesiz\u2026<br \/>\nAMA\u2026<br \/>\nDinciler, bahsi ge<span style=\"display: inline !important; float: none; background-color: transparent; color: #333333; cursor: text; font-family: 'Libre Franklin','Helvetica Neue',helvetica,arial,sans-serif; font-size: 16px; font-style: normal; font-variant: normal; font-weight: 400; letter-spacing: normal; orphans: 2; text-align: left; text-decoration: none; text-indent: 0px; text-transform: none; -webkit-text-stroke-width: 0px; white-space: normal; word-spacing: 0px;\">\u00e7<\/span>en herifler ki buralardalar\u2026<br \/>\nBilseniz\u2026<br \/>\nHayal bile edemeyece\u011finiz i\u015fkence \u00e7e\u015fitleri, deh\u015fete d\u00fc\u015fersiniz deh\u015fete\u2026<br \/>\nBak bu adi pezevenklerden korkuyorum i\u015fte!<\/p>\n<p><img src=\"http:\/\/www.gurbuz.net\/Turk\/020919.JPG\" alt=\"\" \/><br \/>\n<a href=\"http:\/\/www.gurbuz.net\/Turk\/020919.JPG\" target=\"_blank\" rel=\"noopener noreferrer\">+<\/a><\/p>\n<p><img src=\"http:\/\/www.gurbuz.net\/Turk\/020919-1.jpg\" alt=\"\" \/><br \/>\n<a href=\"http:\/\/www.gurbuz.net\/Turk\/020919-1.jpg\" target=\"_blank\" rel=\"noopener noreferrer\">+<\/a><\/p>\n<p><em>Bir \u00f6rnek vermek gerekirse, domuz ba\u011f\u0131 y\u00f6ntemini belki hat\u0131rlars\u0131n\u0131z\u2026<br \/>\nBiraz de\u011fi\u015ftirilmi\u015f \u015fekli\u2026<br \/>\nYak\u0131yorlar ate\u015fi alt\u0131nda, en g\u00fczeli k\u00f6m\u00fcr k\u00f6z\u00fc\u2026<br \/>\nYava\u015f yava\u015f k\u0131zart\u0131yorlar seni, diri diri!<\/em><\/p>\n<p>S\u00f6yle\u2026<br \/>\nAllah Peygamber a\u015fk\u0131 i\u00e7in s\u00f6yle\u2026<br \/>\nM\u00fcsl\u00fcman diyorlar kendilerine\u2026<br \/>\nTayyipistan zindanlar\u0131nda ne sap\u0131kl\u0131klar\u2026<br \/>\nYa bunlar?<br \/>\nHastal\u0131kl\u0131 zihinler, s\u00f6yle, cevap ver bana\u2026<br \/>\nBunlar\u2026<br \/>\nPeygamber Efendimizin \u00fcmmetinden, bunlar\u2026<br \/>\nAllah\u2019\u0131n kullar\u0131ndan olabilirler mi?<\/p>\n<p>Kendilerine\u2026<br \/>\nBirazda ald\u0131lar ya Milli Hezeyan Partisini yanlar\u0131na\u2026<br \/>\nMilli ve Yerli diyenler\u2026<br \/>\nHat\u0131rla T\u00fcrkmen karde\u015flerimizi, hat\u0131rla Azerbaycan\u2019\u0131 vesaire\u2026<br \/>\nErmenistan, bak ya Karaba\u011f\u2026<br \/>\nHat\u0131rla kimi ge\u00e7mi\u015fte ya\u015fananlar\u0131, \u00f6rne\u011fin SALA- PATIYI\u2026<br \/>\nBarzani, Talabani ve di\u011ferlerini, Ankara\u2019da t\u00f6renleri\u2026<br \/>\nS\u0131n\u0131rlar\u0131m\u0131zda\u2026<br \/>\nMehmet\u00e7i\u011fin can verdi\u011fi yerlerde, hani \u00f6l\u00fcyor ya \u00e7ocuklar\u0131m\u0131z kahpe kur\u015funu ile\u2026<br \/>\nHATIRLA\u2026<br \/>\nKar\u015f\u0131lama t\u00f6renlerini\u2026<br \/>\nTabii\u2026<br \/>\nBunlar bize \u00e7ok yak\u0131n olanlar, Uygur T\u00fcrkleri\u2026<br \/>\nM\u00fcsl\u00fcman ya M\u00fcsl\u00fcman\u2026<br \/>\nKIMIN UMURUNDA?<\/p>\n<p>Bu senenin \u015fubat ay\u0131\u2026<br \/>\nPrens Salman \u00c7ini ziyaret etti\u2026<br \/>\nBilenmesi gereken\u2026<br \/>\nUygur T\u00fcrkleri \u00c7in i\u00e7in ter\u00f6risttir, d\u00fczen bozucu\u2026<br \/>\n<img src=\"http:\/\/www.gurbuz.net\/Turk\/Salman Xi inping.jpg\" alt=\"\" \/><br \/>\nEVET\u2026<br \/>\nPrens Muhammed bin Selman, \u00c7in\u2019in ter\u00f6rle m\u00fccadele siyasetine destek vermek \u00fczere \u00c7in\u2019e resmi bir ziyarette bulundu\u2026<br \/>\nBu arada hem ziyaret, DESTEK\u2026<br \/>\nHem ticaret\u2026<br \/>\nGer\u00e7ekle\u015ftirdi\u011fi ziyaretten yararlanarak \u00e7ok say\u0131da i\u015f birli\u011fi anla\u015fmas\u0131 imzalad\u0131. Riyad i\u00e7in ABD\u2019ye ba\u011f\u0131ml\u0131l\u0131\u011f\u0131ndan kurtulmak i\u00e7in ayn\u0131 zamanda hem tedarik\u00e7ilerini \u00e7e\u015fitlendirmek hem de petrol ihracat\u0131n\u0131 d\u00fczenlemek s\u00f6z konusuydu. <\/p>\n<p>Bu ziyaret\u2026<br \/>\nTayyipistanin, kendi yorumuna g\u00f6re T\u00fcrk\u00e7e konu\u015fan ve M\u00fcsl\u00fcman Uygur az\u0131nl\u0131\u011f\u0131na y\u00f6nelik bask\u0131lara kar\u015f\u0131 \u00e7\u0131kt\u0131\u011f\u0131 bir d\u00f6neme denk gelmistir. Beijing, e\u015f zamanl\u0131 olarak Sincan\u2019daki n\u00fcfusa y\u00f6nelik bir biyometrik n\u00fcfus say\u0131m\u0131 ger\u00e7ekle\u015ftirmi\u015ftir.<\/p>\n<p>S\u00f6yle\u2026<br \/>\nRizeli karde\u015fim s\u00f6yle AKP\u2019li arkada\u015f\u2026<br \/>\nS\u00f6yle bunlar\u0131n neresi yerli ve milli\u2026<br \/>\n\u00c7\u00fckleri mi?<br \/>\nYahudi karde\u015flerde s\u00fcnnetli!<\/p>\n<p>Pekiii\u2026<br \/>\n\u00d6nder t\u00fcm bunlar\u0131 neden yazd\u0131, anlatt\u0131?<\/p>\n<p>ANLAYACAKSIN\u2026<br \/>\n\u00d6n\u00fcm\u00fczdeki g\u00fcnlerde, \u00d6nder can \u00e7eki\u015fiyor, hal yok\u2026<br \/>\nAc\u0131 \u00e7okkkk! <\/p>\n","protected":false},"excerpt":{"rendered":"<p>Ger\u00e7ek \u015fu ki\u2026 Tayyip ve itlerinden korkmuyorum, en fazla can\u0131m\u0131 alacaklar\u2026 \u0130\u015fkenceli, i\u015fkencesiz\u2026 AMA\u2026 Dinciler, bahsi ge\u00e7en herifler ki buralardalar\u2026 Bilseniz\u2026 Hayal bile edemeyece\u011finiz i\u015fkence \u00e7e\u015fitleri, deh\u015fete d\u00fc\u015fersiniz deh\u015fete\u2026 Bak bu adi pezevenklerden korkuyorum i\u015fte! + + Bir \u00f6rnek vermek gerekirse, domuz ba\u011f\u0131 y\u00f6ntemini belki hat\u0131rlars\u0131n\u0131z\u2026 Biraz de\u011fi\u015ftirilmi\u015f \u015fekli\u2026 Yak\u0131yorlar ate\u015fi alt\u0131nda, en g\u00fczeli k\u00f6m\u00fcr &hellip; <\/p>\n<p class=\"link-more\"><a href=\"http:\/\/wordpress.gurbuz.net\/?p=27783\" class=\"more-link\"><span class=\"screen-reader-text\">\u201eSuudi Arabistan dosyas\u0131 \u2013 Tayyip pezevengi ile ilgili (bir taraflar\u0131mdan kur\u015funlayacaklar beni, ya Onlar ya Kara Mediha &#x1f60a; )\u201c<\/span> weiterlesen<\/a><\/p>\n","protected":false},"author":1,"featured_media":0,"comment_status":"open","ping_status":"open","sticky":false,"template":"","format":"standard","meta":[],"categories":[1],"tags":[],"_links":{"self":[{"href":"http:\/\/wordpress.gurbuz.net\/index.php?rest_route=\/wp\/v2\/posts\/27783"}],"collection":[{"href":"http:\/\/wordpress.gurbuz.net\/index.php?rest_route=\/wp\/v2\/posts"}],"about":[{"href":"http:\/\/wordpress.gurbuz.net\/index.php?rest_route=\/wp\/v2\/types\/post"}],"author":[{"embeddable":true,"href":"http:\/\/wordpress.gurbuz.net\/index.php?rest_route=\/wp\/v2\/users\/1"}],"replies":[{"embeddable":true,"href":"http:\/\/wordpress.gurbuz.net\/index.php?rest_route=%2Fwp%2Fv2%2Fcomments&post=27783"}],"version-history":[{"count":11,"href":"http:\/\/wordpress.gurbuz.net\/index.php?rest_route=\/wp\/v2\/posts\/27783\/revisions"}],"predecessor-version":[{"id":27795,"href":"http:\/\/wordpress.gurbuz.net\/index.php?rest_route=\/wp\/v2\/posts\/27783\/revisions\/27795"}],"wp:attachment":[{"href":"http:\/\/wordpress.gurbuz.net\/index.php?rest_route=%2Fwp%2Fv2%2Fmedia&parent=27783"}],"wp:term":[{"taxonomy":"category","embeddable":true,"href":"http:\/\/wordpress.gurbuz.net\/index.php?rest_route=%2Fwp%2Fv2%2Fcategories&post=27783"},{"taxonomy":"post_tag","embeddable":true,"href":"http:\/\/wordpress.gurbuz.net\/index.php?rest_route=%2Fwp%2Fv2%2Ftags&post=27783"}],"curies":[{"name":"wp","href":"https:\/\/api.w.org\/{rel}","templated":true}]}}