{"id":27702,"date":"2019-09-01T07:50:58","date_gmt":"2019-09-01T07:50:58","guid":{"rendered":"http:\/\/wordpress.gurbuz.net\/?p=27702"},"modified":"2019-09-01T07:54:43","modified_gmt":"2019-09-01T07:54:43","slug":"yeminliyim-bir-atatuerk-milliyetcisiyim","status":"publish","type":"post","link":"http:\/\/wordpress.gurbuz.net\/?p=27702","title":{"rendered":"YEM\u0130NL\u0130Y\u0130M, B\u0130R ATAT\u00dcRK M\u0130LL\u0130YETC\u0130S\u0130Y\u0130M"},"content":{"rendered":"<p><strong>UYARI!!!<\/strong><\/p>\n<p><em>\u00d6lm\u00fc\u015f e\u015fek kurttan korkmaz der atalar\u2026<br \/>\nBen zaten canl\u0131 bir cesedim, sizler benim y\u00fcz\u00fcmden dert sahibi olmay\u0131n\u2026<br \/>\n<strong>Tehlikeli bilgiler\u2026<\/strong><br \/>\nYANI\u2026<br \/>\nOkumasan\u0131z beni daha iyi olur kan\u0131s\u0131nday\u0131m, en g\u00fczeli\u2026<br \/>\n\u201cYukar\u0131da bir delik, a\u015fa\u011f\u0131da bir delik!\u201d<br \/>\nYa\u015famaya devam edin, ileri demokrasilere falan kafa yormay\u0131n\u2026<br \/>\nGIDECEKTIM\u2026<br \/>\nGidemedim AMA mutlaka gitmeliyim, kaybolmal\u0131y\u0131m\u2026<br \/>\nEn az\u0131ndan\u2026<br \/>\nBirka\u00e7 g\u00fcn SADECE ben ve d\u00fc\u015f\u00fcncelerim\u2026<br \/>\nBelki daha sa\u011fl\u0131kl\u0131 kararlar vermeme vesile olur. Delirmenin\u2026<br \/>\nElimi kana bulaman\u0131n e\u015fi\u011findeyim\u2026<br \/>\nAllah\u2026<br \/>\nY\u00fcce Mevla\u2019m hepimizin yard\u0131mc\u0131s\u0131 olsun, sa\u011fl\u0131kl\u0131 kararlar vermeliyim.<\/em><\/p>\n<p>Hep derim perde arkas\u0131\u2026<br \/>\nHep derim bilemezsin\u2026<br \/>\nHep derim anlamak\u2026<br \/>\nHep s\u00f6ylerim HEP.<\/p>\n<p><strong>Hi\u00e7bir \u015fey g\u00f6r\u00fcnd\u00fc\u011f\u00fc gibi de\u011fildir!<\/strong><\/p>\n<p>\u201e23 \u015eUBAT 2016<br \/>\n\u2026<br \/>\n\u2026<br \/>\n\u2026<br \/>\nRusya, Birle\u015fmi\u015f Milletler G\u00fcvenlik Konseyi \u00fcyelerine, T\u00fcrkiye\u2019nin Suriye\u2019de sava\u015fan cihat\u00e7\u0131lar lehindeki faaliyetlerine ili\u015fkin bir istihbarat raporu sundu.<br \/>\n\u2026<br \/>\n\u2026<br \/>\n\u2026<br \/>\nBu ad\u0131mla birlikte Rusya, G\u00fcvenlik Konseyine ve onun da \u00f6tesinde bir\u00e7ok h\u00fck\u00fcmetleraras\u0131 \u00f6rg\u00fcte de sorumluluklar\u0131n\u0131 hat\u0131rlatm\u0131\u015f oluyor. Hukuksal olarak G\u00fcvenlik Konseyinin bu iddialara ili\u015fkin kan\u0131tlar istemesi ve T\u00fcrkiye\u2019yi de a\u00e7\u0131klamalar yapmak \u00fczere huzura \u00e7a\u011f\u0131rmas\u0131 bekleniyor.<br \/>\n\u2026<br \/>\n\u2026<br \/>\n\u2026<br \/>\n\u00d6te yandan Rus istihbarat raporu dikkatli bir \u015fekilde okundu\u011funda, ortaya konulan olgular\u0131n ba\u015fka bir\u00e7ok yeni dosyan\u0131n a\u00e7\u0131lmas\u0131na yol a\u00e7aca\u011f\u0131n\u0131 ve ba\u015fka g\u00fc\u00e7leri de kapsayabilece\u011fini g\u00f6stermektedir. Ve muhtemelen bu y\u00fczden de bu rapor kamuoyu \u00f6n\u00fcnde tart\u0131\u015f\u0131lmayacak ve T\u00fcrkiye\u2019nin gelece\u011fine y\u00f6nelik pazarl\u0131klar kapal\u0131 oturumda yap\u0131lacak.<br \/>\n\u2026<br \/>\n\u2026<br \/>\n\u2026<br \/>\n1973 y\u0131l\u0131nda Libya\u2019da do\u011fan Mehdi el-Herati, \u0130rlanda\u2019ya g\u00f6\u00e7 etmi\u015f ve burada evlenmi\u015ftir. May\u0131s 2010\u2019da, Gazze\u2019ye insani yard\u0131m g\u00f6t\u00fcrmek \u00fczere T\u00fcrk STK\u2019s\u0131 \u0130HH taraf\u0131ndan organize edilen \u00ab \u00d6zg\u00fcrl\u00fck Filosunun \u00bb amiral gemisi Mavi Marmara\u2019dad\u0131r. Gemiler a\u00e7\u0131k denizde, uluslararas\u0131 bir skandala neden olan \u0130srail Ordusunun korsanca sald\u0131r\u0131s\u0131na u\u011frar. Geminin yolcular\u0131 Tsahal taraf\u0131ndan rehin al\u0131n\u0131r, \u0130srail\u2019de hapsedilirler ve ard\u0131ndan nihayet serbest b\u0131rak\u0131l\u0131rlar [2]. D\u00f6nemin Ba\u015fbakan\u0131 Recep Tayyip Erdo\u011fan, yaral\u0131 militanlar\u0131 teselli etmek i\u00e7in hastane ziyaretinde bulunur.<br \/>\n\u2026<br \/>\n\u2026<br \/>\n\u2026<br \/>\nFoto\u011fraftakinin T\u00fcrk ve \u0130rlanda vatanda\u015f\u0131 El Mehdi El Hamit El Hamdi oldu\u011fu a\u00e7\u0131klan\u0131r yani ger\u00e7ek ad\u0131yla Libya ve \u0130rlanda vatanda\u015f\u0131 Mehdi el-Herati.<br \/>\nTemmuz 2011\u2019de, Mehdi\u2019nin \u0130rlanda Rathkeale\u2019deki evine h\u0131rs\u0131z girer. E\u015fi, Eftayma el-Necar polise haber verir ve h\u0131rs\u0131zlar\u0131n \u00e7ok de\u011ferli M\u0131s\u0131r ve Libya m\u00fccevherlerini ve 500\u2019l\u00fck kup\u00fcrlerden olu\u015fan 200 000 Euro\u2019yu \u00e7ald\u0131\u011f\u0131n\u0131 beyan eder. Telefonla kendisine ula\u015f\u0131lan Mehdi el-Herati polise Katar, Frans\u0131z ve ABD\u2019li yetkililerle g\u00f6r\u00fc\u015ft\u00fc\u011f\u00fcn\u00fc ve bu paray\u0131 Muammer Kaddafi\u2019nin devrilmesine yard\u0131m etti\u011fi i\u00e7in CIA\u2019den ald\u0131\u011f\u0131n\u0131 teyit eder. Libya direni\u015fi olaydan haberdar olunca, daha sonra ilk verdi\u011fi ifadelere geri d\u00f6necektir.<br \/>\n\u2026<br \/>\n\u2026<br \/>\n\u2026<br \/>\nTemmuz-A\u011fustos 2011 d\u00f6neminde, NATO taraf\u0131ndan Rixos Oteli ele ge\u00e7irmek i\u00e7in g\u00f6revlendirilen Frans\u0131z lejyonerleri taraf\u0131ndan e\u011fitilen bir El Kaide birli\u011fi olan (Kay\u0131nbiraderi H\u00fcsam el-Necar\u2019in da \u00fcyesi bulundu\u011fu) Trablus Tugay\u0131n\u0131n ba\u015f\u0131na ge\u00e7er. Resmi olarak otel uluslararas\u0131 bas\u0131n merkezi olarak kullan\u0131l\u0131r ama \u0130ttifak, binan\u0131n T\u00fcrk m\u00fcteahhidi taraf\u0131ndan, Kaddafi Ailesinin \u00e7e\u015fitli \u00fcyelerinin ve Cemahiriye yetkililerinin s\u0131\u011f\u0131nd\u0131\u011f\u0131, d\u0131\u015far\u0131dan ula\u015f\u0131labilen \u00f6zel olarak d\u00fczenlenmi\u015f bir bodrum kat\u0131na sahip oldu\u011fu konusunda bilgilendirilir. G\u00fcnlerce, Frans\u0131zlarla birlikte Hamis Kaddafi\u2019nin askerlerine kar\u015f\u0131 \u00e7arp\u0131\u015f\u0131r.<br \/>\n\u2026<br \/>\n\u2026<br \/>\n\u2026<br \/>\nEyl\u00fcl 2011\u2019de NATO taraf\u0131ndan, \u00ab Trablus\u2019un askeri valisi \u00bb olan El Kaide\u2019nin tarihi liderlerinden Abd\u00fclhakim Belhac\u2019\u0131n yard\u0131mc\u0131s\u0131 olarak g\u00f6revlendirilir [7]. 11 Ekim\u2019de, s\u00f6zde Belhac ile d\u00fc\u015ft\u00fc\u011f\u00fc bir anla\u015fmazl\u0131k nedeniyle istifa eder [8].<br \/>\nOysa Kas\u0131m 2011\u2019de Abd\u00fclhakim Belhac saflar\u0131nda, Ban Ki-moon\u2019un \u00f6zel temsilcisi olan, Fabian Society ve Uluslararas\u0131 Af \u00d6rg\u00fct\u00fc\u2019n\u00fcn eski genel sekreteri Ian Martin\u2019\u0131n sorumlulu\u011fu alt\u0131nda, denizyoluyla T\u00fcrkiye\u2019ye ta\u015f\u0131nan El Kaide\u2019nin \u2013eskiden Libya\u2019da sava\u015fan s\u0131\u011f\u0131nmac\u0131 olarak kaydedilen \u0130slami Grup (GICL)- Libya\u2019daki 600 ila 1500 cihat\u00e7\u0131s\u0131ndan olu\u015fan bir grubun komutanl\u0131\u011f\u0131n\u0131 yapar.<br \/>\n\u2026<br \/>\n\u2026<br \/>\n\u2026<br \/>\nT\u00fcrkiye\u2019ye varan cihat\u00e7\u0131lar, M\u0130T\u2019in eskortlu\u011fu alt\u0131nda Suriye\u2019ye otob\u00fcsle nakledilirler. Fransa\u2019n\u0131n deste\u011fiyle \u00d6zg\u00fcr Suriye Ordusu (\u00d6SO)\u2019nu kurmak \u00fczere Cebel el-Zaviye\u2019ye yerle\u015ftirilirler. Yakla\u015f\u0131k iki ay boyunca, Abd\u00fclhakim Belhac ve Mehdi el-Herati, T\u00fcrkiye\u2019den ge\u00e7erek olay\u0131 \u00f6rtmeye \u00e7al\u0131\u015fan t\u00fcm Bat\u0131l\u0131 gazeteciler taraf\u0131ndan \u00ab Potemkin K\u00f6y\u00fcne \u00bb d\u00f6n\u00fc\u015ft\u00fcrd\u00fckleri yerde ziyaret edilirler [9]. Ba\u015fbakan Erdo\u011fan\u2019\u0131n \u00f6zel kalemi onlar\u0131 motosikletle Cebel el-Zaviye\u2019ye ta\u015f\u0131yan unsurlarla ba\u011flant\u0131ya sokar. Gazeteciler burada \u00ab Be\u015far Esat diktat\u00f6rl\u00fc\u011f\u00fcne kar\u015f\u0131 demokrasi i\u00e7in \u00bb g\u00f6steri yapan binlerce ki\u015fiyi bizzat kendi g\u00f6zleriyle g\u00f6r\u00fcrler. G\u00f6rd\u00fckleri kar\u015f\u0131s\u0131nda b\u00fcy\u00fclenen Bat\u0131 bas\u0131n\u0131, \u0130spanyol ABC gazetesinden bir muhabir olan Danir Iriarte\u2019nin, g\u00f6stericilerin \u00e7o\u011funun Suriyeli olmad\u0131\u011f\u0131n\u0131 tespit edinceye ve Libyal\u0131 \u015fefleri Abd\u00fclhakim Belhac ve Mehdi el-Herati\u2019yi tan\u0131y\u0131ncaya dek olan bitenin bir devrim oldu\u011fu sonucunu \u00e7\u0131kar\u0131r. Ne olursa olsun, \u015eam \u015eahinleri Tugay\u0131n\u0131n (Sukur el-\u015eam Tugay\u0131) g\u00f6sterisi i\u015fe yaram\u0131\u015ft\u0131r. \u00ab Suriye Arap Ordusu\u2019ndan firar edenler \u00bb taraf\u0131ndan kurulmu\u015f bir \u00d6SO efsanesi do\u011fmu\u015ftur ve buna \u00f6nayak olan gazeteciler yan\u0131lt\u0131ld\u0131klar\u0131n\u0131 hi\u00e7bir zaman kabul etmeyeceklerdir.<br \/>\n\u2026<br \/>\n\u2026<br \/>\n\u2026<br \/>\nEyl\u00fcl 2012\u2019de, Mehdi el-Herati sa\u011fl\u0131k sorunlar\u0131ndan \u00f6t\u00fcr\u00fc Libya\u2019ya d\u00f6ner ama Suriye\u2019yi terk etmeden \u00f6nce Kay\u0131nbiraderiyle birlikte yeni bir cihat\u00e7\u0131 grubu olan Liva el-Umma\u2019y\u0131 (\u00dcmmet Tugay\u0131) kurar.<br \/>\nMart 2014\u2019te Mehdi el-Herati, T\u00fcrkiye\u2019ye denizyoluyla ula\u015fan yeni bir Libyal\u0131 cihat\u00e7\u0131 grubuna e\u015flik eder. Rus istihbarat raporuna g\u00f6re, rejimin 2 numaral\u0131 ismi olan ve hen\u00fcz g\u00f6revine yeni geri d\u00f6nen, M\u0130T m\u00fcste\u015far\u0131 Hakan Fidan taraf\u0131ndan kar\u015f\u0131lan\u0131r<br \/>\n\u2026<br \/>\n\u2026<br \/>\n\u2026<br \/>\nMehdi el-Herati\u2019nin izledi\u011fi parkur, Suriye\u2019de bir demokratik devrim oldu\u011fu teorisini hi\u00e7le\u015ftiren, Libya\u2019daki El Kaide, \u00d6zg\u00fcr Suriye Ordusu, I\u015e\u0130D ve M\u00fcsl\u00fcman Karde\u015fler aras\u0131ndaki ba\u011flar\u0131 a\u00e7\u0131k bir \u015fekilde ortaya koymaktad\u0131r. Ayn\u0131 zamanda bu \u015febekenin ABD, Fransa ve T\u00fcrkiye\u2019den ald\u0131\u011f\u0131 deste\u011fi de g\u00f6zler \u00f6n\u00fcne sermektedir.<br \/>\n\u2026<br \/>\n\u2026<br \/>\n\u2026<br \/>\nMehdi el-Herati\u2019nin izledi\u011fi parkur, Suriye\u2019de bir demokratik devrim oldu\u011fu teorisini hi\u00e7le\u015ftiren, Libya\u2019daki El Kaide, \u00d6zg\u00fcr Suriye Ordusu, I\u015e\u0130D ve M\u00fcsl\u00fcman Karde\u015fler aras\u0131ndaki ba\u011flar\u0131 a\u00e7\u0131k bir \u015fekilde ortaya koymaktad\u0131r. Ayn\u0131 zamanda bu \u015febekenin ABD, Fransa ve T\u00fcrkiye\u2019den ald\u0131\u011f\u0131 deste\u011fi de g\u00f6zler \u00f6n\u00fcne sermektedir.<br \/>\n\u2026<br \/>\n\u2026<br \/>\n\u2026<br \/>\nSuriye yanl\u0131s\u0131 Arap medya kurulu\u015flar\u0131nda geni\u015f bir \u015fekilde yer bulan bu bilgiyi Bat\u0131l\u0131 bas\u0131n g\u00f6rmezden geldi. Yemen taraf\u0131nda, eski Cumhurba\u015fkan\u0131 Salih\u2019e ba\u011fl\u0131 askerlerin s\u00f6zc\u00fcs\u00fc General \u015eeref Lokman, Suriye\u2019nin iddias\u0131n\u0131 do\u011frulad\u0131 ve cihat\u00e7\u0131lar\u0131n Yemen\u2019de Blackwater-Academi\u2019nin paral\u0131 askerlerince kar\u015f\u0131land\u0131klar\u0131n\u0131 belirtti. I\u015e\u0130D militanlar\u0131n\u0131n bir harekat sahnesinden di\u011ferine nakli Suriye ve Yemen\u2019deki operasyonlar\u0131n e\u015fg\u00fcd\u00fcm\u00fcn\u00fc ortaya koyuyor. T\u00fcrkiye, Katar, Birle\u015fik Arap Emirlikleri, Suudi Arabistan ve Blackwater-Academi\u2019yi t\u00f6hmet alt\u0131nda b\u0131rakmaktad\u0131r.<br \/>\n\u2026<br \/>\n\u2026<br \/>\n\u2026<br \/>\nRus istihbarat raporu ayn\u0131 \u015fekilde, ba\u015fta Antalya\u2019da yerle\u015fik olan ama daha sonra M\u0130T taraf\u0131ndan \u00fclkenin kuzeyine Eski\u015fehir\u2019e nakledilen \u00ab Tatar K\u00f6y\u00fcn\u00fcn \u00bb durumundan da s\u00f6z ediyor. Rapor her ne kadar bunlar\u0131n El Kaide sava\u015f\u00e7\u0131lar\u0131ndan olu\u015ftu\u011funu ve Suriye\u2019de \u0130slamc\u0131 militanlara yard\u0131m etti\u011fini belirtse de, ne bu grubun neden Suriye\u2019de bu kadar uza\u011fa nakledildi\u011fini ve ne de hangi eylemlerde bulundu\u011funa ili\u015fkin herhangi bir ayr\u0131nt\u0131 i\u00e7ermiyor.<br \/>\nTatarlar Rusya\u2019daki ikinci en b\u00fcy\u00fck az\u0131nl\u0131kt\u0131r ve bunlar\u0131n aras\u0131nda M\u00fcsl\u00fcman Karde\u015fler ya da Hizb-ut Tahrir ideolojisine sahip \u00e7\u0131kanlar\u0131n say\u0131s\u0131 \u00e7ok azd\u0131r.<br \/>\nBu arada Mart 2012\u2019de, Tataristan\u2019daki Arap \u0130slamc\u0131lar, Kazan M\u00fczesindeki Suriye\u2019ye ili\u015fkin \u00ab Medeniyetin be\u015fi\u011fi \u00bb sergisine sald\u0131rd\u0131lar. Bir s\u00fcre sonra, 5 A\u011fustos 2012\u2019de, ayn\u0131 zamanda hem Arap hem de Tatar olan cihat\u00e7\u0131lar, aralar\u0131na El Kaide temsilcilerini de alarak Kazan\u2019da gizlice topland\u0131lar.<br \/>\nAral\u0131k 2013\u2019te, ayn\u0131 harekete ba\u011fl\u0131 ba\u015fka militanlar Kazan\u2019da g\u00f6steri yaparken, Azatl\u0131k (\u00d6zg\u00fcrl\u00fck) hareketine ba\u011fl\u0131 Pant\u00fcrkist Tatar cihat\u00e7\u0131lar, Ukrayna\u2019ya gitmek ve darbe beklentisiyle Maidan Meydan\u0131ndaki asayi\u015fi sa\u011flamak i\u00e7in Suriye sahnesini terk ettiler.<br \/>\n1 A\u011fustos 2015\u2019te, Ukrayna ve T\u00fcrk h\u00fck\u00fcmetlerinin kat\u0131l\u0131m\u0131yla Ankara\u2019da bir D\u00fcnya K\u0131r\u0131m Tatar Kongresi d\u00fczenlendi. Kongrenin ba\u015fkanl\u0131\u011f\u0131n\u0131 So\u011fuk Sava\u015f s\u00fcresince CIA\u2019nin ajan\u0131 olarak \u00fcn yapm\u0131\u015f olan Mustafa Cemilev yapt\u0131 ve toplant\u0131 sonucunda K\u0131r\u0131m\u2019\u0131n \u00ab kurtar\u0131lmas\u0131 \u00bb i\u00e7in bir \u00ab Uluslararas\u0131 M\u00fcsl\u00fcman Tugay\u0131n\u0131n \u00bb olu\u015fturulmas\u0131 karar\u0131 al\u0131nd\u0131. Cemilev, Cumhurba\u015fkan\u0131 Recep Tayyip Erdo\u011fan taraf\u0131ndan hemen resmi olarak kabul edildi.<br \/>\n\u2026<br \/>\n\u2026<br \/>\n\u2026<br \/>\nTugay Ukrayna\u2019da Kershon\u2019da tesislere sahiptir. K\u0131r\u0131m\u2019da, geni\u015f kapsaml\u0131 bir elektrik kesintisi (Ukrayna\u2019dan itibaren kesilen) gibi \u00e7e\u015fitli sabotaj eylemleri d\u00fczenlemektedir. Rusya\u2019ya kitlesel olarak girmeyi ba\u015faramay\u0131nca, Donbass\u2019taki Ukrayna birliklerini desteklemeye gitmi\u015flerdir.<br \/>\nE\u011fer G\u00fcvenlik Konseyi \u00ab Tatar K\u00f6y\u00fc \u00bb sorununu kurcalamaya ba\u015flarsa, ABD, T\u00fcrkiye ve Ukrayna\u2019n\u0131n, Suriye, K\u0131r\u0131m ve Tataristan\u2019da, aralar\u0131nda El Kaide ve I\u015e\u0130D \u00fcyelerinin de oldu\u011fu Tatar cihat\u00e7\u0131lar\u0131 destekledi\u011fini g\u00f6zlemleyecektir.<br \/>\n\u2026<br \/>\n\u2026<br \/>\n\u2026<br \/>\nIrak\u2019ta I\u015e\u0130D taraf\u0131ndan katledilen Irakl\u0131 T\u00fcrkmenlere yard\u0131m etmek i\u00e7in T\u00fcrkiye ser\u00e7e parma\u011f\u0131n\u0131 dahi kald\u0131rmazken, Suriye Arap Cumhuriyetine kar\u015f\u0131 m\u00fccadele eden Suriyeli T\u00fcrkmenlere destek oldu. Kom\u00fcnizme kar\u015f\u0131 sava\u015fta NATO\u2019nun gizli servisleriyle tarihsel olarak ba\u011flant\u0131l\u0131 olan (Gladyo) bir T\u00fcrk yar\u0131-askeri siyasi partisi olan \u00ab bozkurtlar \u00bb taraf\u0131ndan \u00f6rg\u00fctleniyorlar.<br \/>\n\u2026<br \/>\n\u2026<br \/>\n\u2026<br \/>\nT\u00fcrkmen Tugaylar\u0131 M\u0130T ile birlikte Halep\u2019teki fabrikalar\u0131n talan edilmesini \u00f6rg\u00fctlemektedirler. T\u00fcrk uzmanlar makine ve aletleri s\u00f6kmeye gelmektedir ve bunlar T\u00fcrkiye\u2019ye g\u00f6t\u00fcr\u00fclerek yeniden monte etmektedirler. E\u015f zamanl\u0131 olarak M\u0130T\u2019in cihat\u00e7\u0131lar\u0131n e\u011fitim kamplar\u0131n\u0131 kurdu\u011fu ve kontrol etti\u011fi T\u00fcrkiye ile olan s\u0131n\u0131r b\u00f6lgesini i\u015fgal etmektedirler.<br \/>\nKas\u0131m 2015\u2019te, Suriyeli T\u00fcrkmenlerin y\u0131ld\u0131z\u0131 T\u00fcrk Alparslan \u00c7elik \u2013\u00dclk\u00fc Ocaklar\u0131 \u00fcyesi ve Sultan Abd\u00fclhamit Tugay\u0131 komutanlar\u0131ndan-, bir Suudi AWACS u\u00e7a\u011f\u0131n\u0131n yard\u0131m\u0131yla T\u00fcrk avc\u0131 u\u00e7aklar\u0131 taraf\u0131ndan d\u00fc\u015f\u00fcr\u00fclen Suko\u00ef-24 u\u00e7a\u011f\u0131n\u0131n iki pilotunun infaz edilmesi emrini verecektir. Pilotlardan biri \u00f6ld\u00fcr\u00fclecektir.<br \/>\n1995 y\u0131l\u0131nda Bozkurtlar, Hillary Clinton\u2019un se\u00e7im kampanyalar\u0131n\u0131 finanse eden T\u00fcrk-ABD m\u00fcteahhitlik firmas\u0131 \u00c7elebiler \u0130n\u015faat \u015firketiyle birlikte \u00c7e\u00e7enistan\u2019da sava\u015fmalar\u0131 i\u00e7in 10 000 cihat\u00e7\u0131y\u0131 i\u00e7eren geni\u015f bir eleman dev\u015firme operasyonu y\u00fcr\u00fctm\u00fc\u015flerdi. \u0130stanbul\u2019daki bir \u00fcniversite kampusu i\u00e7erisinde bir e\u011fitim \u00fcss\u00fc kurulmu\u015ftu. General Cahar Dudayev\u2019in o\u011fullar\u0131ndan biri Azerbaycan \u00fczerinden T\u00fcrkiye\u2019den ger\u00e7ekle\u015ftirilen militan nakillerini M\u0130T b\u00fcnyesinde y\u00f6netmekteydi.<br \/>\nRus istihbarat raporu M\u0130T\u2019in, ba\u015fl\u0131ca T\u00fcrkmen milislerini bir araya getiren Sultan Abd\u00fclhamit Tugay\u0131\u2019n\u0131 kurdu\u011funu ve \u00fcyelerini T\u00fcrk Ordusunun \u00f6zel kuvvetlerine ba\u011fl\u0131 e\u011fitimciler ve M\u0130T ajanlar\u0131 y\u00f6netiminde Bay\u0131r-Bucak \u00fcss\u00fcnde e\u011fitti\u011fini ortaya koyuyor. T\u00fcrkmen Tugay\u0131n\u0131n El Kaide ile i\u015fbirli\u011fi i\u00e7erisinde oldu\u011funu vurguluyor.<br \/>\nBiraz daha ayr\u0131nt\u0131l\u0131 olarak yap\u0131lacak her ara\u015ft\u0131rma G\u00fcvenlik Konseyini eski su\u00e7 dosyalar\u0131n\u0131 a\u00e7maya ve Sultan Abd\u00fclhamit Tugay\u0131, Bozkurtlar, T\u00fcrkiye, ABD ve El Kaide aras\u0131nda ba\u011flar\u0131 tespit etmeye g\u00f6t\u00fcrecektir<br \/>\n\u2026<br \/>\n\u2026<br \/>\n\u2026<br \/>\nRus istihbarat raporu cihat\u00e7\u0131lara silah sevkiyat\u0131nda \u00fc\u00e7 T\u00fcrk insani yard\u0131m STK\u2019s\u0131n\u0131n oynad\u0131\u011f\u0131 rol\u00fc if\u015fa ediyor: \u0130HH, \u0130mkander ve \u00d6nc\u00fc Nesil. 11 ve 12 \u015eubat tarihlerinde M\u00fcnih\u2019te bir araya gelen Uluslararas\u0131 Suriye Destek Grubunun (ISSG) toplant\u0131 sonu\u00e7 bildirgesi, bundan b\u00f6yle ABD ve Rusya\u2019n\u0131n Suriye\u2019deki insani yard\u0131m konvoylar\u0131n\u0131n sadece insani yard\u0131m malzemesi ta\u015f\u0131malar\u0131n\u0131 g\u00f6zeteceklerini vurgulayarak bu su\u00e7lamay\u0131 teyit eder g\u00f6r\u00fcn\u00fcyor. Bug\u00fcne kadar, \u015eam H\u00fck\u00fcmeti ve bas\u0131n, bu STK\u2019lar\u0131 cihat\u00e7\u0131lar\u0131 desteklemekle s\u00fcrekli olarak su\u00e7lad\u0131 ama s\u00f6ylenenlere kimse kulak vermedi. Eyl\u00fcl 2012\u2019de \u0130HH\u2019n\u0131n kiralad\u0131\u011f\u0131 bir y\u00fck gemisi Suriye\u2019ye M\u00fcsl\u00fcman Karde\u015fler ad\u0131na silah ta\u015f\u0131d\u0131<\/p>\n<p>###.<br \/>\nYay\u0131nlad\u0131klar\u0131m\u0131n birer iddiadan \u00f6te ger\u00e7ek oldu\u011funu g\u00f6stermek i\u00e7in sadece bir ispat:<br \/>\nhttps:\/\/www.thetimes.co.uk\/article\/brotherhood-buying-influence-with-arms-lt9nc0qnkh3<br \/>\nKiii\u2026<br \/>\nBilen bilir benim, SADECE KENDIME ispat borcum vard\u0131r!<br \/>\n###<br \/>\n\u2026<br \/>\n\u2026<br \/>\n\u2026<br \/>\n\u0130HH, Necmettin Erbakan\u2019\u0131n Refah Partisi taraf\u0131ndan kurulan ve desteklenen, ama bu partiyle kurulu\u015funda ya da herhangi organik bir ba\u011f\u0131 olmayan bir \u00f6rg\u00fctt\u00fcr. \u00d6nce 1992 y\u0131l\u0131nda Almanya\u2019da Fribourg-en-Brisgau\u2019da Internationale Humanit\u00e4reHilfe (IHH) ad\u0131yla, daha sonra da T\u00fcrkiye\u2019de \u0130stanbul\u2019da, \u0130nsani Yard\u0131m Vakf\u0131 ad\u0131yla kuruldu. Yeni k\u0131saltmas\u0131 \u0130HH de\u011fil de \u0130YV olunca, ad\u0131n\u0131 \u0130nsan Hak ve H\u00fcrriyetleri olarak de\u011fi\u015ftirdi. Bosna ve Afganistan\u2019daki M\u00fcsl\u00fcmanlara insani yard\u0131m g\u00f6r\u00fcnt\u00fcs\u00fc alt\u0131nda, NATO stratejisine uygun olarak onlara silah tedarik etti. Ard\u0131ndan, \u00c7e\u00e7en \u0130\u00e7keriya \u0130slam Emirli\u011fini askeri olarak destekledi. 2006\u2019da \u0130stanbul Fatih Camii\u2019nde, Beslan Okulunda talimat\u0131n\u0131 verdi\u011fi katliam sonras\u0131nda Rus g\u00fcvenlik kuvvetlerince \u00f6ld\u00fcr\u00fclen \u00c7e\u00e7en cihat\u00e7\u0131 \u015eamil Basayev i\u00e7in, on binlerce militan\u0131n kat\u0131l\u0131m\u0131yla g\u0131yabi cenaze namaz\u0131 k\u0131l\u0131nmas\u0131 g\u00f6sterisini \u00f6rg\u00fctledi.<br \/>\n\u0130HH, AKP (Refah Partisinin selefi) ile birlikte, \u0130srail ablukas\u0131n\u0131 k\u0131rarak Gazze\u2019ye insani yard\u0131m g\u00f6t\u00fcrmesi gereken \u00ab \u00d6zg\u00fcrl\u00fck Filosunu \u00bb, Ba\u015fbakan Benyamin Netanyahu\u2019yu zor durumda b\u0131rakmak i\u00e7in f\u0131rsat kollayan Beyaz Saray\u2019\u0131n onay\u0131yla \u00f6rg\u00fctleyerek d\u00fcnya \u00e7ap\u0131nda \u00fcn kazand\u0131. Filonun yolcular\u0131 aras\u0131nda daha \u00f6nce de ad\u0131n\u0131 and\u0131\u011f\u0131m\u0131z Mehdi el-Herati da vard\u0131. Geoffrey Palmer\u2019in ba\u015fkanl\u0131\u011f\u0131ndaki Birle\u015fmi\u015f Milletler Komisyonu raporu, s\u00f6ylenenin aksine, filonun hi\u00e7bir insani yard\u0131m ta\u015f\u0131mad\u0131\u011f\u0131n\u0131 ortaya koydu. Bu da bizi, \u0130HH\u2019n\u0131n hi\u00e7bir \u015fekilde Gazze\u2019ye ula\u015famayaca\u011f\u0131n\u0131 \u00f6nceden bildi\u011fi sonucuna g\u00f6t\u00fcr\u00fcyor ve dolay\u0131s\u0131yla da bu seferin ger\u00e7ek amac\u0131 sorusunu sormam\u0131za neden oluyor.<br \/>\n2 Ocak 2014\u2019te, para aklanmas\u0131 su\u00e7uyla \u00fc\u00e7 bakan\u0131n o\u011flunu ve bir bankan\u0131n genel m\u00fcd\u00fcr\u00fcn\u00fc g\u00f6zalt\u0131na alan T\u00fcrk Polisi, Suriyeli cihat\u00e7\u0131lara giden \u0130HH\u2019a ait silah y\u00fckl\u00fc bir kamyonu yakalad\u0131 [18]. Sonras\u0131nda, \u0130HH\u2019nin genel merkezinde arama yapt\u0131. Burada, El Kaide\u2019nin T\u00fcrkiye sorumlusu olmakla su\u00e7lanan Halis B.\u2019yi ve ayn\u0131 \u00f6rg\u00fct\u00fcn Ortado\u011fu\u2019daki ikinci komutan\u0131 \u0130brahim \u015e.yi yakalad\u0131 [19]. H\u00fck\u00fcmet devam\u0131nda s\u00f6z konusu polisleri g\u00f6revden almay\u0131 ve \u015f\u00fcphelileri ise serbest b\u0131rakmay\u0131 ba\u015fard\u0131.<br \/>\n\u0130mkander (T\u00fcrk\u00e7e karde\u015flik anlam\u0131nda, M\u00fcsl\u00fcman Karde\u015flere g\u00f6nderme amac\u0131yla), 2009 y\u0131l\u0131nda \u0130stanbul\u2019da kurulan bir ba\u015fka \u00ab insani \u00bb yard\u0131m derne\u011fidir. \u00c7e\u00e7enlere yard\u0131m ve Kafkasya\u2019daki cihat\u00e7\u0131lara destek alan\u0131nda uzmanla\u015fm\u0131\u015ft\u0131r.<br \/>\n\u2026<br \/>\n\u2026<br \/>\n\u2026<br \/>\n12 ve 13 May\u0131s\u2019ta, \u0130stanbul Belediyesinin deste\u011fiyle \u0130mkander, so\u011fuk sava\u015f s\u00fcresince CIA\u2019nin kongreler d\u00fczenleme gelene\u011fini s\u00fcrd\u00fcrerek, Kafkasya\u2019daki ba\u011f\u0131ms\u0131zl\u0131k yanl\u0131lar\u0131n\u0131 desteklemek i\u00e7in uluslararas\u0131 bir kongre d\u00fczenler.<br \/>\n\u2026<br \/>\n\u2026<br \/>\n\u2026<br \/>\n2013\u2019te, Rusya G\u00fcvenlik Konseyinin 1267\/1989 say\u0131l\u0131 karar\u0131yla olu\u015fturulan Yapt\u0131r\u0131mlar Komitesinden \u0130mkander\u2019in El Kaide ile ba\u011flant\u0131l\u0131 \u00f6rg\u00fctler listesine dahil edilmesini talep etti. Birle\u015fik Krall\u0131k, Fransa ve L\u00fcksemburg buna muhalefet ettiler.<\/p>\n<p>###<br \/>\nNEDEN? Neden \u0130ngiltere ve Fransa?<br \/>\nBug\u00fcne kadar bu konuda yazd\u0131klar\u0131m\u0131 hat\u0131rla!<br \/>\n###<br \/>\n&#8212;<br \/>\n\u2026<br \/>\n\u2026<br \/>\nBu iki STK, \u0130HH silah sevkiyat\u0131 yapmak, \u0130mkander de siyasi destek vermek suretiyle olmak \u00fczere do\u011frudan su\u00e7a bula\u015fm\u0131\u015flard\u0131r. Anayasa Mahkemesi taraf\u0131ndan kapat\u0131lan Refah Partisi yerine Cumhurba\u015fkan\u0131 Erdo\u011fan taraf\u0131ndan kurulan AKP\u2019nin taraf\u0131ndan g\u00fc\u00e7l\u00fc bir \u015fekilde desteklenmektedirler.<br \/>\n\u2026<br \/>\n\u2026<br \/>\n\u2026<br \/>\nG\u00fcvenlik Konseyinin Rus istihbarat raporunu incelemesi \u00e7ok zay\u0131f bir olas\u0131l\u0131kt\u0131r. Gizli servislerin i\u015flevi konusu genelde gizli olarak de\u011ferlendirilir. Ne olursa olsun ABD, G\u00fcvenlik Konseyinin kararlar\u0131n\u0131 ihlal ederken su\u00e7\u00fcst\u00fc yakalanan T\u00fcrk m\u00fcttefikleriyle ne yapmak niyetinde oldu\u011funu belli etmelidir.<br \/>\nBu istihbaratlar, Cumhurba\u015fkan\u0131 Recep Tayyip Erdo\u011fan\u2019\u0131n El Kaide\u2019nin para kasas\u0131 Yasin el-Kad\u0131 ile ki\u015fisel ba\u011flar\u0131na ve I\u015e\u0130D taraf\u0131ndan \u00e7al\u0131nan petrol\u00fcn pazarlanmas\u0131nda o\u011flu Bilal\u2019in rol\u00fcne ili\u015fkin daha \u00f6nce mevcut olan somut bilgilere ekleniyor.<br \/>\n\u015e\u00fcphe yok ki, Suriye\u2019ye y\u00f6nelik bir askeri i\u015fgal olas\u0131l\u0131\u011f\u0131ndan s\u00f6z eden\u2026<br \/>\nNe olursa olsun, e\u011fer T\u00fcrkiye ile Rusya aras\u0131nda bir sava\u015f patlak verirse, bu istihbarat raporu, NATO s\u00f6zle\u015fmesinin 5nci maddesi uyar\u0131nca Ankara\u2019n\u0131n NATO deste\u011finden yoksun olmas\u0131na yetecektir.\u201d<\/p>\n<p>https:\/\/ia800303.us.archive.org\/12\/items\/SabriHizmetliIslamTarihi\/Sabri%20Hizmetli%20-%20Islam%20Tarihi.pdf<\/p>\n<p>https:\/\/ia800100.us.archive.org\/15\/items\/CahidBaltaciIslamMedeniyetiTarihi\/Cahid%20Baltaci%20-%20Islam%20Medeniyeti%20Tarihi.pdf<\/p>\n<p>https:\/\/ia800501.us.archive.org\/2\/items\/FuadKopruluslamMedeniyetiTarihi\/Fuad%20Koprulu-\u0130slam%20medeniyeti%20tarihi.pdf<\/p>\n<p>https:\/\/ia800303.us.archive.org\/9\/items\/BrahimAgahCubukcuIslamMezheblerTarihi\/\u0130brahim%20Agah%20Cubukcu%20-%20Islam%20mezhebler%20tarihi.pdf<\/p>\n<p>https:\/\/ia802806.us.archive.org\/5\/items\/RescherIslamMantkTarihi\/rescher-islam%20mant\u0131k%20tarihi.pdf<\/p>\n<p>https:\/\/ia902805.us.archive.org\/34\/items\/PeygamberlerTarihiAsimKoksal\/Peygamberler%20Tarihi%20-%20Asim%20Koksal.pdf<\/p>\n<p>https:\/\/ia800101.us.archive.org\/31\/items\/HakkDurunYldzDoutanGnmzeBykslamTarihi06Fn\/Hakk\u0131%20Dursun%20Y\u0131ld\u0131z-%20Do\u011fu\u015ftan%20G\u00fcn\u00fcm\u00fcze%20B\u00fcy\u00fck%20\u0130slam%20Tarihi-%2006%20fn.pdf<\/p>\n<p>https:\/\/ia801201.us.archive.org\/9\/items\/hazretimuhammedv008800\/hazretimuhammedv008800.pdf<\/p>\n","protected":false},"excerpt":{"rendered":"<p>UYARI!!! \u00d6lm\u00fc\u015f e\u015fek kurttan korkmaz der atalar\u2026 Ben zaten canl\u0131 bir cesedim, sizler benim y\u00fcz\u00fcmden dert sahibi olmay\u0131n\u2026 Tehlikeli bilgiler\u2026 YANI\u2026 Okumasan\u0131z beni daha iyi olur kan\u0131s\u0131nday\u0131m, en g\u00fczeli\u2026 \u201cYukar\u0131da bir delik, a\u015fa\u011f\u0131da bir delik!\u201d Ya\u015famaya devam edin, ileri demokrasilere falan kafa yormay\u0131n\u2026 GIDECEKTIM\u2026 Gidemedim AMA mutlaka gitmeliyim, kaybolmal\u0131y\u0131m\u2026 En az\u0131ndan\u2026 Birka\u00e7 g\u00fcn SADECE ben &hellip; <\/p>\n<p class=\"link-more\"><a href=\"http:\/\/wordpress.gurbuz.net\/?p=27702\" class=\"more-link\"><span class=\"screen-reader-text\">\u201eYEM\u0130NL\u0130Y\u0130M, B\u0130R ATAT\u00dcRK M\u0130LL\u0130YETC\u0130S\u0130Y\u0130M\u201c<\/span> weiterlesen<\/a><\/p>\n","protected":false},"author":1,"featured_media":0,"comment_status":"open","ping_status":"open","sticky":false,"template":"","format":"standard","meta":[],"categories":[1],"tags":[],"_links":{"self":[{"href":"http:\/\/wordpress.gurbuz.net\/index.php?rest_route=\/wp\/v2\/posts\/27702"}],"collection":[{"href":"http:\/\/wordpress.gurbuz.net\/index.php?rest_route=\/wp\/v2\/posts"}],"about":[{"href":"http:\/\/wordpress.gurbuz.net\/index.php?rest_route=\/wp\/v2\/types\/post"}],"author":[{"embeddable":true,"href":"http:\/\/wordpress.gurbuz.net\/index.php?rest_route=\/wp\/v2\/users\/1"}],"replies":[{"embeddable":true,"href":"http:\/\/wordpress.gurbuz.net\/index.php?rest_route=%2Fwp%2Fv2%2Fcomments&post=27702"}],"version-history":[{"count":4,"href":"http:\/\/wordpress.gurbuz.net\/index.php?rest_route=\/wp\/v2\/posts\/27702\/revisions"}],"predecessor-version":[{"id":27706,"href":"http:\/\/wordpress.gurbuz.net\/index.php?rest_route=\/wp\/v2\/posts\/27702\/revisions\/27706"}],"wp:attachment":[{"href":"http:\/\/wordpress.gurbuz.net\/index.php?rest_route=%2Fwp%2Fv2%2Fmedia&parent=27702"}],"wp:term":[{"taxonomy":"category","embeddable":true,"href":"http:\/\/wordpress.gurbuz.net\/index.php?rest_route=%2Fwp%2Fv2%2Fcategories&post=27702"},{"taxonomy":"post_tag","embeddable":true,"href":"http:\/\/wordpress.gurbuz.net\/index.php?rest_route=%2Fwp%2Fv2%2Ftags&post=27702"}],"curies":[{"name":"wp","href":"https:\/\/api.w.org\/{rel}","templated":true}]}}