{"id":27699,"date":"2019-08-31T12:30:16","date_gmt":"2019-08-31T12:30:16","guid":{"rendered":"http:\/\/wordpress.gurbuz.net\/?p=27699"},"modified":"2019-08-31T12:34:49","modified_gmt":"2019-08-31T12:34:49","slug":"27699","status":"publish","type":"post","link":"http:\/\/wordpress.gurbuz.net\/?p=27699","title":{"rendered":"Iman y\u00fcrekten olmal\u0131, sevgi samimi ve y\u00fcrekten gelmeli, a\u015fk\u2026 Y\u00fcre\u011finin her zerresi, her teli ayr\u0131 ayr\u0131 titremeli. Kad\u0131na, erke\u011fe\u2026 Allah\u2019a, vatan ve milettine"},"content":{"rendered":"<p><strong>Ayet-el K\u00fcrsi yaz\u0131l\u0131 pirin\u00e7 tanesi\u2026<\/strong><\/p>\n<p>Dine, dindara sayg\u0131l\u0131yd\u0131.<br \/>\nDin t\u00fcccar\u0131na, yobaza m\u00fcsamaha g\u00f6stermezdi.<br \/>\n\u2605<br \/>\n\u201cDin, Allah ile kul aras\u0131ndaki ba\u011fd\u0131r, softa s\u0131n\u0131f\u0131n\u0131n din simsarl\u0131\u011f\u0131na asla m\u00fcsaade edilmemelidir, dinden maddi menfaat temin edenler menfur (tiksinti verici) kimselerdir\u201d diyordu.<br \/>\n\u2605<br \/>\n1922\u2026 Saltanat\u0131n kald\u0131r\u0131lmas\u0131 g\u00f6r\u00fc\u015fmeleri yap\u0131l\u0131rken, baz\u0131 milletvekilleri \u201cMustafa Kemal halife olsun\u201d teklifinde bulundu.<br \/>\nSinirinden ac\u0131 ac\u0131 g\u00fcl\u00fcms\u00fcyordu.<br \/>\n\u201cBunlar beni, ba\u015f\u0131mda ye\u015fil sar\u0131k, y\u00fcz\u00fcmde uzun sakal, geni\u015f bir c\u00fcbbe i\u00e7inde, elimde tespih, uhrevi bir adam yapmak istiyorlar. Hayrete \u015fayand\u0131r, bunlar\u0131n kal\u0131n kafalar\u0131 beni anlam\u0131yor\u201d diyordu.<br \/>\n\u2605<br \/>\nKadir geceleri oru\u00e7 tutard\u0131.<br \/>\nRamazan&#8217;da i\u00e7ki i\u00e7mezdi.<br \/>\nAk\u015fam sofralar\u0131 iftara d\u00f6n\u00fc\u015f\u00fcrd\u00fc.<br \/>\nYa\u015far Okur&#8217;u \u00e7a\u011f\u0131r\u0131r, Kur&#8217;an-\u0131 Kerim okuturdu.<br \/>\n\u2605<br \/>\nYa\u015far Okur \u00f6zel haf\u0131z\u0131yd\u0131.<br \/>\nSultan Re\u015fad&#8217;\u0131n, Vahdettin&#8217;in, halife Abd\u00fclmecid&#8217;in hanendesi ve ba\u015fm\u00fcezziniydi. Cumhuriyet ilan edilince Ankara&#8217;ya gelmi\u015f, Cumhurba\u015fkanl\u0131\u011f\u0131 Fas\u0131l Heyeti \u015eefi olmu\u015ftu.<br \/>\n1930&#8217;da emekliye ayr\u0131ld\u0131 ama, K\u00f6\u015fk&#8217;ten ayr\u0131lmad\u0131.<br \/>\nMustafa Kemal hi\u00e7 kimsenin eme\u011fini bedavaya getirmezdi\u2026 G\u00f6n\u00fcll\u00fc olarak \u00e7al\u0131\u015fmaya devam eden haf\u0131z\u0131na 1930&#8217;dan itibaren \u00f6l\u00fcm\u00fcne kadar her ay kendi cebinden 100 lira verdi.<br \/>\nEmekli haf\u0131z maa\u015f\u0131n\u0131n iki kat\u0131yd\u0131.<br \/>\n\u2605<br \/>\nRamazan ay\u0131 boyunca Hac\u0131 Bayram Veli ve Zincirlikuyu camilerinde \u015fehitlerimizin ruhuna hatim indirtirdi.<br \/>\n\u2605<br \/>\n1932\u2026 Sadettin Kaynak hat\u0131ralar\u0131nda \u015fu \u00e7arp\u0131c\u0131 bilgiyi aktar\u0131yordu: \u201cRamazan ay\u0131yd\u0131. Dolmabah\u00e7e&#8217;de b\u00fcy\u00fck muayede salonunda haf\u0131zlar\u0131 toplam\u0131\u015ft\u0131. Gazi&#8217;nin elinde Cemil Said&#8217;in T\u00fcrk\u00e7e Kur&#8217;an-\u0131 Kerim&#8217;i vard\u0131. Evvela haf\u0131z Kemal&#8217;e verdi, okuttu, be\u011fenmedi. Ver bana, ben okuyaca\u011f\u0131m dedi. Hakikaten okudu. H\u00e2l\u00e2 g\u00f6zlerimin \u00f6n\u00fcndedir, askeri kumanda eder gibi, emir verir gibi bir ahenk ve tav\u0131rla okudu.\u201d<br \/>\n\u2605<br \/>\nReferans ald\u0131\u011f\u0131 kitaplardan biri, d\u00f6nemin en \u00fcnl\u00fc \u015farkiyat\u00e7\u0131lar\u0131ndan Leone Caetani&#8217;nin \u201c\u0130slam Tarihi\u201d eseriydi.<br \/>\nHazreti Muhammed&#8217;in liderli\u011finin, sava\u015flar\u0131n\u0131n anlat\u0131ld\u0131\u011f\u0131 b\u00f6l\u00fcmlerin alt\u0131n\u0131 \u00e7izmi\u015fti, \u201cm\u00fchim\u201d diye not d\u00fc\u015fm\u00fc\u015ft\u00fc.<br \/>\nAlt\u0131n\u0131 \u00e7izerek okudu\u011fu di\u011fer b\u00f6l\u00fcmler \u201coru\u00e7\u201d ve \u201cramazan bayram\u0131n\u0131n ortaya \u00e7\u0131k\u0131\u015f\u0131\u201dyla alakal\u0131 sat\u0131rlard\u0131.<br \/>\n\u2605<br \/>\nBedir Sava\u015f\u0131&#8217;n\u0131 askeri a\u00e7\u0131dan incelemi\u015fti.<br \/>\nKendi elleriyle haritas\u0131n\u0131 \u00e7izmi\u015fti.<br \/>\n\u201cHazreti Muhammed&#8217;in peygamber oldu\u011fundan \u015f\u00fcphe edenler \u015fu haritaya baks\u0131nlar, Bedir destan\u0131&#8217;n\u0131 okusunlar, bir avu\u00e7 insanla mah\u015fer gibi kalabal\u0131k ve alabildi\u011fine zengin Kurey\u015f ordusuna kar\u015f\u0131 kazand\u0131\u011f\u0131 b\u00fcy\u00fck zafer, fani insanlar\u0131n k\u00e2r\u0131 de\u011fildir, Hazreti Muhammed&#8217;in peygamberli\u011finin en kuvvetli delilidir\u201d diyordu.<br \/>\n\u2605<br \/>\nKur&#8217;an-\u0131 Kerim&#8217;i t\u00fcm incelikleriyle bilirdi.<br \/>\nOrijinal Arap\u00e7as\u0131&#8217;n\u0131 defalarca okumu\u015ftu.<br \/>\nT\u00fcrk\u00e7e ve Frans\u0131zca \u00e7evirilerini defalarca okumu\u015ftu.<br \/>\nTefsir ederdi.<br \/>\n\u2605<br \/>\nMustafa Kemal&#8217;i tarih boyunca t\u00fcm devrimcilerden ay\u0131ran \u00f6zelli\u011fi, din&#8217;di\u2026 \u0130slamiyet&#8217;e, inan\u00e7 kavram\u0131na entelekt\u00fcel seviyede kafa yormu\u015ftu.<br \/>\n\u2605<br \/>\nMeclis karar\u0131yla \u00f6zel b\u00fct\u00e7e ay\u0131rarak, Kur&#8217;an-\u0131 Kerim&#8217;i T\u00fcrk\u00e7e&#8217;ye terc\u00fcme ettirdi, tefsir ettirdi, onbinlerce bast\u0131rtarak halka \u00fccretsiz da\u011f\u0131tt\u0131. Kendi dilimizde anla\u015f\u0131larak okunmas\u0131n\u0131 sa\u011flad\u0131.<br \/>\n\u2605<br \/>\n\u0130lk bilimsel hadis \u00e7al\u0131\u015fmas\u0131n\u0131 yapt\u0131rd\u0131.<br \/>\nTemel hadis kayna\u011f\u0131 kabul edilen Buhari&#8217;yi T\u00fcrk\u00e7e&#8217;ye \u00e7evirtti, yine onbinlerce \u00fccretsiz da\u011f\u0131tt\u0131.<br \/>\n\u2605<br \/>\nHalk\u0131n kendi dilinde kavrayarak, kendi dilinde hissederek camilere y\u00f6nelmesi i\u00e7in \u00e7aba harcad\u0131. T\u00fcrk\u00e7e Kur&#8217;an, T\u00fcrk\u00e7e hutbe, T\u00fcrk\u00e7e ezan okuttu.<br \/>\n\u2605<br \/>\n1931\u2026 Ramazan&#8217;\u0131n 15&#8217;inci g\u00fcn\u00fcyd\u00fc. Haf\u0131z Ya\u015far Okur, \u0130stanbul Yerebatan Camisi&#8217;nde cuma namaz\u0131n\u0131 m\u00fcteakip \u201cm\u00fc\u015ffik ve rahim olan Allah&#8217;\u0131n ad\u0131yla\u201d diye ba\u015flayarak, tarihte ilk kez T\u00fcrk\u00e7e Kur&#8217;an okudu.<br \/>\n\u2605<br \/>\nHemen ard\u0131ndan\u2026 Haf\u0131z Burhan, Haf\u0131z Kemal, Haf\u0131z Zeki, Haf\u0131z Nuri, Haf\u0131z R\u0131za, Haf\u0131z Fahri, Haf\u0131z Rifat beyler, Sultanahmet Camisi&#8217;nde T\u00fcrk\u00e7e Kur&#8217;an okudu. Cemaatin \u00e7ok \u00f6nemli b\u00f6l\u00fcm\u00fc, kad\u0131nd\u0131.<br \/>\n\u2605<br \/>\nHaf\u0131z Rifat bey, Fatih Camisi&#8217;nde tarihte ilk kez T\u00fcrk\u00e7e ezan okudu.<br \/>\n\u0130lk T\u00fcrk\u00e7e hutbe, S\u00fcleymaniye Camisi&#8217;nde okundu.<br \/>\nKadir Gecesi&#8217;nde Ayasofya&#8217;da 30 haf\u0131z, T\u00fcrk\u00e7e Kur&#8217;an okudu.<br \/>\nAyasofya&#8217;ya 100 bine yak\u0131n insan gelmi\u015fti.<br \/>\nRadyodan naklen yay\u0131nland\u0131.<br \/>\n\u2605<br \/>\n\u201cM\u00fcsl\u00fcmanlar\u0131n toplumsal hayat\u0131nda hi\u00e7 kimsenin \u00f6zel bir s\u0131n\u0131f olarak varl\u0131\u011f\u0131n\u0131 korumaya hakk\u0131 yoktur. Kendilerinde b\u00f6yle bir hak g\u00f6renler, dini h\u00fck\u00fcmlere g\u00f6re hareket etmi\u015f olmazlar. Bizde ruhbanl\u0131k yoktur. Hepimiz e\u015fitiz. Dinimizin h\u00fck\u00fcmlerini e\u015fit olarak \u00f6\u011frenmeye mecburuz\u201d diyordu.<br \/>\n\u2605<br \/>\nTevrat ve \u0130ncil&#8217;i okumu\u015ftu.<br \/>\nEski Ahit ve Yeni Ahit, k\u00fct\u00fcphanesinde yeral\u0131yordu.<br \/>\n\u0130brani, Keldani ve Yunani lisanlar\u0131ndan terc\u00fcmeydi.<br \/>\nAgop Boyac\u0131yan Matbaas\u0131 taraf\u0131ndan 1886&#8217;da bas\u0131lm\u0131\u015ft\u0131.<br \/>\n\u2605<br \/>\nAngelo Giuseppe Roncalli, piskopostu.<br \/>\n\u0130stanbul&#8217;da papal\u0131k temsilcisiydi.<br \/>\n\u201cDin adamlar\u0131n\u0131n dini k\u0131yafetlerini sadece ibadet yerlerinde giymelerine\u201d dair kanun \u00e7\u0131kar\u0131l\u0131nca, devrim kanunlar\u0131na teredd\u00fcts\u00fcz sayg\u0131 g\u00f6sterdi, hi\u00e7bir kurumsal imtiyaz talebinde bulunmad\u0131, T\u00fcrkiye&#8217;de sivil k\u0131yafetle dola\u015fan ilk din adam\u0131 oldu.<br \/>\nMustafa Kemal, bu uyumlu davran\u0131\u015f\u0131 nedeniyle piskopos Roncalli&#8217;ye iki tak\u0131m elbise, bir pardes\u00fc, bir f\u00f6tr \u015fapka hediye etti.<br \/>\nPiskopos, T\u00fcrk dostuydu.<br \/>\nDers ald\u0131, ak\u0131c\u0131 T\u00fcrk\u00e7e \u00f6\u011frendi.<br \/>\nG\u00fcnl\u00fck tutuyordu. Y\u0131llar sonra kitapla\u015ft\u0131r\u0131lan hat\u0131ralar\u0131na g\u00f6re, Mustafa Kemal devrimlerini hayranl\u0131kla takip ediyordu.<br \/>\n\u201cBurada yepyeni bir d\u00fcnya var\u201d diyordu.<br \/>\nT\u00fcrkiye Cumhuriyeti&#8217;nde son derece rahat ya\u015fad\u0131\u011f\u0131n\u0131, kendisini rahat hissetti\u011fini, hatta, h\u0131ristiyan din adam\u0131 olmas\u0131na ra\u011fmen as\u0131l s\u0131k\u0131nt\u0131y\u0131 Yunanistan&#8217;da ya\u015fad\u0131\u011f\u0131n\u0131, Yunanistan&#8217;a girmekte g\u00fc\u00e7l\u00fck \u00e7ekti\u011fini anlat\u0131yordu. G\u00fcnl\u00fc\u011f\u00fcne defalarca \u201cT\u00fcrkleri seviyorum\u201d diye yazm\u0131\u015ft\u0131.<br \/>\n1953&#8217;te Papa oldu!<br \/>\nT\u00fcrkiye sevgisi nedeniyle \u201cT\u00fcrk Papa\u201d olarak an\u0131ld\u0131.<br \/>\n\u201cHayat\u0131m\u0131n en g\u00fczel 10 y\u0131l\u0131n\u0131 T\u00fcrkiye&#8217;de ge\u00e7irdim, bar\u0131\u015f\u00e7\u0131l ve dingin&#8217;di, beni bir tek kimse bile, bir tek g\u00fcn bile k\u0131rmad\u0131, sadece s\u0131cak alaka, dostluk, samimiyet ve anlay\u0131\u015f g\u00f6rd\u00fcm\u201d diyordu.<br \/>\nMustafa Kemal d\u00f6neminde kurulan dostane ili\u015fki sayesinde, Mustafa Kemal&#8217;in tak\u0131m elbise hediye etti\u011fi T\u00fcrk Papa sayesinde\u2026 Tarihte ilk kez T\u00fcrkiye&#8217;yle Vatikan aras\u0131nda diplomatik ili\u015fki kuruldu.<br \/>\n\u2605<br \/>\n1932-33 aras\u0131nda T\u00fcrkiye&#8217;de g\u00f6rev yapan Amerikan b\u00fcy\u00fckel\u00e7isi Charles Sherrill, 1934&#8217;te kaleme ald\u0131\u011f\u0131 Atat\u00fcrk biyografisinde \u015funlar\u0131 yazm\u0131\u015ft\u0131: \u201cMustafa Kemal&#8217;in din bahislerinden ho\u015flanmad\u0131\u011f\u0131 s\u00f6ylenirdi. Halbuki benimle bu konuya dair gayet serbest ve uzun uzad\u0131ya konu\u015ftu. B\u00fct\u00fcn T\u00fcrkler kendi kendilerine okuyup anlayabilsinler diye T\u00fcrk\u00e7ele\u015ftirmi\u015f, Kur&#8217;an gibi b\u00fcy\u00fck bir kitab\u0131n kap\u0131lar\u0131n\u0131 ard\u0131na kadar a\u00e7m\u0131\u015ft\u0131. Fevzi Pa\u015fa 22 g\u00fcn 22 gece fas\u0131las\u0131z devam eden Sakarya Sava\u015f\u0131 boyunca bir tek defa bile namaz\u0131n\u0131 ihmal etmemi\u015fti, Tanr\u0131&#8217;ya dualar\u0131n\u0131 s\u00fcrd\u00fcrm\u00fc\u015ft\u00fc, bu a\u011f\u0131rba\u015fl\u0131 cesur komutan askerlerinin moralini y\u00fckseltmek i\u00e7in mevziden mevziye dola\u015farak, erlerine Kur&#8217;an&#8217;dan par\u00e7alar okumu\u015ftu. Ayn\u0131 derece so\u011fukkanl\u0131 ve sava\u015fta bir an bile cesaret ve azmini kaybetmemi\u015f olan \u0130smet Pa\u015fa da Fevzi Pa\u015fa gibi dinine y\u00fcrekten ba\u011fl\u0131 bir M\u00fcsl\u00fcmand\u0131. Bu iki dindar komutan, Mustafa Kemal&#8217;in en yak\u0131n iki generaliydi.\u201d<br \/>\n\u2605<br \/>\nSakarya Sava\u015f\u0131&#8217;n\u0131n en kanl\u0131 g\u00fcnleriydi.<br \/>\n\u00c7ad\u0131r\u0131nda harita \u00fczerinde \u00e7al\u0131\u015f\u0131yordu.<br \/>\nYaverine emretti, \u201c\u00e7ok acele Fevzi pa\u015fa&#8217;y\u0131 \u00e7a\u011f\u0131r\u201d dedi.<br \/>\nYaver Muzaffer K\u0131l\u0131\u00e7 at\u0131na bindi, d\u00f6rtnala Fevzi \u00c7akmak&#8217;\u0131n \u00e7ad\u0131r\u0131na gitti, i\u00e7eri girdi\u011finde pa\u015fa&#8217;y\u0131 y\u00fcksek sesle Kur&#8217;an okurken buldu, s\u0131rt\u0131 kap\u0131ya d\u00f6n\u00fckt\u00fc. Ne yapaca\u011f\u0131na karar veremedi, seslenmedi, geri d\u00f6nd\u00fc, durumu anlatt\u0131.<br \/>\nMustafa Kemal \u201cdokunma\u201d dedi\u2026<br \/>\n\u201cKur&#8217;an okurken rahats\u0131z etmeyelim.\u201d<br \/>\n\u2605<br \/>\nKurtulu\u015f Sava\u015f\u0131 boyunca emrindeki pa\u015falarla birlikte, haf\u0131zlara Kur&#8217;an okutup dinlerdi. Hat\u0131ra defterinde tarih tarih notlar vard\u0131.<br \/>\n\u201c9 mart per\u015fembe, \u0130smet pa\u015fa geldi, evvela yemek, sonra ertesi g\u00fcn\u00fcn hareketi kararla\u015ft\u0131r\u0131ld\u0131, ondan sonra haf\u0131za Kur&#8217;an okuttuk.\u201d<br \/>\n\u201c10 mart cuma, \u0130smet, Yakup \u015eevki ve Selahattin pa\u015falar gelmi\u015flerdi, beraber yemek yedik, haf\u0131za Kur&#8217;an okuttum.\u201d<br \/>\n\u201c17 mart cuma, karargaha avdet, saat 8&#8217;e kadar yaln\u0131z kald\u0131m, Mustafa Abd\u00fclhalik bey geldi, haf\u0131za Kur&#8217;an okuttuk.\u201d<br \/>\n\u201c20 mart pazartesi, \u0130smet pa\u015fayla beraber bize geldik, Fahrettin pa\u015fa ve erkan-\u0131 harbi yeme\u011fe davet etmi\u015ftim, haf\u0131za Kur&#8217;an okuttuk.\u201d<br \/>\n\u2605<br \/>\nMevlevi felsefesiyle ilgiliydi.<br \/>\nHarp okulunda \u00f6\u011frenciyken Selanik&#8217;e izne geldi\u011finde mutlaka mevlevihaneye gider, sema izlerdi.<br \/>\nSema s\u0131ras\u0131nda Tanr\u0131&#8217;ya d\u00f6nerek yakla\u015fmay\u0131 \u201cT\u00fcrk dehas\u0131n\u0131n bir ifadesi\u201d olarak g\u00f6r\u00fcyordu.<br \/>\n1923&#8217;te Konya&#8217;da mevlevihaneye u\u011frad\u0131. Ziyaret\u00e7i defterine \u201cT\u00fcrk medeniyetinin ana kaynaklar\u0131ndan biri\u201d diye yazd\u0131.<br \/>\nMevlana&#8217;y\u0131 \u201cb\u00fcy\u00fck reformist\u201d olarak nitelendiriyordu.<br \/>\nAncak, Mevlana&#8217;n\u0131n o\u011flu sultan Veled&#8217;i babas\u0131ndan bile \u00fcst\u00fcn g\u00f6r\u00fcyordu. \u00c7\u00fcnk\u00fc \u201ceserlerini T\u00fcrk\u00e7e yazd\u0131\u201d diyordu.<br \/>\n\u2605<br \/>\n1919\u2026 Sivas Kongresi&#8217;nden sonra Ankara&#8217;ya giderken, g\u00fczergah\u0131 bizzat belirlemi\u015f, Hac\u0131bekta\u015f&#8217;ta konaklam\u0131\u015ft\u0131.<br \/>\nB\u00f6ylece, Osmanl\u0131&#8217;n\u0131n y\u00fczy\u0131llard\u0131r Alevilere kar\u015f\u0131 y\u00fcr\u00fctt\u00fc\u011f\u00fc yok sayma, bask\u0131 ve k\u0131r\u0131m politikas\u0131n\u0131 tarihe g\u00f6mm\u00fc\u015ft\u00fc.<br \/>\nCemalettin \u00c7elebi taraf\u0131ndan a\u011f\u0131rlanm\u0131\u015f, Cem t\u00f6reni izlemi\u015fti.<br \/>\nDedebaba postunda oturan Salih Niyazi Baba&#8217;y\u0131 ziyaret etmi\u015fti.<br \/>\n\u2605<br \/>\nEn yak\u0131n adamlar\u0131ndan olan K\u0131l\u0131\u00e7 Ali&#8217;nin as\u0131l ismi Asaf&#8217;t\u0131.<br \/>\n\u0130lk tan\u0131\u015ft\u0131klar\u0131nda \u00f6zge\u00e7mi\u015fini incelerken, Asaf&#8217;\u0131n \u00fcst\u00fcn\u00fc \u00e7izmi\u015f, n\u00fcfusa kay\u0131tl\u0131 oldu\u011fu Be\u015fikta\u015f&#8217;taki K\u0131l\u0131\u00e7ali semtinin de alt\u0131n\u0131 \u00e7izmi\u015fti.<br \/>\n\u201cArt\u0131k Asaf masaf yok, sadece K\u0131l\u0131\u00e7 Ali var, malumundur ki Hazreti Ali&#8217;nin di\u011fer ismi K\u0131l\u0131\u00e7&#8217;t\u0131r, hem de Allah&#8217;\u0131n keskin k\u0131l\u0131c\u0131\u2026 B\u00f6yle bir birle\u015fme olur da insan ba\u015fka ismi nas\u0131l ta\u015f\u0131r?\u201d<br \/>\n\u2605<br \/>\n1926\u2026 Mekke&#8217;de \u0130slam kongresi toplanacakt\u0131. T\u00fcrkiye Cumhuriyeti de davet edilmi\u015fti. Ankara&#8217;n\u0131n delege g\u00f6nderip g\u00f6ndermeyece\u011fi t\u00fcm d\u00fcnyada merak konusuydu.<br \/>\nMustafa Kemal hi\u00e7 teredd\u00fcts\u00fcz \u201celbette kat\u0131laca\u011f\u0131z\u201d dedi.<br \/>\n\u0130stanbul milletvekili Edip Servet T\u00f6r&#8217;\u00fc \u00e7a\u011f\u0131rd\u0131.<br \/>\n\u201cMekke&#8217;ye gidip bizi temsil edeceksin, T\u00fcrks\u00fcn ve M\u00fcsl\u00fcmans\u0131n, T\u00fcrkl\u00fck M\u00fcsl\u00fcmanl\u0131\u011f\u0131n \u00f6nc\u00fcs\u00fc ve k\u0131lavuzudur, M\u00fcsl\u00fcman milletleri medenile\u015fmekten al\u0131koyan bat\u0131l itikatlar\u0131 y\u0131kmak i\u00e7in Mekke&#8217;ye \u015fapka ile gireceksin, kara taassup seni par\u00e7alamaya bile kalksa, ba\u015f\u0131n\u0131 vereceksin, fakat e\u011filmeyeceksin\u201d dedi.<br \/>\nMesele tabii ki \u015fapka de\u011fildi\u2026<br \/>\nBa\u011fnazl\u0131\u011f\u0131n dayat\u0131lmas\u0131na, din&#8217;le alakas\u0131 olmayan konular\u0131n sanki din kural\u0131ym\u0131\u015f gibi kabul edilmesine kar\u015f\u0131 tav\u0131r koyuyordu.<br \/>\nMekke&#8217;de \u015fapkayla dola\u015f\u0131lmas\u0131 yasakt\u0131, hayal bile edilemezdi.<br \/>\nT\u00fcrkiye Cumhuriyeti&#8217;nin karar\u0131 d\u00fcnya \u00e7ap\u0131nda haber oldu.<br \/>\nVe, Edip Servet T\u00f6r, Mekke&#8217;ye \u015fapkayla girdi.<br \/>\nHerhangi bir sorun ya\u015fanmad\u0131\u011f\u0131 gibi, tam tersine, d\u00fcnyadaki t\u00fcm M\u00fcsl\u00fcman \u00fclkelerin en \u00e7ok itibar g\u00f6ren delegesi oldu.<br \/>\n\u2605<br \/>\nManevi k\u0131z\u0131 Nebile&#8217;ye yasin okuturdu.<br \/>\n\u2605<br \/>\nEzan dinlemeyi \u00e7ok severdi.<br \/>\n1928\u2026 Mithat Cemal Kuntay hat\u0131ra defterine \u015fu notu d\u00fc\u015fm\u00fc\u015ft\u00fc: \u201cUzun bir gecenin sabah\u0131nda, g\u00fcne\u015f do\u011farken \u00e7ok m\u00fcstesna bir hadise oldu. Gazi, manevi k\u0131z\u0131ndan rica etti, Nebile han\u0131m sandalyenin \u00fcst\u00fcne \u00e7\u0131kt\u0131, sabah ezan\u0131 okumaya ba\u015flad\u0131. Bir ara bakt\u0131m, Nebile han\u0131m\u0131n ses damlalar\u0131na g\u00f6zya\u015f\u0131 damlalar\u0131 kar\u0131\u015f\u0131yordu, Gazi a\u011fl\u0131yordu.\u201d<br \/>\n\u2605<br \/>\nRahmetli oldu\u011funda, vasiyetnamesi d\u0131\u015f\u0131nda kalan baz\u0131 de\u011ferli e\u015fyalar\u0131 iki kasa i\u00e7inde Ziraat Bankas\u0131&#8217;na teslim edilmi\u015fti.<br \/>\nBu kasalar An\u0131tkabir&#8217;e aktar\u0131lmak \u00fczere 1953 y\u0131l\u0131nda a\u00e7\u0131ld\u0131.<br \/>\nDe\u011ferli ta\u015flarla s\u00fcsl\u00fc a\u011f\u0131zl\u0131k, sigara tabakas\u0131, kol d\u00fc\u011fmesi, saat gibi e\u015fyalar\u0131n yan\u0131nda, Ayet-el K\u00fcrsi&#8217;nin yaz\u0131l\u0131 oldu\u011fu pirin\u00e7 tanesi \u00e7\u0131kt\u0131.<br \/>\n\u2605<br \/>\nMustafa Kemal hakk\u0131nda uydurulan en vahim yalanlardan biri, \u201cdinsiz oldu\u011fu, din d\u00fc\u015fman\u0131 oldu\u011fu, dindarlara bask\u0131 yapt\u0131\u011f\u0131\u201d yalan\u0131d\u0131r.<br \/>\nNesilden nesile tekrarlanan, s\u00fcrekli g\u00fcndemde tutulan bu yalan\u0131n kayna\u011f\u0131, Mustafa Kemal&#8217;in bile\u011fini b\u00fckemeyen emperyalizm&#8217;dir.<br \/>\n\u2605<br \/>\nDin d\u00fc\u015fman\u0131 gibi g\u00f6stererek halk\u0131n g\u00f6z\u00fcnden ve g\u00f6nl\u00fcnden d\u00fc\u015f\u00fcrmeyi ama\u00e7layan alg\u0131 projesi, zannedildi\u011fi gibi vefat ettikten sonra de\u011fil, Mustafa Kemal hen\u00fcz hayattayken ba\u015flat\u0131ld\u0131.<br \/>\nLozan Antla\u015fmas\u0131 imzalan\u0131r imzalanmaz, devreye sokuldu.<br \/>\n\u2605<br \/>\nOrtado\u011fu uzman\u0131 Alman diplomat Kurt Ziemke, 1930 y\u0131l\u0131nda yazd\u0131\u011f\u0131 \u201cYeni T\u00fcrkiye\u201d isimli kitab\u0131nda, \u0130ngiliz projesini \u015f\u00f6yle anlat\u0131yordu:<br \/>\n\u201cBirinci D\u00fcnya Sava\u015f\u0131 sonunda Almanya ve T\u00fcrkiye mahvolmu\u015ftu, her iki \u00fclke de teslim olmak zorunda kalm\u0131\u015flard\u0131.<br \/>\nT\u00fcrkiye&#8217;de T\u00fcrk milli m\u00fccadelesinden sonra Kemalizm&#8217;in temel prensipleriyle T\u00fcrk milli devleti olu\u015fturuldu.<br \/>\n\u0130ngilizler Musul&#8217;da hedeflerine ula\u015fmak i\u00e7in bir yandan T\u00fcrkiye&#8217;deki ayr\u0131l\u0131k\u00e7\u0131 hareketlere destek verirken, bir yandan Kemalist ak\u0131m\u0131n yay\u0131lmas\u0131n\u0131 engelleyecek \u00f6nlemlere ba\u015fvurmu\u015flard\u0131.<br \/>\nYap\u0131lmas\u0131 gereken, Kemalist Cumhuriyet&#8217;in hem din d\u00fc\u015fman\u0131, hem K\u00fcrt d\u00fc\u015fman\u0131 oldu\u011fu temas\u0131n\u0131 ortaya at\u0131p, i\u015flemekti.\u201d<br \/>\n\u2605<br \/>\nVe d\u00fcn, 30 A\u011fustos&#8217;ta\u2026<br \/>\n\u2605<br \/>\nDiyanet i\u015fleri ba\u015fkanl\u0131\u011f\u0131n\u0131n cuma hutbesinde, Mustafa Kemal Atat\u00fcrk&#8217;ten, silah arkada\u015flar\u0131ndan tek kelime bile bahsedilmedi.<br \/>\n\u2605<br \/>\nDiyaneti y\u00f6neten zihniyet, 30 A\u011fustos hutbesinde laf\u0131 uzun uzad\u0131ya e\u011fip b\u00fckt\u00fc, \u201cvatan\u201d dedi, \u201czafer\u201d dedi, Mustafa Kemal Atat\u00fcrk diyemedi.<br \/>\n\u2605<br \/>\nBen hi\u00e7 e\u011fip b\u00fckmeden s\u00f6yleyeyim bari\u2026<br \/>\nBu diyanet, T\u00fcrk milletinin diyaneti olamaz.<br \/>\nEmperyalizmin adeta ayakta alk\u0131\u015flad\u0131\u011f\u0131 bu diyanete kar\u015f\u0131, t\u0131pk\u0131 B\u00f6rek\u00e7izade R\u0131fat gibi, yurtsever din adamlar\u0131m\u0131z taraf\u0131ndan Anadolu fetvas\u0131 verilmesi laz\u0131m.<\/p>\n<p>https:\/\/www.sozcu.com.tr\/2019\/yazarlar\/yilmaz-ozdil\/ayet-el-kursi-yazili-pirinc-tanesi-5308974\/<\/p>\n","protected":false},"excerpt":{"rendered":"<p>Ayet-el K\u00fcrsi yaz\u0131l\u0131 pirin\u00e7 tanesi\u2026 Dine, dindara sayg\u0131l\u0131yd\u0131. Din t\u00fcccar\u0131na, yobaza m\u00fcsamaha g\u00f6stermezdi. \u2605 \u201cDin, Allah ile kul aras\u0131ndaki ba\u011fd\u0131r, softa s\u0131n\u0131f\u0131n\u0131n din simsarl\u0131\u011f\u0131na asla m\u00fcsaade edilmemelidir, dinden maddi menfaat temin edenler menfur (tiksinti verici) kimselerdir\u201d diyordu. \u2605 1922\u2026 Saltanat\u0131n kald\u0131r\u0131lmas\u0131 g\u00f6r\u00fc\u015fmeleri yap\u0131l\u0131rken, baz\u0131 milletvekilleri \u201cMustafa Kemal halife olsun\u201d teklifinde bulundu. Sinirinden ac\u0131 ac\u0131 g\u00fcl\u00fcms\u00fcyordu. &hellip; <\/p>\n<p class=\"link-more\"><a href=\"http:\/\/wordpress.gurbuz.net\/?p=27699\" class=\"more-link\"><span class=\"screen-reader-text\">\u201eIman y\u00fcrekten olmal\u0131, sevgi samimi ve y\u00fcrekten gelmeli, a\u015fk\u2026 Y\u00fcre\u011finin her zerresi, her teli ayr\u0131 ayr\u0131 titremeli. Kad\u0131na, erke\u011fe\u2026 Allah\u2019a, vatan ve milettine\u201c<\/span> weiterlesen<\/a><\/p>\n","protected":false},"author":1,"featured_media":0,"comment_status":"open","ping_status":"open","sticky":false,"template":"","format":"standard","meta":[],"categories":[1],"tags":[],"_links":{"self":[{"href":"http:\/\/wordpress.gurbuz.net\/index.php?rest_route=\/wp\/v2\/posts\/27699"}],"collection":[{"href":"http:\/\/wordpress.gurbuz.net\/index.php?rest_route=\/wp\/v2\/posts"}],"about":[{"href":"http:\/\/wordpress.gurbuz.net\/index.php?rest_route=\/wp\/v2\/types\/post"}],"author":[{"embeddable":true,"href":"http:\/\/wordpress.gurbuz.net\/index.php?rest_route=\/wp\/v2\/users\/1"}],"replies":[{"embeddable":true,"href":"http:\/\/wordpress.gurbuz.net\/index.php?rest_route=%2Fwp%2Fv2%2Fcomments&post=27699"}],"version-history":[{"count":2,"href":"http:\/\/wordpress.gurbuz.net\/index.php?rest_route=\/wp\/v2\/posts\/27699\/revisions"}],"predecessor-version":[{"id":27701,"href":"http:\/\/wordpress.gurbuz.net\/index.php?rest_route=\/wp\/v2\/posts\/27699\/revisions\/27701"}],"wp:attachment":[{"href":"http:\/\/wordpress.gurbuz.net\/index.php?rest_route=%2Fwp%2Fv2%2Fmedia&parent=27699"}],"wp:term":[{"taxonomy":"category","embeddable":true,"href":"http:\/\/wordpress.gurbuz.net\/index.php?rest_route=%2Fwp%2Fv2%2Fcategories&post=27699"},{"taxonomy":"post_tag","embeddable":true,"href":"http:\/\/wordpress.gurbuz.net\/index.php?rest_route=%2Fwp%2Fv2%2Ftags&post=27699"}],"curies":[{"name":"wp","href":"https:\/\/api.w.org\/{rel}","templated":true}]}}