{"id":27211,"date":"2019-08-22T12:14:05","date_gmt":"2019-08-22T12:14:05","guid":{"rendered":"http:\/\/wordpress.gurbuz.net\/?p=27211"},"modified":"2019-08-22T12:21:04","modified_gmt":"2019-08-22T12:21:04","slug":"ve-papaz-bir-tuerlue-karar-veremedim-papaz-mi-basyazar-mi","status":"publish","type":"post","link":"http:\/\/wordpress.gurbuz.net\/?p=27211","title":{"rendered":"Ve papaz, bir t\u00fcrl\u00fc karar veremedim papaz m\u0131, ba\u015fyazar m\u0131?"},"content":{"rendered":"<p>Bak karde\u015fim\u2026<br \/>\nPara birimin, yazd\u0131m ge\u00e7enlerde\u2026<br \/>\n&gt;&gt;&gt; Para, psikolojik bir silaht\u0131r &lt;&lt;&lt;<br \/>\nPara\u2026<br \/>\nBir k\u00e2\u011f\u0131t par\u00e7as\u0131 veya madeni de\u011fil mi?<br \/>\nK\u00e2\u011f\u0131t, ya k\u00e2\u011f\u0131t. \u00dczerinde baz\u0131 rakamlar yaz\u0131yor\u2026<br \/>\nMadeni para, eskiden g\u00fcm\u00fc\u015ften veya alt\u0131nd\u0131, bir de\u011fir vard\u0131\u2026<br \/>\nArt\u0131k bak<span style=\"display: inline !important; float: none; background-color: transparent; color: #333333; cursor: text; font-family: 'Libre Franklin','Helvetica Neue',helvetica,arial,sans-serif; font-size: 16px; font-style: normal; font-variant: normal; font-weight: 400; letter-spacing: normal; orphans: 2; text-align: left; text-decoration: none; text-indent: 0px; text-transform: none; -webkit-text-stroke-width: 0px; white-space: normal; word-spacing: 0px;\">\u0131<\/span>r veya bilmem ne al\u0131\u015f\u0131m\u0131\u2026<br \/>\nDe\u011feri, neredeyse s\u0131f\u0131r!<\/p>\n<p>Peki\u2026<br \/>\nBu para neden de\u011ferli ya, neden de\u011ferli?<br \/>\nNiye insanlar bir \u00f6rne\u011fin 100 Euro\u2019nun\u2026<br \/>\nBir 100 Dolar\u0131n, de\u011ferine inan\u0131yor daaa\u2026<br \/>\nBir 100 Tayyip Liras\u0131n\u0131n hi\u00e7bir boka yaramad\u0131\u011f\u0131n\u0131 san\u0131yor?<br \/>\n\u00c7\u00fcnk\u00fc bu bir alg\u0131\u2026<br \/>\n\u0130nsan \u00f6ncelikle kendine, sevdiklerine, de\u011ferlerine\u2026<br \/>\nDe\u011fer vermeli bunu SOMUT veriler ile peki\u015ftirmeli\u2026<br \/>\nSa\u011flam temeller \u00fczerine oturtmal\u0131 ki bir ba\u015fkas\u0131nda da bu alg\u0131 uyans\u0131n\u2026<br \/>\n\u00c7akt\u0131n m\u0131 k\u00f6fteyi, anlad\u0131n m\u0131 demek istedi\u011fimi?<\/p>\n<p>\u2026<br \/>\n\u2026<br \/>\n\u2026<br \/>\nG\u00fcn\u00fcm\u00fczde en \u00e7ok tart\u0131\u015f\u0131lan konulardan biri T\u00fcrkiye&#8217;nin adaleti!<br \/>\nBilindi\u011fi gibi, 2 Eyl\u00fcl Pazartesi g\u00fcn\u00fc \u201c2019-2020 Adli Y\u0131l\u0131\u201d t\u00f6renle ba\u015flayacak.<br \/>\nT\u00f6renin Cumhurba\u015fkan\u0131&#8217;n\u0131n saray\u0131nda yap\u0131lacak olmas\u0131 \u201cY\u00fcksek Yarg\u0131 bir parti genel ba\u015fkan\u0131n\u0131n aya\u011f\u0131na gitmez!\u201d diyen barolar\u0131 isyan ettirdi.<br \/>\nT\u00fcrkiye&#8217;deki b\u00fct\u00fcn b\u00fcy\u00fck barolar \u201cYarg\u0131&#8217;n\u0131n siyasetin etkisine girdi\u011fi\u201d gerek\u00e7esiyle a\u00e7\u0131l\u0131\u015f t\u00f6renine kat\u0131lmayacak.<br \/>\n\u2605\u2605\u2605<br \/>\n\u201cYeni Adli Y\u0131l\u201d tart\u0131\u015fmalar\u0131 devam ederken, konunun en yetkin hukuk\u00e7ular\u0131ndan biri olan Anayasa Mahkemesi&#8217;nin \u00f6nceki ba\u015fkanlar\u0131ndan Yekta G\u00fcng\u00f6r \u00d6zden:<br \/>\n\u201cAdalet organlar\u0131ndan bekledi\u011fimiz, yarg\u0131n\u0131n ba\u011f\u0131ms\u0131zl\u0131\u011f\u0131n\u0131n ger\u00e7ek oldu\u011funu halk\u0131m\u0131za inand\u0131rmak ve anlatmakt\u0131r\u201d diyor ve g\u00f6r\u00fc\u015flerini \u015f\u00f6yle \u00f6zetliyor:<br \/>\n\u201cBir \u00fclkenin en etkili g\u00fcne\u015fi adalet g\u00fcne\u015fidir.<br \/>\nAdaletin ger\u00e7ekle\u015fti\u011fi her yerde bar\u0131\u015f, esenlik, d\u00fczen, dayan\u0131\u015fma, insanl\u0131k vard\u0131r.<br \/>\nAdaletin ku\u015fkuyla kar\u015f\u0131land\u0131\u011f\u0131 ortamlarda, insanlar\u0131n kendilerini huzur i\u00e7inde hissetmelerinin olana\u011f\u0131 yoktur.<br \/>\nT\u00fcrkiye&#8217;de her g\u00fcn duydu\u011fumuz ayk\u0131r\u0131 i\u015flemler, \u00e7eli\u015fkiler, kimi yanda\u015fl\u0131k say\u0131lacak tutumlar, adalete olan g\u00fcveni giderek sarsmaktad\u0131r.<br \/>\nBu da bir \u00fclkede bir insan\u0131n ya da bir kesimin yapabilece\u011fi en b\u00fcy\u00fck y\u0131k\u0131md\u0131r!<br \/>\nO y\u00fczden \u00fclkemizde \u2018siyasi etkilerle&#8216; karar al\u0131n\u0131p i\u015flem yap\u0131ld\u0131\u011f\u0131, adalet sistemimizin siyasal iktidar\u0131n etkisinde kald\u0131\u011f\u0131 ku\u015fkusu ve endi\u015feleri giderek art\u0131yor.<br \/>\nBu, \u00fclkemizi karanl\u0131\u011fa s\u00fcr\u00fckleyen nedenlerin ba\u015f\u0131nda gelen bir k\u00f6t\u00fcl\u00fckt\u00fcr. Bu bak\u0131mdan adalete \u00e7ok \u00f6nem vermemiz gerekiyor.\u201d<br \/>\n\u2605\u2605\u2605<br \/>\n\u00d6nceki y\u0131llarda Ankara Barosu&#8217;nda ba\u015fkanl\u0131k yapan Yekta G\u00fcng\u00f6r \u00d6zden, Adli Y\u0131l&#8217;\u0131n a\u00e7\u0131l\u0131\u015f\u0131n\u0131n, ayn\u0131 zamanda parti ba\u015fkan\u0131 olan Cumhurba\u015fkan\u0131&#8217;n\u0131n saray\u0131nda yap\u0131lmas\u0131na kar\u015f\u0131 \u00e7\u0131kan (ba\u015fta \u00f6nc\u00fc \u0130zmir Barosu olmak \u00fczere) t\u00fcm Baro Ba\u015fkanlar\u0131n\u0131 destekliyor ve y\u00fcrekten kutluyor.<\/p>\n<p>B\u00fcy\u00fck \u00e7eli\u015fki!<br \/>\nCHP lideri Kemal K\u0131l\u0131\u00e7daro\u011flu&#8217;nun \u201cMemleketin bu ortam\u0131nda erken se\u00e7im talebimiz olamaz\u201d mealinde konu\u015fmas\u0131 \u00fczerine, eski Sa\u011fl\u0131k ve Devlet Bakan\u0131 Rifat Serdaro\u011flu \u201cBu milletin d\u00f6rt y\u0131l daha azap \u00e7ekmesini mi istiyorsunuz?\u201d diye sormu\u015ftu.<br \/>\nBu iktidar madem \u00fclkeyi k\u00f6t\u00fc duruma getirdi, o halde gitmeli, \u00f6yle de\u011fil mi?<br \/>\nFakat hay\u0131r! K\u0131l\u0131\u00e7daro\u011flu \u201cAKP kals\u0131n, kendi pisli\u011fini kendi temizlesin!\u201d diyor.<br \/>\nAKP, kendi bozdu\u011fu sistemi d\u00fczeltebilecek yetenekte olsa \u00fclkeyi bu duruma getirir miydi?<br \/>\nK\u0131l\u0131\u00e7daro\u011flu&#8217;nun k\u0131sa bir s\u00fcre \u00f6nce Artvin&#8217;in \u015eav\u015fat \u0130l\u00e7esi&#8217;nde yapt\u0131\u011f\u0131 konu\u015fma i\u00e7ine d\u00fc\u015ft\u00fc\u011f\u00fc \u00e7eli\u015fkiyi net olarak g\u00f6steriyor:<br \/>\n\u2605\u2605\u2605<br \/>\nK\u0131l\u0131\u00e7daro\u011flu, \u015eav\u015fat&#8217;ta \u015f\u00f6yle demi\u015fti:<br \/>\n\u201cT\u00fcrkiye kavgalardan b\u0131kt\u0131! \u00dclke yanl\u0131\u015f siyaset nedeniyle farkl\u0131 yerlere s\u00fcr\u00fcklendi.<br \/>\n\u0130\u015fsiz birisinin, cebinde para olmayan birisinin sokaklarda rahat gezemeyece\u011fini biliyorlar m\u0131 acaba?<br \/>\nYeter art\u0131k ya! Vallahi de billahi de yeter!<br \/>\nMillet art\u0131k \u00f6yle bir noktaya geldi ki, i\u015f yok, g\u00fc\u00e7 yok!<br \/>\nDaha d\u00fcn Hopa&#8217;da bir kad\u0131n geldi, \u20183 k\u0131z\u0131m var, \u00fc\u00e7\u00fc de \u00fcniversiteyi bitirdi, i\u015fsiz&#8216; dedi.<br \/>\nHangi, s\u0131k\u0131nt\u0131lara girdi\u011fini, bo\u011faz\u0131ndan kesti\u011fini, onu hangi umutlarla okuttu\u011funu gayet iyi biliyorum.<br \/>\nKim i\u015f verecek? Onlar\u0131 d\u00fc\u015f\u00fcnen kim? Bu iktidar\u0131n yoksulu d\u00fc\u015f\u00fcnd\u00fc\u011f\u00fc yok!\u201d<br \/>\nK\u0131l\u0131\u00e7daro\u011flu bu s\u00f6zlerinde \u00e7ok hakl\u0131\u2026 Millet ger\u00e7ekten eziyet \u00e7ekiyor.<br \/>\nFakat onun haks\u0131z oldu\u011fu \u015fey \u201cAKP 4 y\u0131l daha iktidarda kals\u0131n\u201d g\u00f6r\u00fc\u015f\u00fc\u2026 Yani millet 4 y\u0131l daha eziyet \u00e7eksin, \u00f6yle mi?<br \/>\nT\u00fcrkiye&#8217;nin d\u00fczl\u00fc\u011fe \u00e7\u0131kmas\u0131 i\u00e7in bu iktidar\u0131n bir an \u00f6nce demokrasi i\u00e7inde gitmesi l\u00e2z\u0131m!<br \/>\nG\u00dcN\u00dcN S\u00d6Z\u00dc<br \/>\nDo\u011fdu\u011fum zaman ni\u00e7in a\u011flad\u0131\u011f\u0131m\u0131 \u015fimdi daha iyi anl\u0131yorum!<\/p>\n<p>https:\/\/www.sozcu.com.tr\/2019\/yazarlar\/rahmi-turan\/sipa-ve-esek-5291665\/?utm_source=yazarlar&#038;utm_campaign=diger_yazilar&#038;utm_medium=diger<\/p>\n","protected":false},"excerpt":{"rendered":"<p>Bak karde\u015fim\u2026 Para birimin, yazd\u0131m ge\u00e7enlerde\u2026 &gt;&gt;&gt; Para, psikolojik bir silaht\u0131r &lt;&lt;&lt; Para\u2026 Bir k\u00e2\u011f\u0131t par\u00e7as\u0131 veya madeni de\u011fil mi? K\u00e2\u011f\u0131t, ya k\u00e2\u011f\u0131t. \u00dczerinde baz\u0131 rakamlar yaz\u0131yor\u2026 Madeni para, eskiden g\u00fcm\u00fc\u015ften veya alt\u0131nd\u0131, bir de\u011fir vard\u0131\u2026 Art\u0131k bak\u0131r veya bilmem ne al\u0131\u015f\u0131m\u0131\u2026 De\u011feri, neredeyse s\u0131f\u0131r! Peki\u2026 Bu para neden de\u011ferli ya, neden de\u011ferli? Niye insanlar &hellip; <\/p>\n<p class=\"link-more\"><a href=\"http:\/\/wordpress.gurbuz.net\/?p=27211\" class=\"more-link\"><span class=\"screen-reader-text\">\u201eVe papaz, bir t\u00fcrl\u00fc karar veremedim papaz m\u0131, ba\u015fyazar m\u0131?\u201c<\/span> weiterlesen<\/a><\/p>\n","protected":false},"author":1,"featured_media":0,"comment_status":"open","ping_status":"open","sticky":false,"template":"","format":"standard","meta":[],"categories":[1],"tags":[],"_links":{"self":[{"href":"http:\/\/wordpress.gurbuz.net\/index.php?rest_route=\/wp\/v2\/posts\/27211"}],"collection":[{"href":"http:\/\/wordpress.gurbuz.net\/index.php?rest_route=\/wp\/v2\/posts"}],"about":[{"href":"http:\/\/wordpress.gurbuz.net\/index.php?rest_route=\/wp\/v2\/types\/post"}],"author":[{"embeddable":true,"href":"http:\/\/wordpress.gurbuz.net\/index.php?rest_route=\/wp\/v2\/users\/1"}],"replies":[{"embeddable":true,"href":"http:\/\/wordpress.gurbuz.net\/index.php?rest_route=%2Fwp%2Fv2%2Fcomments&post=27211"}],"version-history":[{"count":6,"href":"http:\/\/wordpress.gurbuz.net\/index.php?rest_route=\/wp\/v2\/posts\/27211\/revisions"}],"predecessor-version":[{"id":27217,"href":"http:\/\/wordpress.gurbuz.net\/index.php?rest_route=\/wp\/v2\/posts\/27211\/revisions\/27217"}],"wp:attachment":[{"href":"http:\/\/wordpress.gurbuz.net\/index.php?rest_route=%2Fwp%2Fv2%2Fmedia&parent=27211"}],"wp:term":[{"taxonomy":"category","embeddable":true,"href":"http:\/\/wordpress.gurbuz.net\/index.php?rest_route=%2Fwp%2Fv2%2Fcategories&post=27211"},{"taxonomy":"post_tag","embeddable":true,"href":"http:\/\/wordpress.gurbuz.net\/index.php?rest_route=%2Fwp%2Fv2%2Ftags&post=27211"}],"curies":[{"name":"wp","href":"https:\/\/api.w.org\/{rel}","templated":true}]}}