{"id":26745,"date":"2019-08-14T06:35:02","date_gmt":"2019-08-14T06:35:02","guid":{"rendered":"http:\/\/wordpress.gurbuz.net\/?p=26745"},"modified":"2019-08-14T12:01:16","modified_gmt":"2019-08-14T12:01:16","slug":"kenarindan-koesesinden-bazen-tam-icinden-benim-duenyam-en-azindan-eskiden-duenyamdi-artik-ceyrek-bir-emekli","status":"publish","type":"post","link":"http:\/\/wordpress.gurbuz.net\/?p=26745","title":{"rendered":"Kenar\u0131ndan, k\u00f6\u015fesinden BAZEN tam i\u00e7inden benim d\u00fcnyam. En az\u0131ndan eskiden d\u00fcnyamd\u0131, art\u0131k \u00e7eyrek bir emekli"},"content":{"rendered":"<p><a href=\"https:\/\/www.welt.de\/mediathek\/dokumentation\/mystery\/sendung170487748\/Mythos-und-Wahrheit-Krypto-Krieg.html\" target=\"_blank\" rel=\"noopener noreferrer\">\u00d6\u011frenmek istiyorsan<\/a><\/p>\n<p>\u2026<br \/>\n\u2026<br \/>\n\u2026<br \/>\nKim dost kim d\u00fc\u015fman bilemezsin<\/p>\n<p>\u0130nsano\u011flu\u2026<br \/>\nY\u00fcz\u00fcne g\u00fcler, s\u0131rt\u0131ndan vurur seni\u2026<br \/>\nFazla m\u0131 \u015f\u00fcpheciyim, hastal\u0131k derecesinde?<br \/>\nOlabilir, hasta ettiler beni\u2026<br \/>\nBeden zaten yedi darbeyi\u2026<br \/>\nYa ruh dedi\u011fin, i\u00e7 d\u00fcnyam?<\/p>\n<p>Allah bilir!<\/p>\n<p>Hep derim, \u00e7ok \u015f\u00fck\u00fcr Allah\u2019\u0131ma\u2026<br \/>\nZay\u0131f yan\u0131m, fazlaca aileciyim\u2026<br \/>\nSevdiklerim\u2026<br \/>\n\u00c7o\u011fu zaman hak etti\u011finden fazla, \u00e7ok fazla insana \u00f6nem veririm.<\/p>\n<p>Bildi\u011fim halde yap\u0131yorum bunu, bile, bile.<\/p>\n<p>Allah nasip etti\u2026<br \/>\nBen ya\u015fad\u0131m, g\u00f6rd\u00fcm\u2026<br \/>\nD\u00fcn konu\u015fuyoruz ailece, dedim ne senin ne senin var hayat tecr\u00fcben\u2026<br \/>\nOfff\u2026<br \/>\nEvlat isyanlarda, ya o\u011flum, pa\u015fam benim\u2026<br \/>\nElbette her insan edinir kendine g\u00f6re tecr\u00fcbe, ya\u015far kimi ac\u0131 tatl\u0131 olay\u0131\u2026<br \/>\nElbette\u2026<br \/>\nVe yine insana \u00f6zg\u00fc bir deneyim, ben ya\u015fad\u0131m\u2026<br \/>\nBenim ya\u015fad\u0131klar\u0131m en ac\u0131 en tatl\u0131 tecr\u00fcbe\u2026<br \/>\nRahmetli babam gelir akl\u0131ma; \u201celo\u011flunun yumru\u011funu yemeyen kendi yumru\u011funu balyoz san\u0131rm\u0131\u015f!\u201d<\/p>\n<p>Tabii ki onun, han\u0131m\u0131n ya\u015f\u0131 ne?<br \/>\nYa ben ba\u015flar\u0131nday\u0131m, S\u00dcREKLI g\u00f6z\u00fcm atmaca gibi \u00fczerlerinde\u2026<br \/>\nTabii olabilir kimi \u015fey, benim g\u00f6rmedi\u011fim, bilmedi\u011fim\u2026<br \/>\n\u0130nsan\u2026<br \/>\nHer \u015feyi bilmemeli AMA ya bu g\u00f6z\u00fcn g\u00f6rd\u00fcklerini, ya\u015fad\u0131klar\u0131n\u0131, bildiklerini ne etmeli?<\/p>\n<p>Neyse\u2026<br \/>\nMesele bu de\u011fil, gelelim saadete\u2026<br \/>\nEnnn\u2026<br \/>\nSana en yak\u0131n olandan \u015f\u00fcphe duy\u2026<br \/>\n&gt;&gt;&gt; sa\u011fl\u0131kl\u0131 bir \u015f\u00fcphe &lt;&lt;&lt;<br \/>\nHer dedi\u011fine inanma, Mevl\u00e2na\u2026<br \/>\nDer ger\u00e7i:<br \/>\n\u201cAc\u0131 su da, tatl\u0131 su da berrakt\u0131r. Sak\u0131n g\u00f6r\u00fcn\u00fc\u015fe aldanma&#8230;<br \/>\nG\u00f6r\u00fcn\u00fc\u015fte herkes insand\u0131r ama ger\u00e7ek insan hal ehli oland\u0131r.\u201c<br \/>\nVe devam eder s\u00f6zlerine\u2026<br \/>\n\u201cCahil ki\u015fi g\u00fcl\u00fcn g\u00fczelli\u011fini g\u00f6rmez, gider dikenine tak\u0131l\u0131r.<br \/>\n\u2026<br \/>\n\u2026<br \/>\n\u2026<br \/>\nSevgide g\u00fcne\u015f gibi ol,<br \/>\ndostluk ve karde\u015flikte<br \/>\nakarsu gibi ol,<br \/>\nhatalar\u0131 \u00f6rtmede gece gibi ol,<br \/>\ntevazuda toprak gibi ol,<br \/>\n\u00f6fkede \u00f6l\u00fc gibi ol,<br \/>\nher ne olursan ol,<br \/>\nya oldu\u011fun gibi g\u00f6r\u00fcn,<br \/>\nya g\u00f6r\u00fcnd\u00fc\u011f\u00fcn gibi ol\u201d<\/p>\n<p>Bu a\u00e7\u0131dan bak\u0131ld\u0131\u011f\u0131nda daha uzun bir yol var \u00f6nlerinde\u2026<br \/>\nHerkesin bildi\u011fi kendine\u2026<br \/>\nHerkesin kendine g\u00f6re vard\u0131r yetenekleri, becerileri\u2026<br \/>\nBu y\u00fczden JSOC gibi birimler koordine eder bu g\u00fc\u00e7leri\u2026<br \/>\nVe\u2026<br \/>\nMeydana \u00e7\u0131kar \u00f6l\u00fcmc\u00fcl, etkili bir \u00f6zel tim, g\u00f6reve, \u00fcstenecekleri g\u00f6reve g\u00f6re bi\u00e7ilmi\u015f bir kaftan.<\/p>\n<p>ISA\u2026<br \/>\nIntelligence Support Activity\u2026<br \/>\nT\u00fcm bu birimlerin \u201cbeyni, haf\u0131zas\u0131\u201d bilgi merkezi\u2026<br \/>\nH\u00fck\u00fcmet birimlerince k\u0131saca Activity diye an\u0131lmakta\u2026<br \/>\nNIYE tan\u0131t\u0131yor, anlat\u0131yorum sizlere bu d\u00fcnyay\u0131?<br \/>\nNiye?<br \/>\nAnlayacaks\u0131n\u0131z s\u00f6zlerimin sonuna geldi\u011fimde\u2026<br \/>\nEn az\u0131ndan anlayaca\u011f\u0131n\u0131z\u0131 umut ediyorum, bakal\u0131m!?<br \/>\n\u2026<br \/>\n\u2026<br \/>\n\u2026<br \/>\nCIA benzeri bir olu\u015fum\u2026<br \/>\nDIKKAT\u2026<br \/>\nAralar\u0131nda &gt;&gt;&gt; dil bilimcileri de &lt;&lt;&lt; var\u2026<br \/>\nKelimeler ve \u00f6nemleri\u2026<br \/>\nPilotlar, \u00e7ekirdekten yeti\u015fmi\u015f istihbarat\u00e7\u0131larda var\u2026<br \/>\n\u201cDa\u011f\u0131, kep\u00e7e kep\u00e7e ta\u015f\u0131rlar\u201d<\/p>\n<p>Hat\u0131rl\u0131 okuyucular\u0131m bilirler, bir bili\u015fim stratejisidir\u2026<br \/>\nAnlatm\u0131\u015f\u0131md\u0131r bunu \u00e7ok\u00e7a\u2026<br \/>\nSorunu g\u00f6r, T\u00dcM\u00dcN\u00dc g\u00f6r ama soruna \u00e7\u00f6z\u00fcm bulmak i\u00e7in problemi k\u00fc\u00e7\u00fck k\u00fc\u00e7\u00fck par\u00e7alara ay\u0131r\u0131p analiz et\u2026<br \/>\nMichelangelo gibi ressamlar yapard\u0131\u2026<br \/>\nNeredeyse t\u00fcm ressamlar yapar(d\u0131) bunu, \u00f6rne\u011fin arkeologlarda uygular bu stratejiyi, \u201ctuvali \u2013 topra\u011f\u0131\u201d Kare, kare b\u00f6ler \u00f6yle \u00e7izer veya kaz\u0131rlar, yaparlar yapacaklar\u0131n\u0131\u2026<br \/>\nPablo Escobar, Saddam H\u00fcseyin \u00f6rne\u011fin b\u00f6yle yakalanm\u0131\u015ft\u0131r.<\/p>\n<p>### &gt;&gt;&gt; bu strateji \u00e7ok \u00f6nemlidir, uygulanm\u0131yor her halde ne T\u00fcrkiye\u2019de ne Tayyipistanda &lt;&lt;&lt; ###<br \/>\nYOKSA\u2026<br \/>\nPKK, \u00fcst d\u00fczey y\u00f6neticileri \u00e7oktan papaz\u0131 yemi\u015fti!<\/p>\n<p>Bilgi demek para demek\u2026<br \/>\nPARA\u2026<br \/>\nHerkes benim gibi salak de\u011fil ki\u2026<br \/>\nVersin bedava!<\/p>\n<p>\u0130stihbarat d\u00fcnyas\u0131nda, bili\u015fimde her \u015fey bir \u015fekilde para demek, para\u2026<br \/>\n\u00c7ok, \u00e7ok, \u00e7ok para\u2026<br \/>\nYeri gelmi\u015fken bir parantez a\u00e7\u0131p \u201c\u00f6rt\u00fcl\u00fc \u00f6denekleri\u201d hat\u0131rlatm\u0131\u015f olay\u0131m\u2026<br \/>\nTabii\u2026<br \/>\nKimi h\u00fck\u00fcmet vard\u0131r bu \u00f6denekleri millet, vatan menfaatine harcar\u2026<br \/>\nKimisi\u2026<br \/>\nYanda\u015f, yolda\u015f doyurur!<br \/>\nNOKTA<\/p>\n<p>Ve evet\u2026<br \/>\nBu birimlerin kimisi art\u0131k &gt; global headhunter &lt; konumundad\u0131r\u2026<br \/>\nKafatas\u0131 avc\u0131lar\u0131\u2026<br \/>\nSon derece etkili!<\/p>\n<p>Zaten heriflerin f\u0131trat\u0131nda var, bademlerin deyimi ile\u2026<br \/>\nKovboy bunlar, tarihleri yazar kafatas\u0131 avc\u0131lar\u0131n\u0131\u2026<br \/>\nAz mi K\u0131z\u0131lderili\u2019nin y\u00fczd\u00fcler ba\u015f\u0131n\u0131?<\/p>\n<p><strong>Manitu versin bunlar\u0131n cezas\u0131n\u0131!<\/strong><\/p>\n<p><em><strong>\u00d6rt\u00fcl\u00fc \u00f6denek dedik de\u2026<br \/>\nBilmem bilir misiniz?<br \/>\nAmerika\u2019da\u2026<br \/>\n\u00d6rt\u00fcl\u00fc \u00f6denek kongre denetimi alt\u0131nda, ba\u015fkan hesap vermek zorunda\u2026<br \/>\nYok \u00f6yle kafana g\u00f6re harcamak, Kas\u0131mpa\u015fa usul\u00fc ileri demokrasilerde g\u00f6rebilirsin b\u00f6ylesini ANCAK!!!<\/strong><\/em><\/p>\n<p>Ve\u2026<br \/>\nDIKKAt DIKKAT DIKKAT<br \/>\nS\u0131z\u0131nt\u0131lar\u0131 \u00f6nlemek i\u00e7in var tabii kimi tedbirler, \u00f6rne\u011fin\u2026<br \/>\nKimi olaylar\u0131n, geli\u015fmelerin perde arkas\u0131na bakmalar\u0131 neredeyse imk\u00e2ns\u0131zd\u0131r\u2026<br \/>\nHarcanan paralar\u0131n\u2026<br \/>\nBu yine h\u00fck\u00fcmetin denetimindedir, anlayaca\u011f\u0131n\u0131z var kar\u015f\u0131l\u0131kl\u0131 bir denetim!<br \/>\n\u2026<br \/>\n\u2026<br \/>\n\u2026<br \/>\n05.03.2014<br \/>\nObama, 495.604.183.000\u2026<br \/>\n&#x1f60a;<br \/>\nK\u0131saca, d\u00fcz hesap 496 milyar dolarl\u0131k 2015 y\u0131l\u0131 i\u00e7in\u2026<br \/>\nSavunma b\u00fct\u00e7esini kongreye onay i\u00e7in sunar\u2026<br \/>\nYak\u0131ndan incelendi\u011finde bu b\u00fct\u00e7e\u2026<br \/>\n&gt; \u00f6rt\u00fcl\u00fc \u00f6dene\u011fin &lt;<br \/>\nY\u00fckseldi\u011fi g\u00f6zlemlenmektedir.<\/p>\n<p>###<br \/>\nBak karde\u015fim\u2026<br \/>\nSana burada anlatt\u0131klar\u0131m, her yerde okuyabilece\u011fin, \u00f6\u011frenebilece\u011fin \u015feyler de\u011fil\u2026<br \/>\nBIR\u2026<br \/>\n\u0130kincisi, yuttum ger\u00e7i VE daha yutmam gereken bir\u00e7ok \u015fey var\u2026<br \/>\nBu kadarc\u0131\u011f\u0131 bile ba\u015fa hayal edemeyece\u011fin kadar i\u015f a\u00e7ar!<\/p>\n<p>Ona g\u00f6re dikkatli oku, \u00f6\u011fren ki\u2026<br \/>\nBu riske girdi\u011fime de\u011fsin!<br \/>\n###<br \/>\n\u2026<br \/>\n\u2026<br \/>\n\u2026<br \/>\n10 May\u0131s 2019 13:37 sendika.org sitesinde yay\u0131nlanan habere g\u00f6re\u2026<br \/>\nKahpenin\u2026<br \/>\n\u201c\u00c7i\u011fdem Toker, \u00f6rt\u00fcl\u00fc \u00f6denek ile ilgili haz\u0131rlad\u0131\u011f\u0131 harcamalar tablosuna g\u00f6re 16 y\u0131l \u00f6ncesine g\u00f6re 17,5 kat artan \u00f6rt\u00fcl\u00fc \u00f6denek harcamas\u0131 toplamda 14,5 milyar TL&#8217;ye ula\u015ft\u0131\u201d<\/p>\n<blockquote class=\"wp-embedded-content\" data-secret=\"50V78nnw8d\"><p><a href=\"http:\/\/sendika63.org\/2019\/05\/erdoganin-2003-2018-doneminde-yaptigi-toplam-ortulu-odenek-harcamasi-145-milyar-tl-547376\/\">Erdo\u011fan&#8217;\u0131n 2003-2018 d\u00f6neminde yapt\u0131\u011f\u0131 toplam \u00f6rt\u00fcl\u00fc \u00f6denek harcamas\u0131: 14,5 milyar TL<\/a><\/p><\/blockquote>\n<p><iframe class=\"wp-embedded-content\" sandbox=\"allow-scripts\" security=\"restricted\" style=\"position: absolute; clip: rect(1px, 1px, 1px, 1px);\" src=\"http:\/\/sendika63.org\/2019\/05\/erdoganin-2003-2018-doneminde-yaptigi-toplam-ortulu-odenek-harcamasi-145-milyar-tl-547376\/embed\/#?secret=50V78nnw8d\" data-secret=\"50V78nnw8d\" width=\"525\" height=\"296\" title=\"&#8220;Erdo\u011fan&#8217;\u0131n 2003-2018 d\u00f6neminde yapt\u0131\u011f\u0131 toplam \u00f6rt\u00fcl\u00fc \u00f6denek harcamas\u0131: 14,5 milyar TL&#8221; &#8212; Sendika.Org\" frameborder=\"0\" marginwidth=\"0\" marginheight=\"0\" scrolling=\"no\"><\/iframe><\/p>\n<p>\u0130lgili haberi daha yak\u0131ndan inceledi\u011fimizde\u2026<br \/>\nS\u00f6yle bir \u00e7izelge, tablo \u00e7\u0131k\u0131yor kar\u015f\u0131m\u0131za:<br \/>\n<img src=\"http:\/\/www.gurbuz.net\/Turk\/1557468366545-38.jpg\" alt=\"\" \/><\/p>\n<p>Hadi ora Amerika\u2026<br \/>\nDenetim var\u2026<br \/>\nUlan bu orospu \u00e7ocu\u011fu DENETIMSIZ Emine\u2019nin bir taraflar\u0131na m\u0131 sokuyor bu paralar\u0131\u2026<br \/>\nYoksa cebe\u2026<br \/>\nYanda\u015f, yolda\u015fa m\u0131 gidiyor BIZLERIN paras\u0131?<\/p>\n<p><a href=\"https:\/\/t24.com.tr\/haber\/cigdem-toker-ortulu-odenek-16-yilda-7-3-kat-artti,820579\" target=\"_blank\" rel=\"noopener noreferrer\">\u0130lgileniyorsan bunu okuman\u0131 tavsiye ederim:<\/a><\/p>\n<p><strong>B\u00fct\u00e7eye bak b\u00fct\u00e7eye\u2026<br \/>\nGelire\u2026<br \/>\nSonra gidere!<\/strong><\/p>\n<p><a href=\"https:\/\/www.sozcu.com.tr\/2019\/yazarlar\/cigdem-toker\/ortulu-odenekte-16-yil-4742535\/\" target=\"_blank\" rel=\"noopener noreferrer\">S\u00f6zc\u00fc, ilgili haber<\/a><\/p>\n<p>Oturdu\u011fum yerden\u2026<br \/>\nAnan\u0131z\u0131, avrad\u0131n\u0131z\u0131 sikerim ulan\u2026<br \/>\n\u00d6nderin deli tepesini att\u0131rmay\u0131n!<\/p>\n<p>\u2026<br \/>\n\u2026<br \/>\n\u2026<br \/>\nDenetimsiz b\u00fct\u00e7eler ile\u2026<br \/>\nNe belirlenen taktik ne ekonomik\u2026<br \/>\nVeya siyaseten belirlenen hedeflerin tutturulup, tutturulmad\u0131\u011f\u0131 saptanmaz. Denetim yok ki\u2026<br \/>\nHarcan\u0131yor paralar ama ne i\u00e7in, amaca ula\u015f\u0131yor muyuz ula\u015fm\u0131yormu\u015fuz beli de\u011fil.<\/p>\n<p>&gt;&gt;&gt; Tabii \u015fu ihtimalide g\u00f6z ard\u0131 etmemeliyiz &lt;&lt;&lt;<br \/>\nBazen bu \u00f6rt\u00fcl\u00fc \u00f6deneklerde bulunan paralar ile b\u0131rak yanda\u015f, yolda\u015f\u0131 bir tarafa\u2026<br \/>\n\u0130ktidarda bulunanlar\u0131n ekonomik ve veya siyasi beceriksizliklerini \u00f6rtbas etmek i\u00e7in kullan\u0131ld\u0131\u011f\u0131 da bir ger\u00e7ek olarak kar\u015f\u0131m\u0131za \u00e7\u0131kmakta!<br \/>\nNOKTA<\/p>\n<p>Daha \u00f6nce de sormu\u015ftum; \u0130mam\u0131n o\u011flu\u2026<br \/>\nOkuyun l\u00fctfen bu rezilli\u011fi, d\u00fcnk\u00fc s\u00f6zc\u00fc gazetesinde yay\u0131nlad\u0131:<br \/>\n<img src=\"http:\/\/www.gurbuz.net\/Turk\/2019_08_14 13_10 Office Lens.jpg\" alt=\"\" \/><br \/>\n<a href=\"http:\/\/www.gurbuz.net\/Turk\/2019_08_14 13_10 Office Lens.jpg\" target=\"_blank\" rel=\"noopener noreferrer\">+<\/a><\/p>\n<p>\u0130stanbul\u2026<br \/>\nG\u0131k \u00e7\u0131km\u0131yor g\u0131k yok g\u0131k!<\/p>\n<p>Hat\u0131rlay\u0131n ba<span style=\"display: inline !important; float: none; background-color: transparent; color: #333333; cursor: text; font-family: 'Libre Franklin','Helvetica Neue',helvetica,arial,sans-serif; font-size: 16px; font-style: normal; font-variant: normal; font-weight: 400; letter-spacing: normal; orphans: 2; text-align: left; text-decoration: none; text-indent: 0px; text-transform: none; -webkit-text-stroke-width: 0px; white-space: normal; word-spacing: 0px;\">\u015f<\/span>tan beri bu \u015fah\u0131s hakk\u0131nda s\u00f6ylediklerimi\u2026<br \/>\nSizlerin de midesi bulanm\u0131yor mu, hi\u00e7 mi akl\u0131n\u0131za bir \u015feyler gelmiyor?<\/p>\n<p>\u201cT\u00fcrkiye ekonomisinin kalbi, 20 milyon n\u00fcfusu ile bir\u00e7ok \u00fclkenin n\u00fcfusundan fazla olan, d\u00fcnyan\u0131n en g\u00fczel \u015fehri iken betonla\u015ft\u0131r\u0131l\u0131p do\u011fadan kopart\u0131lan, \u00e7irkinle\u015ftirmek i\u00e7in elimizden geleni yapt\u0131\u011f\u0131m\u0131z \u0130stanbulumuzun B\u00fcy\u00fck\u015fehir Belediyesi\u2019nin 2019 gider b\u00fct\u00e7esi 23.8 milyar TL.Yani bu kadar para harcanmas\u0131 \u00f6ng\u00f6r\u00fclm\u00fc\u015f. Bu giderlerin 20.6 milyar liras\u0131 belediye gelirleri ile kar\u015f\u0131lanacak. Aradaki fark olan 3.2 milyar liral\u0131k gider ise bor\u00e7lanma ile finanse edilecek.\u201c<\/p>\n<p>https:\/\/www.aydinlik.com.tr\/istanbul-belediyesi-nin-2019-butcesi-mustafa-pamukoglu-kose-yazilari-subat-2019<\/p>\n<p>Strateji ve b\u00fct\u00e7e ba\u015fkanl\u0131\u011f\u0131na inanacak olursak\u2026<br \/>\nBu sene i\u00e7in b\u00fct\u00e7e gideri 961 milyar, gelirimiz ise 880,4 milyar Tayyip Liras\u0131ym\u0131\u015f\u2026<\/p>\n<blockquote class=\"wp-embedded-content\" data-secret=\"5gP0eDKbJ5\"><p><a href=\"http:\/\/www.sbb.gov.tr\/2019-butcesine-genel-bakis\/\">2019 B\u00fct\u00e7esine Genel Bak\u0131\u015f<\/a><\/p><\/blockquote>\n<p><iframe class=\"wp-embedded-content\" sandbox=\"allow-scripts\" security=\"restricted\" style=\"position: absolute; clip: rect(1px, 1px, 1px, 1px);\" src=\"http:\/\/www.sbb.gov.tr\/2019-butcesine-genel-bakis\/embed\/#?secret=5gP0eDKbJ5\" data-secret=\"5gP0eDKbJ5\" width=\"525\" height=\"296\" title=\"&#8220;2019 B\u00fct\u00e7esine Genel Bak\u0131\u015f&#8221; &#8212; T.C. Cumhurba\u015fkanl\u0131\u011f\u0131 Strateji ve B\u00fct\u00e7e Ba\u015fkanl\u0131\u011f\u0131 - SBB\" frameborder=\"0\" marginwidth=\"0\" marginheight=\"0\" scrolling=\"no\"><\/iframe><br \/>\nTekrar \u0130stanbul\u2019a d\u00f6nelim, g.t kadar yerde b\u00f6ylesine yolsuzluk yap\u0131labiliyorken\u2026<br \/>\nSizlerin hi\u00e7 akl\u0131 kesiyor mu \u0130stanbul\u2019da yolsuzlu\u011fun olmamas\u0131\u2026<br \/>\nKesiyor mu?<\/p>\n<p>\u0130mam\u0131n o\u011flundan t\u0131k yok, t\u0131k!<br \/>\nHep dedim hep iddia ettim, birini di\u011feri ile de\u011fi\u015ftirecekler\u2026<br \/>\nAl birini vur \u00f6tekine!<br \/>\n\u2026<br \/>\n\u2026<br \/>\n\u2026<\/p>\n<p>Devam edecek\u2026<\/p>\n","protected":false},"excerpt":{"rendered":"<p>\u00d6\u011frenmek istiyorsan \u2026 \u2026 \u2026 Kim dost kim d\u00fc\u015fman bilemezsin \u0130nsano\u011flu\u2026 Y\u00fcz\u00fcne g\u00fcler, s\u0131rt\u0131ndan vurur seni\u2026 Fazla m\u0131 \u015f\u00fcpheciyim, hastal\u0131k derecesinde? Olabilir, hasta ettiler beni\u2026 Beden zaten yedi darbeyi\u2026 Ya ruh dedi\u011fin, i\u00e7 d\u00fcnyam? Allah bilir! Hep derim, \u00e7ok \u015f\u00fck\u00fcr Allah\u2019\u0131ma\u2026 Zay\u0131f yan\u0131m, fazlaca aileciyim\u2026 Sevdiklerim\u2026 \u00c7o\u011fu zaman hak etti\u011finden fazla, \u00e7ok fazla insana \u00f6nem &hellip; <\/p>\n<p class=\"link-more\"><a href=\"http:\/\/wordpress.gurbuz.net\/?p=26745\" class=\"more-link\"><span class=\"screen-reader-text\">\u201eKenar\u0131ndan, k\u00f6\u015fesinden BAZEN tam i\u00e7inden benim d\u00fcnyam. En az\u0131ndan eskiden d\u00fcnyamd\u0131, art\u0131k \u00e7eyrek bir emekli\u201c<\/span> weiterlesen<\/a><\/p>\n","protected":false},"author":1,"featured_media":0,"comment_status":"open","ping_status":"open","sticky":false,"template":"","format":"standard","meta":[],"categories":[1],"tags":[],"_links":{"self":[{"href":"http:\/\/wordpress.gurbuz.net\/index.php?rest_route=\/wp\/v2\/posts\/26745"}],"collection":[{"href":"http:\/\/wordpress.gurbuz.net\/index.php?rest_route=\/wp\/v2\/posts"}],"about":[{"href":"http:\/\/wordpress.gurbuz.net\/index.php?rest_route=\/wp\/v2\/types\/post"}],"author":[{"embeddable":true,"href":"http:\/\/wordpress.gurbuz.net\/index.php?rest_route=\/wp\/v2\/users\/1"}],"replies":[{"embeddable":true,"href":"http:\/\/wordpress.gurbuz.net\/index.php?rest_route=%2Fwp%2Fv2%2Fcomments&post=26745"}],"version-history":[{"count":25,"href":"http:\/\/wordpress.gurbuz.net\/index.php?rest_route=\/wp\/v2\/posts\/26745\/revisions"}],"predecessor-version":[{"id":26774,"href":"http:\/\/wordpress.gurbuz.net\/index.php?rest_route=\/wp\/v2\/posts\/26745\/revisions\/26774"}],"wp:attachment":[{"href":"http:\/\/wordpress.gurbuz.net\/index.php?rest_route=%2Fwp%2Fv2%2Fmedia&parent=26745"}],"wp:term":[{"taxonomy":"category","embeddable":true,"href":"http:\/\/wordpress.gurbuz.net\/index.php?rest_route=%2Fwp%2Fv2%2Fcategories&post=26745"},{"taxonomy":"post_tag","embeddable":true,"href":"http:\/\/wordpress.gurbuz.net\/index.php?rest_route=%2Fwp%2Fv2%2Ftags&post=26745"}],"curies":[{"name":"wp","href":"https:\/\/api.w.org\/{rel}","templated":true}]}}