{"id":25306,"date":"2019-07-12T13:04:51","date_gmt":"2019-07-12T13:04:51","guid":{"rendered":"http:\/\/wordpress.gurbuz.net\/?p=25306"},"modified":"2019-07-12T13:25:57","modified_gmt":"2019-07-12T13:25:57","slug":"yazmaya-baslamistim-yarim-kalmisti-vakti-geldi-koyayim-yine-bir-nokta","status":"publish","type":"post","link":"http:\/\/wordpress.gurbuz.net\/?p=25306","title":{"rendered":"Yazmaya ba\u015flam\u0131\u015ft\u0131m, y\u00e2rim kalm\u0131\u015ft\u0131. Vakti geldi koyay\u0131m yine bir NOKTA"},"content":{"rendered":"<p>Merak etme\u2026<br \/>\nSa\u011fl\u0131k yerindeyse iyi k\u00f6t\u00fc kafada yerinde\u2026<br \/>\nUnutmam kolay kolay\u2026<br \/>\nDedim ya bir Allah, bir ben bilirim, birde yeri gelen zaman dilimi\u2026<br \/>\nYeri gelecek ki koyay\u0131m noktay\u0131!<\/p>\n<p>D\u00fcnya lideri dedik\u2026<br \/>\nB\u00fcy\u00fck ekonomist dedik\u2026<br \/>\nTek adaml\u0131k dedik\u2026<br \/>\nBahane\u2026<br \/>\nBirden \u00e7ok ba\u015fl\u0131kt\u0131 de\u011fil mi?<\/p>\n<p>\u00c7ok ba\u015fl\u0131l\u0131k(!)<\/p>\n<p>Ter\u00f6r bitti mi?<br \/>\nEkonomi d\u00fczeldi mi?<br \/>\nHAYIR\u2026<br \/>\nVe daha ne s\u00f6zler vermi\u015fti, neler, neler(!)<\/p>\n<p>LAF EBESI!<\/p>\n<p>Kral Salomo (S\u00fcleyman) kral Davut\u2019un o\u011flu\u2026<br \/>\nIsrail krallar\u0131n\u0131n \u00fc\u00e7\u00fcnc\u00fcs\u00fc\u2026<br \/>\nTevrat\u2019ta, \u0130ncil\u2019de VE Kur\u2019an-\u0131 Kerimde (Neml, Sebe surelerinde) ge\u00e7er adi\u2026<\/p>\n<p>https:\/\/kuran.diyanet.gov.tr\/tefsir\/sure\/27-neml-suresi<\/p>\n<p>https:\/\/kuran.diyanet.gov.tr\/tefsir\/sure\/34-sebe-suresi<\/p>\n<p>Ola\u011fan\u00fcst\u00fc zengin\u2026<br \/>\nAdil\u2026<br \/>\nVe zeki, d\u00fcr\u00fcst bir kral oldu\u011fu anlat\u0131l\u0131r\u2026<br \/>\nDIKKAT\u2026<br \/>\nZenginli\u011fi, bug\u00fcne kadar ge\u00e7erli olan kurama g\u00f6re\u2026<br \/>\nB\u00fcnyesinde bulundurdu\u011fu bak\u0131r madenlerinden geldi\u011fi farz ediliyordu\u2026<br \/>\n&gt;&gt;&gt; En son bilimsel veriler, bulgular &lt;&lt;&lt;<br \/>\nBunun b\u00f6yle olmad\u0131\u011f\u0131n\u0131 kan\u0131tlar niteli\u011finde!<\/p>\n<p>Peki\u2026<br \/>\nZenginli\u011fi yalan m\u0131yd\u0131 yani?<br \/>\nHAYIR!<\/p>\n<p>O\u2026<br \/>\nAllah vergisi zek\u00e2s\u0131yla\u2026.<br \/>\n&gt;&gt;&gt; y\u00f6neticilik vas\u0131flar\u0131 ile TARIH YAZDI &lt;&lt;&lt;<br \/>\n\u00d6yle ki\u2026<br \/>\nHAK dinlerinde bile dillendirildi!<\/p>\n<p>O bahsi ge\u00e7en bak\u0131r madenleri ba\u015fka bir g\u00fcc\u00fcn elindeymi\u015f zaman\u0131nda\u2026<br \/>\nBilimsel bulgular, arkeoloji bunu kan\u0131tlad\u0131\u2026<br \/>\nAMA\u2026<br \/>\nO b\u00f6lge bir nevi ada konumundaym\u0131\u015f, yani \u201cd\u00f6rt taraf\u0131\u201d kral S\u00fcleyman egemenli\u011findeymi\u015f\u2026<br \/>\nAdamlar bak\u0131r\u0131 \u00fclkelerine g\u00f6t\u00fcrmek istese MECBUREN onun topraklar\u0131ndan ge\u00e7mesi gerekiyormu\u015f!<\/p>\n<p>Madenleri ele ge\u00e7irmek i\u00e7in bir sava\u015f\u0131 g\u00f6ze almayan Y\u00d6NETICI\u2026<br \/>\n\u00d6lmeyi, \u00f6ld\u00fcrmeyi\u2026<br \/>\nBa\u015fka bir \u00e7\u00f6z\u00fcm bulmu\u015f\u2026<br \/>\nTopraklar\u0131ndan gelip ge\u00e7enden VERGI ISTEMI\u015e, ayak bast\u0131n paras\u0131\u2026<br \/>\nTabii ora \u00e7\u00f6l\u00fcn ortas\u0131\u2026<br \/>\nSu laz\u0131m, yiyecek laz\u0131m, laz\u0131mda laz\u0131m yani\u2026<br \/>\nSonra\u2026<br \/>\nKarde\u015fim maden bu, i\u015f\u00e7ilik, \u00e7al\u0131\u015facak insanlar\u0131n bar\u0131nmas\u0131, yeme\u011fi, madenin g\u00fcvenli\u011fi\u2026<br \/>\nVesaire vesaire\u2026<br \/>\nS\u00fcleyman\u2026<br \/>\nBen de\u011fil ki ikide birde, durduk yere ba\u015f\u0131na i\u015f a\u00e7s\u0131n\u2026<br \/>\nKoymu\u015f vergiyi\u2026<br \/>\nD\u00f6nm\u00fc\u015f k\u00f6\u015feyi!<\/p>\n<p>S400\u2019leri\u2026<br \/>\nY\u00f6neticili\u011fi, ekonomiyi falan istersen bu ba\u011flamda bir d\u00fc\u015f\u00fcnsen\u2026<br \/>\nNe dersin\u2026<br \/>\nHaks\u0131z miyim?<\/p>\n<p>Y\u00f6neticilik karde\u015fim, y\u00f6netmek\u2026<br \/>\n\u00c7ocuk oyunca\u011f\u0131 de\u011fildir\u2026<br \/>\nHele\u2026<br \/>\nBir Kas\u0131mpa\u015fa ay\u0131s\u0131n\u0131n harc\u0131 hi\u00e7 de\u011fildir!<\/p>\n","protected":false},"excerpt":{"rendered":"<p>Merak etme\u2026 Sa\u011fl\u0131k yerindeyse iyi k\u00f6t\u00fc kafada yerinde\u2026 Unutmam kolay kolay\u2026 Dedim ya bir Allah, bir ben bilirim, birde yeri gelen zaman dilimi\u2026 Yeri gelecek ki koyay\u0131m noktay\u0131! D\u00fcnya lideri dedik\u2026 B\u00fcy\u00fck ekonomist dedik\u2026 Tek adaml\u0131k dedik\u2026 Bahane\u2026 Birden \u00e7ok ba\u015fl\u0131kt\u0131 de\u011fil mi? \u00c7ok ba\u015fl\u0131l\u0131k(!) Ter\u00f6r bitti mi? Ekonomi d\u00fczeldi mi? HAYIR\u2026 Ve daha ne &hellip; <\/p>\n<p class=\"link-more\"><a href=\"http:\/\/wordpress.gurbuz.net\/?p=25306\" class=\"more-link\"><span class=\"screen-reader-text\">\u201eYazmaya ba\u015flam\u0131\u015ft\u0131m, y\u00e2rim kalm\u0131\u015ft\u0131. Vakti geldi koyay\u0131m yine bir NOKTA\u201c<\/span> weiterlesen<\/a><\/p>\n","protected":false},"author":1,"featured_media":0,"comment_status":"open","ping_status":"open","sticky":false,"template":"","format":"standard","meta":[],"categories":[1],"tags":[],"_links":{"self":[{"href":"http:\/\/wordpress.gurbuz.net\/index.php?rest_route=\/wp\/v2\/posts\/25306"}],"collection":[{"href":"http:\/\/wordpress.gurbuz.net\/index.php?rest_route=\/wp\/v2\/posts"}],"about":[{"href":"http:\/\/wordpress.gurbuz.net\/index.php?rest_route=\/wp\/v2\/types\/post"}],"author":[{"embeddable":true,"href":"http:\/\/wordpress.gurbuz.net\/index.php?rest_route=\/wp\/v2\/users\/1"}],"replies":[{"embeddable":true,"href":"http:\/\/wordpress.gurbuz.net\/index.php?rest_route=%2Fwp%2Fv2%2Fcomments&post=25306"}],"version-history":[{"count":7,"href":"http:\/\/wordpress.gurbuz.net\/index.php?rest_route=\/wp\/v2\/posts\/25306\/revisions"}],"predecessor-version":[{"id":25313,"href":"http:\/\/wordpress.gurbuz.net\/index.php?rest_route=\/wp\/v2\/posts\/25306\/revisions\/25313"}],"wp:attachment":[{"href":"http:\/\/wordpress.gurbuz.net\/index.php?rest_route=%2Fwp%2Fv2%2Fmedia&parent=25306"}],"wp:term":[{"taxonomy":"category","embeddable":true,"href":"http:\/\/wordpress.gurbuz.net\/index.php?rest_route=%2Fwp%2Fv2%2Fcategories&post=25306"},{"taxonomy":"post_tag","embeddable":true,"href":"http:\/\/wordpress.gurbuz.net\/index.php?rest_route=%2Fwp%2Fv2%2Ftags&post=25306"}],"curies":[{"name":"wp","href":"https:\/\/api.w.org\/{rel}","templated":true}]}}