{"id":23107,"date":"2019-05-20T07:42:05","date_gmt":"2019-05-20T07:42:05","guid":{"rendered":"http:\/\/wordpress.gurbuz.net\/?p=23107"},"modified":"2019-05-20T10:37:39","modified_gmt":"2019-05-20T10:37:39","slug":"toere","status":"publish","type":"post","link":"http:\/\/wordpress.gurbuz.net\/?p=23107","title":{"rendered":"T\u00f6re"},"content":{"rendered":"<p>Yok kurgu de\u011fil, ger\u00e7e\u011fi\u2026<br \/>\nDe\u011fildir Ye\u015fil\u00e7am \u00f6rne\u011fi\u2026<br \/>\nT\u00fcrk\u00fcn \u00f6rf ve adetleri, binlerce y\u0131lda olu\u015fan\u2026<br \/>\nArtik\u2026<br \/>\n\u00c7a\u011f\u0131m\u0131za uymayan\u0131n oldu\u011fu kadar ASLA ge\u00e7erlili\u011fini yitirmeyecek olan kimi g\u00fczel\u2026<br \/>\nKimi \u00e7irkin geleneklerimizin b\u00fct\u00fcn\u00fc\u2026<br \/>\nT\u00fcrk\u2019\u00fc T\u00fcrk\u2026<br \/>\nBir T\u00fcrkiyelinin veya yabanc\u0131n\u0131n katiyen y\u00fcre\u011finde his edemeyece\u011fi davran\u0131\u015flar, tepkiler b\u00fct\u00fcn\u00fc.<\/p>\n<p>Evet\u2026<br \/>\nT\u00fcrk\u00e7\u00fcl\u00fc\u011f\u00fcn bir yerde devam\u0131 niteli\u011finde bir makale diyemem, k\u0131sac\u0131k, ufac\u0131k b\u00f6l\u00fcm\u00fc olarak bakmal\u0131y\u0131z bu yaz\u0131ya\u2026<br \/>\n\u00c7\u00fcnk\u00fc\u2026<br \/>\nTablonun b\u00fct\u00fcn\u00fcd\u00fcr g\u00f6rmemiz, alg\u0131lamam\u0131z gereken!<\/p>\n<p>\u00d6ncelikle kavram tan\u0131mlamalar\u0131yla giri\u015f yapal\u0131m konuya ki\u2026<br \/>\nHerke ayni dili konu\u015fa\u2026<br \/>\nT\u00f6re nedir karde\u015fim, t\u00f6re\u2026<br \/>\n\u00d6rf, adet, gelenek ve g\u00f6renekler nedir?<\/p>\n<p>10:00 \/ 09:00<\/p>\n<p>Dolar 6,06<br \/>\nEuro 6,77<br \/>\n\u00c7eyrek alt\u0131n 408,28<br \/>\nBorsa 86895<\/p>\n<p>Unutmadan\u2026<br \/>\nAsl\u0131nda bu yaz\u0131 sabahki \u201czaten yapt\u0131 yapaca\u011f\u0131n\u0131\u201d ba\u015fl\u0131kl\u0131 yaz\u0131m\u0131n devam\u0131\u2026<br \/>\n\u00d6l\u00fcm\u2026<br \/>\n\u0130mk\u00e2ns\u0131zl\u0131klar yakt\u0131 i\u00e7imi, \u00fczd\u00fc beni\u2026<br \/>\n\u00c7al\u0131\u015fam\u0131yorum ki, el ekmek tutmaz oldu\u2026<br \/>\nOynayam\u0131yor el, ayak eskisi gibi. Diyor kad\u0131n bu sabah, bir han\u0131mefendi\u2026<br \/>\n\u201cKat\u0131lm\u0131\u015f eski araba konvoyuna\u201d 19 May\u0131s an\u0131s\u0131na\u2026<br \/>\n\u201cBu etkinli\u011fe kat\u0131larak Atat\u00fcrk\u2019e kar\u015f\u0131 hayranl\u0131\u011f\u0131m\u0131, \u015f\u00fckran\u0131m\u0131 dile getirmeye \u00e7al\u0131\u015f\u0131yorum\u201d<br \/>\nBen\u2026<br \/>\nYazarak, do\u011fru bildi\u011fimi \u00f6\u011fretmeye \u00e7al\u0131\u015farak!<\/p>\n<p>T\u00f6re:<br \/>\n\u00d6teden beri &gt; ortakla\u015fa &lt; uygulana gelmi\u015f \u00f6rne\u011fin ahlaki davran\u0131\u015f bi\u00e7imlerinin, al\u0131\u015fkanl\u0131klar\u0131n\u2026<br \/>\nBir nevi ya\u015fam tarz\u0131n\u0131n, \u015fu veya bu nedenle belirlenen kurallar\u0131n, bu manzumelerin topuna verilen isimdir.<br \/>\nBa\u015fkaca bir ifade \u015fekliyle, yaz\u0131l\u0131 olmayan ama a\u011f\u0131zdan nesilden nesile akt\u0131r\u0131larak s\u00fcrd\u00fcr\u00fclen bir nevi hukuk kavram\u0131d\u0131r, bir nevi mahkeme*.<\/p>\n<p>* \u201cT\u00f6re s\u00f6zc\u00fc\u011f\u00fc Eski T\u00fcrk\u00e7ede t\u00fcretilmek, yarat\u0131lmak ve d\u00fczenlenmek anlamlar\u0131na gelen t\u00f6r\u00fc- fiilinden gelir. T\u00fcrk\u00e7edeki en eski yaz\u0131l\u0131 \u00f6rne\u011fine 735 y\u0131l\u0131nda t\u00f6r\u00fc \u015feklinde (&#8222;kanun, \u00f6rf, d\u00fczen&#8220; anlam\u0131nda) rastlan\u0131r. Mo\u011folcada \u00f6zellikle &#8222;Cengiz Han kanunlar\u0131&#8220; anlam\u0131nda t\u00f6re \u015feklinde kullan\u0131lan s\u00f6zc\u00fck, Mo\u011folcan\u0131n etkisiyle 13. y\u00fczy\u0131lda &#8218;t\u00f6r\u00fc&#8217;den &#8218;t\u00f6re&#8217;ye d\u00f6n\u00fc\u015fm\u00fc\u015f olabilir. \u201c<\/p>\n<p>\u00d6rf:<br \/>\nYasalarla belirlenmemi\u015f olmakla birlikte yasa de\u011ferinde olan, halk\u0131n kendili\u011finden uydu\u011fu, kural, ilke durumundaki gelenek.<\/p>\n<p>\u00c2det:<br \/>\nBir kimsenin yapmaya al\u0131\u015ft\u0131\u011f\u0131, bir kural gibi uydu\u011fu \u015fey. Veya bir topluluk i\u00e7inde \u00f6teden beri uyulan ve uygulanan kural.<\/p>\n<p>Dikkat \u00e2det ba\u015fka adet ba\u015fka bir \u015feydir. Adet = say\u0131 veya adet kanamas\u0131, kad\u0131nlarda g\u00f6r\u00fclen ve d\u00fczenli bir \u015fekilde tekrarlanan kanama<\/p>\n<p>Gelenek:<br \/>\nGe\u00e7mi\u015fle olan ba\u011flant\u0131, \u00f6teden beri yap\u0131lagelen \u015feyler, al\u0131\u015fkanl\u0131klar.<\/p>\n<p>G\u00f6renek:<br \/>\nBir \u015feyi, ba\u015fka t\u00fcrl\u00fcs\u00fcn\u00fc, daha kolay\u0131n\u0131, daha i\u015fe yarar\u0131n\u0131 ya da yararl\u0131s\u0131n\u0131 d\u00fc\u015f\u00fcnmeksizin, atalardan dedelerden g\u00f6r\u00fcle geldi\u011fi gibi yapma al\u0131\u015fkanl\u0131\u011f\u0131.<br \/>\nToplumsal bilimde; uyulmas\u0131 i\u00e7in herhangi bir yapt\u0131r\u0131m bulunmayan ya da yapt\u0131r\u0131m\u0131 \u00e7ok yumu\u015fak olan davran\u0131\u015f.<\/p>\n<p>&gt;&gt;&gt; Devam edecek &lt;&lt;&lt;<br \/>\nJack, vesaire\u2026<br \/>\nBu gece d\u00fckk\u00e2nday\u0131m, gidemem\u2026<br \/>\nOrtal\u0131\u011f\u0131 d\u00fczeltmeliyim, kendime bir \u00e7eki d\u00fczen\u2026<br \/>\n\u0130la\u00e7 vakti, gece yorulduk\u00e7a\u2026<br \/>\n\u0130lham geldi\u011finde, can isteyince devam ederim. Adetlerimiz\u2026<br \/>\nY\u00f6resel\u2026<br \/>\nY\u00f6resel oldu\u011fu kadar genel, ben genele a\u011f\u0131rl\u0131k verece\u011fim, vermek zorunday\u0131m\u2026<br \/>\nBilmediklerim \u00fczerinde fikir y\u00fcr\u00fctemem!<\/p>\n","protected":false},"excerpt":{"rendered":"<p>Yok kurgu de\u011fil, ger\u00e7e\u011fi\u2026 De\u011fildir Ye\u015fil\u00e7am \u00f6rne\u011fi\u2026 T\u00fcrk\u00fcn \u00f6rf ve adetleri, binlerce y\u0131lda olu\u015fan\u2026 Artik\u2026 \u00c7a\u011f\u0131m\u0131za uymayan\u0131n oldu\u011fu kadar ASLA ge\u00e7erlili\u011fini yitirmeyecek olan kimi g\u00fczel\u2026 Kimi \u00e7irkin geleneklerimizin b\u00fct\u00fcn\u00fc\u2026 T\u00fcrk\u2019\u00fc T\u00fcrk\u2026 Bir T\u00fcrkiyelinin veya yabanc\u0131n\u0131n katiyen y\u00fcre\u011finde his edemeyece\u011fi davran\u0131\u015flar, tepkiler b\u00fct\u00fcn\u00fc. Evet\u2026 T\u00fcrk\u00e7\u00fcl\u00fc\u011f\u00fcn bir yerde devam\u0131 niteli\u011finde bir makale diyemem, k\u0131sac\u0131k, ufac\u0131k b\u00f6l\u00fcm\u00fc olarak &hellip; <\/p>\n<p class=\"link-more\"><a href=\"http:\/\/wordpress.gurbuz.net\/?p=23107\" class=\"more-link\"><span class=\"screen-reader-text\">\u201eT\u00f6re\u201c<\/span> weiterlesen<\/a><\/p>\n","protected":false},"author":1,"featured_media":0,"comment_status":"open","ping_status":"open","sticky":false,"template":"","format":"standard","meta":[],"categories":[1],"tags":[],"_links":{"self":[{"href":"http:\/\/wordpress.gurbuz.net\/index.php?rest_route=\/wp\/v2\/posts\/23107"}],"collection":[{"href":"http:\/\/wordpress.gurbuz.net\/index.php?rest_route=\/wp\/v2\/posts"}],"about":[{"href":"http:\/\/wordpress.gurbuz.net\/index.php?rest_route=\/wp\/v2\/types\/post"}],"author":[{"embeddable":true,"href":"http:\/\/wordpress.gurbuz.net\/index.php?rest_route=\/wp\/v2\/users\/1"}],"replies":[{"embeddable":true,"href":"http:\/\/wordpress.gurbuz.net\/index.php?rest_route=%2Fwp%2Fv2%2Fcomments&post=23107"}],"version-history":[{"count":10,"href":"http:\/\/wordpress.gurbuz.net\/index.php?rest_route=\/wp\/v2\/posts\/23107\/revisions"}],"predecessor-version":[{"id":23120,"href":"http:\/\/wordpress.gurbuz.net\/index.php?rest_route=\/wp\/v2\/posts\/23107\/revisions\/23120"}],"wp:attachment":[{"href":"http:\/\/wordpress.gurbuz.net\/index.php?rest_route=%2Fwp%2Fv2%2Fmedia&parent=23107"}],"wp:term":[{"taxonomy":"category","embeddable":true,"href":"http:\/\/wordpress.gurbuz.net\/index.php?rest_route=%2Fwp%2Fv2%2Fcategories&post=23107"},{"taxonomy":"post_tag","embeddable":true,"href":"http:\/\/wordpress.gurbuz.net\/index.php?rest_route=%2Fwp%2Fv2%2Ftags&post=23107"}],"curies":[{"name":"wp","href":"https:\/\/api.w.org\/{rel}","templated":true}]}}