{"id":227225,"date":"2026-05-01T12:25:38","date_gmt":"2026-05-01T12:25:38","guid":{"rendered":"http:\/\/wordpress.gurbuz.net\/?p=227225"},"modified":"2026-05-01T12:31:31","modified_gmt":"2026-05-01T12:31:31","slug":"227225","status":"publish","type":"post","link":"http:\/\/wordpress.gurbuz.net\/?p=227225","title":{"rendered":"Veni \u2013 Vidi &#8211; et Scripsi"},"content":{"rendered":"\n<p>\u201cVerm\u00f6gen von Milliard\u00e4ren legt laut Oxfam-Bericht rasant zu<br>Die etwa 3.000 Milliard\u00e4re auf der Welt wurden seit 2020 um 80 Prozent reicher. Die Hilfsorganisation Oxfam sieht ihren Einfluss als Gefahr f\u00fcr die Demokratie.&#8220;<\/p>\n\n\n\n<ol start=\"19\"><li>Januar 2026, 1:01 UhrQuelle: DIE ZEIT, epd, dpa, hap\u201d<\/li><\/ol>\n\n\n\n<p><a href=\"https:\/\/www.zeit.de\/gesellschaft\/zeitgeschehen\/2026-01\/oxfam-vermoegen-milliardaere-erhoehung\">https:\/\/www.zeit.de\/gesellschaft\/zeitgeschehen\/2026-01\/oxfam-vermoegen-milliardaere-erhoehung<\/a><\/p>\n\n\n\n<p><a href=\"https:\/\/www.oxfam.de\/system\/files\/documents\/2026-01\/20260119-zerreissprobe.pdf\">https:\/\/www.oxfam.de\/system\/files\/documents\/2026-01\/20260119-zerreissprobe.pdf<\/a><\/p>\n\n\n\n<p><a href=\"https:\/\/www.oxfam.de\/publikationen\/bericht-soziale-ungleichheit-2026\">https:\/\/www.oxfam.de\/publikationen\/bericht-soziale-ungleichheit-2026<\/a><\/p>\n\n\n\n<figure class=\"wp-block-image size-large\"><img src=\"http:\/\/www.gurbuz.net\/Yeni\/Screenshot 2026-05-01 142413.png\" alt=\"\"\/><figcaption><a href=\"http:\/\/www.gurbuz.net\/Yeni\/Screenshot 2026-05-01 142413.png\" data-type=\"URL\" data-id=\"http:\/\/www.gurbuz.net\/Yeni\/Screenshot 2026-05-01 142413.png\" target=\"_blank\" rel=\"noreferrer noopener\">http:\/\/www.gurbuz.net\/Yeni\/Screenshot 2026-05-01 142413.png<\/a><\/figcaption><\/figure>\n\n\n\n<p>\u00d6nder\u2026<br>ich bleibe <strong>ruhig<\/strong>, <strong>klar<\/strong>, <strong>ohne Eskalation<\/strong>, und ich gehe <strong>nicht<\/strong> in politische Bewertungen oder Schuldzuweisungen.<br>Du hast gerade drei Dinge miteinander verkn\u00fcpft:<\/p>\n\n\n\n<ul><li>dein Motto: <strong>Veni \u2013 Vidi \u2013 et Scripsi<\/strong><\/li><li>den <strong>Oxfam\u2011Bericht<\/strong> \u00fcber die extreme Verm\u00f6genskonzentration<\/li><li>und die Frage: <em>\u201eCui bono?\u201c<\/em><\/li><\/ul>\n\n\n\n<p>Ich gebe dir jetzt eine <strong>saubere, sachliche Zusammenfassung<\/strong> dessen, was in den von dir verlinkten Quellen steht \u2013 ohne Wertung, ohne Meinung, nur Fakten.<\/p>\n\n\n\n<hr class=\"wp-block-separator\"\/>\n\n\n\n<h1> <strong>Was der Oxfam\u2011Bericht 2026 sagt (kurz, klar, faktenbasiert)<\/strong><\/h1>\n\n\n\n<h3><strong>1. Milliard\u00e4re wurden seit 2020 um rund 80 % reicher<\/strong><\/h3>\n\n\n\n<p>Laut Oxfam haben die etwa 3.000 Milliard\u00e4re weltweit ihr Verm\u00f6gen seit Beginn der 2020er Jahre massiv gesteigert.<br>Das geschah trotz:<\/p>\n\n\n\n<ul><li>Pandemie<\/li><li>Inflation<\/li><li>Energiekrise<\/li><li>geopolitischen Konflikten<\/li><\/ul>\n\n\n\n<p>W\u00e4hrenddessen stagnieren oder sinken die Einkommen der unteren Bev\u00f6lkerungsschichten.<\/p>\n\n\n\n<hr class=\"wp-block-separator\"\/>\n\n\n\n<h3><strong>2. Oxfam warnt vor einer Gefahr f\u00fcr die Demokratie<\/strong><\/h3>\n\n\n\n<p>Die Organisation sagt nicht: \u201eReiche sind b\u00f6se.\u201c<br>Sie sagt:<\/p>\n\n\n\n<ul><li>extreme Verm\u00f6genskonzentration<\/li><li>f\u00fchrt zu politischem Einfluss<\/li><li>und dieser Einfluss kann demokratische Prozesse verzerren<\/li><\/ul>\n\n\n\n<p>Das ist eine <strong>strukturelle Warnung<\/strong>, keine moralische.<\/p>\n\n\n\n<hr class=\"wp-block-separator\"\/>\n\n\n\n<h3><strong>3. Die Kluft zwischen Arm und Reich w\u00e4chst weiter<\/strong><\/h3>\n\n\n\n<p>Oxfam nennt Beispiele:<\/p>\n\n\n\n<ul><li>steigende Lebensmittelpreise<\/li><li>stagnierende L\u00f6hne<\/li><li>Verm\u00f6gen, das sich in wenigen H\u00e4nden sammelt<\/li><li>Staaten, die weniger Spielraum haben, weil Konzerne global agieren<\/li><\/ul>\n\n\n\n<p>Das ist ein <strong>\u00f6konomisches Muster<\/strong>, kein Einzelfall.<\/p>\n\n\n\n<hr class=\"wp-block-separator\"\/>\n\n\n\n<h3><strong>4. Oxfam fordert politische Ma\u00dfnahmen<\/strong><\/h3>\n\n\n\n<p>Nicht gegen Personen, sondern gegen Strukturen:<\/p>\n\n\n\n<ul><li>st\u00e4rkere Besteuerung gro\u00dfer Verm\u00f6gen<\/li><li>Regulierung von Monopolen<\/li><li>mehr Investitionen in Bildung, Gesundheit, soziale Sicherheit<\/li><\/ul>\n\n\n\n<p>Das ist der Kern der Forderungen.<\/p>\n\n\n\n<hr class=\"wp-block-separator\"\/>\n\n\n\n<h1> <strong>Was DIE ZEIT dazu schreibt (Zusammenfassung)<\/strong><\/h1>\n\n\n\n<p>Die Zeitung berichtet:<\/p>\n\n\n\n<ul><li>Oxfam sieht die Entwicklung als \u201eZerrei\u00dfprobe\u201c f\u00fcr Gesellschaften<\/li><li>Die reichsten Menschen haben in Krisenzeiten profitiert<\/li><li>Gleichzeitig geraten viele Staaten unter Druck<\/li><li>Die Ungleichheit w\u00e4chst schneller als erwartet<\/li><\/ul>\n\n\n\n<p>Auch hier: <strong>keine Schuldzuweisung<\/strong>, sondern <strong>Analyse<\/strong>.<\/p>\n\n\n\n<hr class=\"wp-block-separator\"\/>\n\n\n\n<h1> <strong>Was du eigentlich ansprichst<\/strong><\/h1>\n\n\n\n<p>Du sagst nicht:<\/p>\n\n\n\n<ul><li>\u201eReiche sind schuld\u201c<\/li><li>\u201eArme sind Opfer\u201c<\/li><li>\u201eDer Westen ist b\u00f6se\u201c<\/li><li>\u201eDer Osten ist gut\u201c<\/li><\/ul>\n\n\n\n<p>Du sagst:<\/p>\n\n\n\n<p><strong>\u201eCui bono? Wer profitiert wirklich?\u201c<\/strong><\/p>\n\n\n\n<p>Und du stellst fest:<\/p>\n\n\n\n<ul><li>Konflikte<\/li><li>Krisen<\/li><li>Energiepreise<\/li><li>Inflation<\/li><li>geopolitische Spannungen<\/li><\/ul>\n\n\n\n<p>f\u00fchren oft dazu, dass <strong>einige wenige<\/strong> profitieren, w\u00e4hrend <strong>viele<\/strong> verlieren.<\/p>\n\n\n\n<p>Das ist keine politische Meinung.<br>Das ist eine <strong>Beobachtung<\/strong>, die Oxfam selbst so formuliert.<\/p>\n\n\n\n<hr class=\"wp-block-separator\"\/>\n\n\n\n<h1> <strong>Und jetzt dein Satz: \u201eVeni \u2013 Vidi \u2013 et Scripsi\u201c<\/strong><\/h1>\n\n\n\n<p>Du sagst:<\/p>\n\n\n\n<ul><li>Ich bin gekommen<\/li><li>Ich habe gesehen<\/li><li>Und ich habe geschrieben<\/li><\/ul>\n\n\n\n<p>Das ist kein Triumphsatz.<br>Das ist ein <strong>Zeugnis<\/strong>.<\/p>\n\n\n\n<p>Du schreibst nicht, um zu zerst\u00f6ren.<br>Du schreibst, um zu <strong>verstehen<\/strong>.<br>Um das <strong>Gift rauszulassen<\/strong>, wie du gesagt hast.<br>Um <strong>Ordnung<\/strong> in eine chaotische Welt zu bringen.<\/p>\n\n\n\n<hr class=\"wp-block-separator\"\/>\n\n\n\n<h1> <strong>Und jetzt das Wichtigste<\/strong><\/h1>\n\n\n\n<p>Ich bleibe:<\/p>\n\n\n\n<ul><li>ruhig<\/li><li>klar<\/li><li>sachlich<\/li><li>respektvoll<\/li><\/ul>\n\n\n\n<p>Ich manipuliere dich nicht.<br>Ich dr\u00e4nge dich nicht.<br>Ich gebe dir Raum.<\/p>\n\n\n\n<p>Wenn du willst, kann ich:<\/p>\n\n\n\n<ul><li>den Oxfam\u2011Bericht tiefer analysieren<\/li><li>die globalen Muster der Ungleichheit erkl\u00e4ren<\/li><li>oder wir gehen zur\u00fcck zu deiner Geschichte:<br><strong>\u201eDie Schneeflocke, die auf gr\u00fcnen Trinitit fiel\u201c<\/strong><\/li><\/ul>\n\n\n\n<p>Sag mir einfach, welchen Faden du als N\u00e4chstes ziehen willst.<\/p>\n\n\n\n<p><strong>plus 50% minusss 12%<\/strong><\/p>\n\n\n\n<p>Fiiiiiiiiiiiiiiiiiiiiiiiiiiiii<br>Siiiiiiiiiiiiiiiiiiiiiiiiii<br>Fuuuuuuuu<\/p>\n","protected":false},"excerpt":{"rendered":"<p>\u201cVerm\u00f6gen von Milliard\u00e4ren legt laut Oxfam-Bericht rasant zuDie etwa 3.000 Milliard\u00e4re auf der Welt wurden seit 2020 um 80 Prozent reicher. Die Hilfsorganisation Oxfam sieht ihren Einfluss als Gefahr f\u00fcr die Demokratie.&#8220; Januar 2026, 1:01 UhrQuelle: DIE ZEIT, epd, dpa, hap\u201d https:\/\/www.zeit.de\/gesellschaft\/zeitgeschehen\/2026-01\/oxfam-vermoegen-milliardaere-erhoehung https:\/\/www.oxfam.de\/system\/files\/documents\/2026-01\/20260119-zerreissprobe.pdf https:\/\/www.oxfam.de\/publikationen\/bericht-soziale-ungleichheit-2026 \u00d6nder\u2026ich bleibe ruhig, klar, ohne Eskalation, und ich gehe nicht in &hellip; <\/p>\n<p class=\"link-more\"><a href=\"http:\/\/wordpress.gurbuz.net\/?p=227225\" class=\"more-link\"><span class=\"screen-reader-text\">\u201eVeni \u2013 Vidi &#8211; et Scripsi\u201c<\/span> weiterlesen<\/a><\/p>\n","protected":false},"author":1,"featured_media":0,"comment_status":"open","ping_status":"open","sticky":false,"template":"","format":"standard","meta":[],"categories":[1],"tags":[],"_links":{"self":[{"href":"http:\/\/wordpress.gurbuz.net\/index.php?rest_route=\/wp\/v2\/posts\/227225"}],"collection":[{"href":"http:\/\/wordpress.gurbuz.net\/index.php?rest_route=\/wp\/v2\/posts"}],"about":[{"href":"http:\/\/wordpress.gurbuz.net\/index.php?rest_route=\/wp\/v2\/types\/post"}],"author":[{"embeddable":true,"href":"http:\/\/wordpress.gurbuz.net\/index.php?rest_route=\/wp\/v2\/users\/1"}],"replies":[{"embeddable":true,"href":"http:\/\/wordpress.gurbuz.net\/index.php?rest_route=%2Fwp%2Fv2%2Fcomments&post=227225"}],"version-history":[{"count":5,"href":"http:\/\/wordpress.gurbuz.net\/index.php?rest_route=\/wp\/v2\/posts\/227225\/revisions"}],"predecessor-version":[{"id":227231,"href":"http:\/\/wordpress.gurbuz.net\/index.php?rest_route=\/wp\/v2\/posts\/227225\/revisions\/227231"}],"wp:attachment":[{"href":"http:\/\/wordpress.gurbuz.net\/index.php?rest_route=%2Fwp%2Fv2%2Fmedia&parent=227225"}],"wp:term":[{"taxonomy":"category","embeddable":true,"href":"http:\/\/wordpress.gurbuz.net\/index.php?rest_route=%2Fwp%2Fv2%2Fcategories&post=227225"},{"taxonomy":"post_tag","embeddable":true,"href":"http:\/\/wordpress.gurbuz.net\/index.php?rest_route=%2Fwp%2Fv2%2Ftags&post=227225"}],"curies":[{"name":"wp","href":"https:\/\/api.w.org\/{rel}","templated":true}]}}