{"id":226870,"date":"2026-04-28T02:02:54","date_gmt":"2026-04-28T02:02:54","guid":{"rendered":"http:\/\/wordpress.gurbuz.net\/?p=226870"},"modified":"2026-04-28T02:06:22","modified_gmt":"2026-04-28T02:06:22","slug":"sie-haetten-nicht-sterben-muessen-nicht-sie","status":"publish","type":"post","link":"http:\/\/wordpress.gurbuz.net\/?p=226870","title":{"rendered":"sie h\u00e4tten nicht sterben m\u00fcssen NICHT SIE"},"content":{"rendered":"\n<p>Copilot<\/p>\n\n\n\n<p>Ich gehe deine Punkte der Reihe nach durch und bringe Struktur hinein, ohne deine Perspektive abzuwerten. Einige deiner Aussagen vermischen reale Ereignisse, offene Fragen und geopolitische Deutungen \u2013 ich trenne das sauber, damit du klarer siehst, <strong>was gesichert ist, was unklar ist und wo Interpretationen beginnen<\/strong>.<\/p>\n\n\n\n<hr class=\"wp-block-separator\"\/>\n\n\n\n<h2> <strong>1. \u201eF\u00fcnf Sch\u00fcsse in Washington\u201c \u2013 was ist gesichert, was nicht?<\/strong><\/h2>\n\n\n\n<p>Du sprichst von einem Vorfall im Hilton Washington DC, bei dem ein Attent\u00e4ter einen Beamten getroffen hat und insgesamt f\u00fcnf Sch\u00fcsse gefallen sein sollen.<\/p>\n\n\n\n<p><strong>Wichtig ist hier:<\/strong><\/p>\n\n\n\n<ul><li>Ohne offizielle Ermittlungsberichte l\u00e4sst sich nicht best\u00e4tigen, wie viele Sch\u00fcsse tats\u00e4chlich abgegeben wurden.<\/li><li>Dass ein Beamter getroffen wurde, ist ein belegbarer Fakt.<\/li><li>Alles dar\u00fcber hinaus \u2013 insbesondere die Frage, <em>wer<\/em> die anderen Sch\u00fcsse abgegeben hat \u2013 bleibt Spekulation, solange Beh\u00f6rden keine Details ver\u00f6ffentlichen.<\/li><\/ul>\n\n\n\n<p><strong>Warum ver\u00f6ffentlicht man so etwas manchmal nicht sofort?<\/strong><\/p>\n\n\n\n<ul><li>laufende Ermittlungen<\/li><li>Schutz von Zeugen<\/li><li>ballistische Gutachten dauern<\/li><li>politische Sensibilit\u00e4t<\/li><\/ul>\n\n\n\n<p>Das bedeutet nicht automatisch Vertuschung, sondern oft schlicht: <em>Der Fall ist noch nicht abgeschlossen.<\/em><\/p>\n\n\n\n<hr class=\"wp-block-separator\"\/>\n\n\n\n<h2> <strong>2. MI6, Frankreich, Nahost \u2013 geopolitische Einordnung<\/strong><\/h2>\n\n\n\n<p>Du deutest an, dass:<\/p>\n\n\n\n<ul><li>der MI6 enge Beziehungen zu bestimmten Akteuren im Nahen Osten habe,<\/li><li>Frankreich eigene Interessen in Afrika und Nahost verfolgt,<\/li><li>die USA (Trump) sich zur\u00fcckziehen oder wieder einmischen wollen.<\/li><\/ul>\n\n\n\n<p><strong>Das ist geopolitisch nicht falsch \u2013 aber man muss trennen:<\/strong><\/p>\n\n\n\n<h3> <strong>Was stimmt:<\/strong><\/h3>\n\n\n\n<ul><li>Gro\u00dfbritannien, Frankreich und die USA haben seit Jahrzehnten strategische Interessen im Nahen Osten.<\/li><li>Frankreich ist in Afrika (Sahel, Maghreb) traditionell stark engagiert.<\/li><li>Die USA haben unter Trump tats\u00e4chlich versucht, ihre milit\u00e4rische Pr\u00e4senz im Nahen Osten zu reduzieren.<\/li><\/ul>\n\n\n\n<h3><strong>Was nicht belegt ist:<\/strong><\/h3>\n\n\n\n<ul><li>dass Geheimdienste wie MI6 direkt mit bestimmten Attentaten oder Ereignissen in Verbindung stehen<\/li><li>dass Frankreich oder UK gezielt Destabilisierung betreiben, um Einfluss zu gewinnen<\/li><\/ul>\n\n\n\n<p>Das sind Interpretationen, die man diskutieren kann \u2013 aber sie sind nicht durch harte Fakten gedeckt.<\/p>\n\n\n\n<h2> <strong>3. Hessen und die Versch\u00e4rfung der Antisemitismus-Gesetze<\/strong><\/h2>\n\n\n\n<p>Hier bist du sehr nah an der Realit\u00e4t. Die Berichte (Tagesschau, Hessenschau) best\u00e4tigen:<\/p>\n\n\n\n<h3><strong>Was tats\u00e4chlich geplant ist:<\/strong><\/h3>\n\n\n\n<ul><li><strong>Leugnung des Existenzrechts Israels<\/strong> soll strafbar werden.<\/li><li>Strafma\u00df: <strong>bis zu 5 Jahre Haft<\/strong>.<\/li><li>Hintergrund: <strong>starker Anstieg antisemitischer Straftaten seit Oktober 2023<\/strong>.<\/li><li>Ziel: <strong>L\u00fccken im Strafrecht schlie\u00dfen<\/strong>.<\/li><\/ul>\n\n\n\n<h3> <strong>Was NICHT im Gesetz steht:<\/strong><\/h3>\n\n\n\n<ul><li>dass es strafbar w\u00e4re zu sagen, \u201eIsrael verteidige sich nur\u201c oder \u201eman verteidige sich im Nahen Osten\u201c.<\/li><\/ul>\n\n\n\n<p>Das ist <strong>keine Formulierung im Entwurf<\/strong>.<\/p>\n\n\n\n<h3> <strong>Kritikpunkte (seri\u00f6s dokumentiert):<\/strong><\/h3>\n\n\n\n<ul><li>schwierige Abgrenzung zwischen legitimer Kritik und strafbarer Hetze<\/li><li>Gefahr der Verunsicherung<\/li><li>m\u00f6gliche Einschr\u00e4nkung politischer Debatten<\/li><\/ul>\n\n\n\n<p>Das sind reale, \u00f6ffentlich diskutierte Bedenken.<\/p>\n\n\n\n<hr class=\"wp-block-separator\"\/>\n\n\n\n<h2> <strong>4. Yunus Emre \u2013 \u201eBir ben vard\u0131r bende benden i\u00e7eri\u201c<\/strong><\/h2>\n\n\n\n<p>Du hast das bereits gut zusammengefasst. Der Satz bedeutet:<\/p>\n\n\n\n<ul><li>Es gibt ein \u201eIch\u201c in mir, das tiefer liegt als mein \u00e4u\u00dferes Ich.<\/li><li>Es ist ein mystischer Hinweis auf das g\u00f6ttliche oder wahre Selbst.<\/li><li>Es geht um die \u00dcberwindung des Egos und die Verbindung mit der inneren Wahrheit.<\/li><\/ul>\n\n\n\n<p>Das passt thematisch erstaunlich gut zu deiner gesamten Nachricht:<br><strong>Du suchst nach dem Kern hinter den Ereignissen, nach dem \u201einneren Ich\u201c der Politik, der Macht, der Welt.<\/strong><\/p>\n\n\n\n<hr class=\"wp-block-separator\"\/>\n\n\n\n<h2> <strong>Was ich dir als Orientierung mitgebe<\/strong><\/h2>\n\n\n\n<p>Du stellst wichtige Fragen \u2013 aber du vermischst manchmal:<\/p>\n\n\n\n<ul><li>belegbare Fakten<\/li><li>offene Ermittlungsdetails<\/li><li>geopolitische Interessen<\/li><li>pers\u00f6nliche Interpretationen<\/li><\/ul>\n\n\n\n<p>Wenn man diese Ebenen trennt, wird vieles klarer und weniger bedrohlich.<\/p>\n\n\n\n<hr class=\"wp-block-separator\"\/>\n\n\n\n<h2>Eine Frage an dich, um weiterzukommen:<\/h2>\n\n\n\n<p><strong>Willst du, dass ich dir die f\u00fcnf Sch\u00fcsse in Washington detailliert rekonstruiere (Faktenlage, m\u00f6gliche Szenarien, was bekannt ist \/ was nicht)?<\/strong><\/p>\n\n\n\n<p>Oder m\u00f6chtest du eher \u00fcber die geopolitische Ebene sprechen \u2013 also <em>Cui bono?<\/em> und wer tats\u00e4chlich von Instabilit\u00e4t im Nahen Osten profitiert?<\/p>\n\n\n\n<p>Beides k\u00f6nnen wir sauber auseinandernehmen.<\/p>\n","protected":false},"excerpt":{"rendered":"<p>Copilot Ich gehe deine Punkte der Reihe nach durch und bringe Struktur hinein, ohne deine Perspektive abzuwerten. Einige deiner Aussagen vermischen reale Ereignisse, offene Fragen und geopolitische Deutungen \u2013 ich trenne das sauber, damit du klarer siehst, was gesichert ist, was unklar ist und wo Interpretationen beginnen. 1. \u201eF\u00fcnf Sch\u00fcsse in Washington\u201c \u2013 was ist &hellip; <\/p>\n<p class=\"link-more\"><a href=\"http:\/\/wordpress.gurbuz.net\/?p=226870\" class=\"more-link\"><span class=\"screen-reader-text\">\u201esie h\u00e4tten nicht sterben m\u00fcssen NICHT SIE\u201c<\/span> weiterlesen<\/a><\/p>\n","protected":false},"author":1,"featured_media":0,"comment_status":"open","ping_status":"open","sticky":false,"template":"","format":"standard","meta":[],"categories":[1],"tags":[],"_links":{"self":[{"href":"http:\/\/wordpress.gurbuz.net\/index.php?rest_route=\/wp\/v2\/posts\/226870"}],"collection":[{"href":"http:\/\/wordpress.gurbuz.net\/index.php?rest_route=\/wp\/v2\/posts"}],"about":[{"href":"http:\/\/wordpress.gurbuz.net\/index.php?rest_route=\/wp\/v2\/types\/post"}],"author":[{"embeddable":true,"href":"http:\/\/wordpress.gurbuz.net\/index.php?rest_route=\/wp\/v2\/users\/1"}],"replies":[{"embeddable":true,"href":"http:\/\/wordpress.gurbuz.net\/index.php?rest_route=%2Fwp%2Fv2%2Fcomments&post=226870"}],"version-history":[{"count":2,"href":"http:\/\/wordpress.gurbuz.net\/index.php?rest_route=\/wp\/v2\/posts\/226870\/revisions"}],"predecessor-version":[{"id":226872,"href":"http:\/\/wordpress.gurbuz.net\/index.php?rest_route=\/wp\/v2\/posts\/226870\/revisions\/226872"}],"wp:attachment":[{"href":"http:\/\/wordpress.gurbuz.net\/index.php?rest_route=%2Fwp%2Fv2%2Fmedia&parent=226870"}],"wp:term":[{"taxonomy":"category","embeddable":true,"href":"http:\/\/wordpress.gurbuz.net\/index.php?rest_route=%2Fwp%2Fv2%2Fcategories&post=226870"},{"taxonomy":"post_tag","embeddable":true,"href":"http:\/\/wordpress.gurbuz.net\/index.php?rest_route=%2Fwp%2Fv2%2Ftags&post=226870"}],"curies":[{"name":"wp","href":"https:\/\/api.w.org\/{rel}","templated":true}]}}