{"id":221839,"date":"2026-03-14T18:02:15","date_gmt":"2026-03-14T18:02:15","guid":{"rendered":"http:\/\/wordpress.gurbuz.net\/?p=221839"},"modified":"2026-03-14T18:10:37","modified_gmt":"2026-03-14T18:10:37","slug":"fulyacan-oezel-haberler-dikkat-mueduerue-gibi-tayyipistan-tuerkceye-bak-hizaya-gel-nerdesin-lan-rtuek","status":"publish","type":"post","link":"http:\/\/wordpress.gurbuz.net\/?p=221839","title":{"rendered":"FULYAcan, \u00d6ZEL HABERLER dikkat M\u00dcD\u00dcR\u00dc gibi. Tayyipistan, T\u00fcrk\u00e7eye bak HIZAYA GEL nerdesin LAN RT\u00dcK?"},"content":{"rendered":"\n<figure class=\"wp-block-embed is-type-video is-provider-youtube wp-block-embed-youtube wp-embed-aspect-16-9 wp-has-aspect-ratio\"><div class=\"wp-block-embed__wrapper\">\n<iframe loading=\"lazy\" title=\"Teknocan ile 5G Bilgilendirme Servisi\" width=\"525\" height=\"295\" src=\"https:\/\/www.youtube.com\/embed\/DRkUrpo0gBM?feature=oembed\" frameborder=\"0\" allow=\"accelerometer; autoplay; clipboard-write; encrypted-media; gyroscope; picture-in-picture; web-share\" referrerpolicy=\"strict-origin-when-cross-origin\" allowfullscreen><\/iframe>\n<\/div><\/figure>\n\n\n\n<p><a href=\"https:\/\/www.tagesschau.de\/video\/video-1564860.html\">https:\/\/www.tagesschau.de\/video\/video-1564860.html<\/a><\/p>\n\n\n\n<p>\u00dcbersicht mit KI<br>Turkcell&#8217;in ortakl\u0131k yap\u0131s\u0131nda %26,2 pay ile en b\u00fcy\u00fck hissedar T\u00fcrkiye Varl\u0131k Fonu (TVF) olup, %19,8 oran\u0131nda pay IMTIS Holdings S.a.r.l. (Alfa Group) \u015firketine aittir. \u015eirketin %54&#8217;l\u00fck \u00f6nemli bir k\u0131sm\u0131 ise halka a\u00e7\u0131k olarak i\u015flem g\u00f6rmektedir.<br><br>Turkcell Ortakl\u0131k Yap\u0131s\u0131 (2025):<br>TVF Bilgi Teknolojileri \u0130leti\u015fim Hizmetleri Y.S. ve T. A.\u015e.: %26,20<br>IMTIS Holdings S.a.r.l.: %19,80<br>Halka A\u00e7\u0131k (Di\u011fer): %54,00<br><br>Borsa \u0130stanbul&#8217;da TCELL koduyla i\u015flem g\u00f6ren \u015firketin y\u00f6netiminde T\u00fcrkiye Varl\u0131k Fonu do\u011frudan kontrol sahibidir. 1994 y\u0131l\u0131nda Mehmet Emin Karamehmet ve Murat Varg\u0131 taraf\u0131ndan kurulan \u015firket, g\u00fcn\u00fcm\u00fczde geni\u015f bir ortakl\u0131k yap\u0131s\u0131na sahiptir<\/p>\n\n\n\n<p>##############################<\/p>\n\n\n\n<figure class=\"wp-block-image size-large\"><img src=\"http:\/\/www.gurbuz.net\/Yeni\/Screenshot 2026-03-14 190555.png\" alt=\"\"\/><figcaption><a href=\"http:\/\/www.gurbuz.net\/Yeni\/Screenshot 2026-03-14 190555.png\" target=\"_blank\" rel=\"noreferrer noopener\">http:\/\/www.gurbuz.net\/Yeni\/Screenshot 2026-03-14 190555.png<\/a><\/figcaption><\/figure>\n\n\n\n<figure class=\"wp-block-image size-large is-resized\"><img loading=\"lazy\" src=\"http:\/\/www.gurbuz.net\/Yeni\/Screenshot 2026-03-14 190918.png\" alt=\"\" width=\"432\" height=\"1083\"\/><\/figure>\n","protected":false},"excerpt":{"rendered":"<p>https:\/\/www.tagesschau.de\/video\/video-1564860.html \u00dcbersicht mit KITurkcell&#8217;in ortakl\u0131k yap\u0131s\u0131nda %26,2 pay ile en b\u00fcy\u00fck hissedar T\u00fcrkiye Varl\u0131k Fonu (TVF) olup, %19,8 oran\u0131nda pay IMTIS Holdings S.a.r.l. (Alfa Group) \u015firketine aittir. \u015eirketin %54&#8217;l\u00fck \u00f6nemli bir k\u0131sm\u0131 ise halka a\u00e7\u0131k olarak i\u015flem g\u00f6rmektedir. Turkcell Ortakl\u0131k Yap\u0131s\u0131 (2025):TVF Bilgi Teknolojileri \u0130leti\u015fim Hizmetleri Y.S. ve T. A.\u015e.: %26,20IMTIS Holdings S.a.r.l.: %19,80Halka A\u00e7\u0131k &hellip; <\/p>\n<p class=\"link-more\"><a href=\"http:\/\/wordpress.gurbuz.net\/?p=221839\" class=\"more-link\"><span class=\"screen-reader-text\">\u201eFULYAcan, \u00d6ZEL HABERLER dikkat M\u00dcD\u00dcR\u00dc gibi. Tayyipistan, T\u00fcrk\u00e7eye bak HIZAYA GEL nerdesin LAN RT\u00dcK?\u201c<\/span> weiterlesen<\/a><\/p>\n","protected":false},"author":1,"featured_media":0,"comment_status":"open","ping_status":"open","sticky":false,"template":"","format":"standard","meta":[],"categories":[1],"tags":[],"_links":{"self":[{"href":"http:\/\/wordpress.gurbuz.net\/index.php?rest_route=\/wp\/v2\/posts\/221839"}],"collection":[{"href":"http:\/\/wordpress.gurbuz.net\/index.php?rest_route=\/wp\/v2\/posts"}],"about":[{"href":"http:\/\/wordpress.gurbuz.net\/index.php?rest_route=\/wp\/v2\/types\/post"}],"author":[{"embeddable":true,"href":"http:\/\/wordpress.gurbuz.net\/index.php?rest_route=\/wp\/v2\/users\/1"}],"replies":[{"embeddable":true,"href":"http:\/\/wordpress.gurbuz.net\/index.php?rest_route=%2Fwp%2Fv2%2Fcomments&post=221839"}],"version-history":[{"count":5,"href":"http:\/\/wordpress.gurbuz.net\/index.php?rest_route=\/wp\/v2\/posts\/221839\/revisions"}],"predecessor-version":[{"id":221844,"href":"http:\/\/wordpress.gurbuz.net\/index.php?rest_route=\/wp\/v2\/posts\/221839\/revisions\/221844"}],"wp:attachment":[{"href":"http:\/\/wordpress.gurbuz.net\/index.php?rest_route=%2Fwp%2Fv2%2Fmedia&parent=221839"}],"wp:term":[{"taxonomy":"category","embeddable":true,"href":"http:\/\/wordpress.gurbuz.net\/index.php?rest_route=%2Fwp%2Fv2%2Fcategories&post=221839"},{"taxonomy":"post_tag","embeddable":true,"href":"http:\/\/wordpress.gurbuz.net\/index.php?rest_route=%2Fwp%2Fv2%2Ftags&post=221839"}],"curies":[{"name":"wp","href":"https:\/\/api.w.org\/{rel}","templated":true}]}}