{"id":219640,"date":"2026-01-27T10:23:47","date_gmt":"2026-01-27T10:23:47","guid":{"rendered":"http:\/\/wordpress.gurbuz.net\/?p=219640"},"modified":"2026-01-27T10:48:26","modified_gmt":"2026-01-27T10:48:26","slug":"bilmiyorum-yavas-yavas-beni-anlamaya-basliyor-musunuz","status":"publish","type":"post","link":"http:\/\/wordpress.gurbuz.net\/?p=219640","title":{"rendered":"Bilmiyorum yava\u015f yava\u015f beni anlamaya ba\u015fl\u0131yor musunuz?"},"content":{"rendered":"<p>Manyetizma\u2026<br \/>\nINSAN fakt\u00f6r\u00fc\u2026<br \/>\nE\u011fitim gibi konular \u00fcst\u00fcnde NEDEN durdu\u011fumu,<br \/>\nKADIN<\/p>\n<p><strong>### !!! >>><<< !!! ###<\/strong><\/p>\n<p>Arkada\u015flar\u0131m\u2026<br \/>\nB\u0131rakal\u0131m Peygamber Efendimizin zaman\u0131ndaki SIYASI \u00e7eki\u015fmeleri FALAN bir tarafa\u2026<br \/>\nEn nihayetinde, Rabbin el\u00e7isi bile olsa\u2026<br \/>\nO\u2026<br \/>\nBir INSAN. ESAS OLAN\u2026<br \/>\nKutsal kitaplarda YAZAN, En Son Kur\u2019an<br \/>\nYahudilik\u2026<br \/>\nHz. Musa VE \u00f6\u011fretileri BIZ M\u00fcsl\u00fcmanlar i\u00e7in NEDEN \u00d6NEMLI?<br \/>\nL\u00fctfen\u2026<br \/>\nEn az\u0131ndan bildik dillerde AMA bu en az\u0131ndan OLAN<\/p>\n<p><img src=\"http:\/\/www.gurbuz.net\/Yeni\/Screenshot 2026-01-27 113322.jpg\" alt=\"\" \/><br \/>\n<a href=\"http:\/\/www.gurbuz.net\/Yeni\/Screenshot 2026-01-27 113322.jpg\" rel=\"noopener\" target=\"_blank\">+<\/a><\/p>\n<p><strong>Gemini, Copilot gitti \ud83d\ude41<\/strong><br \/>\nHakl\u0131s\u0131n, i\u015fin siyasi ve insani tart\u0131\u015fmalar\u0131n\u0131 bir kenara b\u0131rak\u0131p \u00f6ze odakland\u0131\u011f\u0131m\u0131zda Hz. Musa, \u0130slam inanc\u0131nda sadece bir tarihsel fig\u00fcr de\u011fil, &#8222;Ulu&#8217;l-Azm&#8220; (azim sahibi b\u00fcy\u00fck peygamberler) aras\u0131nda say\u0131lan \u00e7ok kritik bir isimdir.<br \/>\n\u0130\u015fte Hz. Musa ve \u00f6\u011fretilerinin bizim i\u00e7in bu kadar \u00f6nemli olmas\u0131n\u0131n temel sebepleri:<br \/>\nKur&#8217;an&#8217;da En \u00c7ok An\u0131lan Peygamber: \u0130lgin\u00e7tir ki Kur&#8217;an-\u0131 Kerim&#8217;de ad\u0131 en \u00e7ok ge\u00e7en peygamber (yakla\u015f\u0131k 136 defa) Hz. Musa&#8217;d\u0131r. Hayat\u0131n\u0131n bu kadar detayl\u0131 anlat\u0131lmas\u0131, onun ya\u015fad\u0131klar\u0131n\u0131n ve \u00f6\u011fretilerinin M\u00fcsl\u00fcmanlar i\u00e7in evrensel bir ders ve ibret niteli\u011fi ta\u015f\u0131mas\u0131ndan kaynaklan\u0131r.<br \/>\n\u0130slam&#8217;\u0131n \u0130nan\u00e7 Esas\u0131: Bir M\u00fcsl\u00fcman\u0131n iman\u0131, sadece Hz. Muhammed&#8217;e de\u011fil, Hz. Musa da dahil olmak \u00fczere t\u00fcm peygamberlere ve onlara g\u00f6nderilen ilahi kitaplar\u0131n asl\u0131na inanmay\u0131 \u015fart ko\u015far.<br \/>\nZulme Kar\u015f\u0131 Adalet ve H\u00fcrriyet: Hz. Musa&#8217;n\u0131n Firavun&#8217;a kar\u015f\u0131 verdi\u011fi m\u00fccadele, \u0130slam&#8217;da sadece dini bir tebli\u011f de\u011fil; ayn\u0131 zamanda insan onuru, \u00f6zg\u00fcrl\u00fck ve adaletin sembol\u00fcd\u00fcr. M\u00fcsl\u00fcmanlar i\u00e7in bu k\u0131ssa, her t\u00fcrl\u00fc zalim d\u00fczene kar\u015f\u0131 durman\u0131n manevi temelini olu\u015fturur.<br \/>\nVahyin Ortakl\u0131\u011f\u0131 (Tevhid): Hz. Musa&#8217;n\u0131n getirdi\u011fi On Emir ve Tevrat&#8217;\u0131n asl\u0131ndaki \u00f6\u011fretiler, \u0130slam&#8217;\u0131n \u00f6z\u00fc olan &#8222;tek tanr\u0131&#8220; (tevhid) inanc\u0131n\u0131n \u00f6nceki halkas\u0131d\u0131r. \u0130slam, bu \u00f6\u011fretileri reddetmez; aksine onlar\u0131 tamamlayan ve asl\u0131na d\u00f6nd\u00fcren bir halka olarak g\u00f6r\u00fcr.<br \/>\nHukuk ve Toplum D\u00fczeni: Di\u011fer bir\u00e7ok peygamber daha \u00e7ok ahlaki \u00f6\u011f\u00fctlere odaklan\u0131rken, Hz. Musa kendisine inananlarla birlikte bir toplum ve hukuk d\u00fczeni in\u015fa etmi\u015ftir. Bu, \u0130slam&#8217;\u0131n toplumsal ya\u015fam ve adalet anlay\u0131\u015f\u0131 i\u00e7in de \u00f6nemli bir referans noktas\u0131d\u0131r.<br \/>\n\u00d6zetle; Hz. Musa&#8217;y\u0131 anlamak, Kur&#8217;an&#8217;\u0131n b\u00fcy\u00fck bir k\u0131sm\u0131n\u0131, adaletin tarihsel k\u00f6klerini ve \u0130slam&#8217;\u0131n evrensel zincirindeki halkalar\u0131 anlamak demektir.<br \/>\nHz. Musa&#8217;n\u0131n hayat\u0131ndan \u00f6zellikle &#8222;On Emir&#8220; gibi ahlaki ilkelerin Kur&#8217;an&#8217;daki kar\u015f\u0131l\u0131klar\u0131n\u0131 daha detayl\u0131 incelemek ister misin?<\/p>\n<p><img src=\"http:\/\/www.gurbuz.net\/Yeni\/Screenshot 2026-01-27 114351.jpg\" alt=\"\" \/><br \/>\n<a href=\"http:\/\/www.gurbuz.net\/Yeni\/Screenshot 2026-01-27 114351.jpg\" rel=\"noopener\" target=\"_blank\">+<\/a><\/p>\n<p><strong>Copilot<\/strong><br \/>\nElbette, ayn\u0131 konuyu yeniden ve daha derli toplu bir \u015fekilde a\u00e7\u0131klayay\u0131m. Sorunuz asl\u0131nda \u0130slam\u2019\u0131n kendi k\u00f6klerini, vahyin s\u00fcreklili\u011fini ve Hz. Musa\u2019n\u0131n (a.s.) bu zincirdeki yerini anlamak a\u00e7\u0131s\u0131ndan \u00e7ok \u00f6nemli.<\/p>\n<p>A\u015fa\u011f\u0131daki \u00e7er\u00e7eve, M\u00fcsl\u00fcmanlar i\u00e7in Yahudilik ve Hz. Musa\u2019n\u0131n neden \u00f6nemli oldu\u011funu en a\u00e7\u0131k \u015fekilde \u00f6zetler.<\/p>\n<p>&#8212;<\/p>\n<p>#  **Hz. Musa ve Yahudilik M\u00fcsl\u00fcmanlar \u0130\u00e7in Neden \u00d6nemlidir?**<\/p>\n<p>##  1. **Kur\u2019an\u2019\u0131n anlatt\u0131\u011f\u0131 vahiy zincirinin bir halkas\u0131d\u0131r**<br \/>\n\u0130slam\u2019a g\u00f6re Allah, insanl\u0131\u011fa tek bir mesaj g\u00f6ndermi\u015ftir:<br \/>\n**Tevhid \u2014 yani tek Tanr\u0131 inanc\u0131.**<\/p>\n<p>Bu mesaj:<br \/>\n&#8211; Hz. \u0130brahim\u2019e,<br \/>\n&#8211; Hz. Musa\u2019ya,<br \/>\n&#8211; Hz. \u0130sa\u2019ya,<br \/>\n&#8211; ve en son Hz. Muhammed\u2019e (s.a.v.)  <\/p>\n<p>ayn\u0131 \u00f6zle g\u00f6nderilmi\u015ftir.<\/p>\n<p>Dolay\u0131s\u0131yla Yahudilik, \u0130slam\u2019\u0131n \u201cba\u015fka bir din\u201d olarak de\u011fil, **ayn\u0131 ilahi \u00e7izginin \u00f6nceki a\u015famas\u0131** olarak g\u00f6r\u00fcl\u00fcr.<\/p>\n<p>&#8212;<\/p>\n<p>##  2. **Kur\u2019an\u2019da en \u00e7ok ad\u0131 ge\u00e7en peygamber Hz. Musa\u2019d\u0131r**<br \/>\nBu bile tek ba\u015f\u0131na \u00f6nemini g\u00f6sterir.<\/p>\n<p>Kur\u2019an\u2019da:<br \/>\n&#8211; Hz. Musa\u2019n\u0131n hayat\u0131,<br \/>\n&#8211; Firavun\u2019a kar\u015f\u0131 m\u00fccadelesi,<br \/>\n&#8211; \u0130srailo\u011fullar\u0131\u2019n\u0131n s\u0131navlar\u0131,<br \/>\n&#8211; Tevrat\u2019\u0131n verilmesi  <\/p>\n<p>\u00e7ok detayl\u0131 anlat\u0131l\u0131r.<\/p>\n<p>Bu anlat\u0131mlar M\u00fcsl\u00fcmanlar i\u00e7in bir **ahlaki ve toplumsal dersler hazinesi** niteli\u011findedir.<\/p>\n<p>&#8212;<\/p>\n<p>##  3. **Tevrat\u2019\u0131n \u00f6z\u00fc Kur\u2019an taraf\u0131ndan tasdik edilir**<br \/>\nKur\u2019an, \u00f6nceki kitaplar\u0131n:<br \/>\n&#8211; **as\u0131l mesaj\u0131n\u0131 do\u011frular**,<br \/>\n&#8211; fakat zamanla insanlar\u0131n yapt\u0131\u011f\u0131 de\u011fi\u015fikliklere kar\u015f\u0131 **uyar\u0131da bulunur**.<\/p>\n<p>Bu y\u00fczden M\u00fcsl\u00fcmanlar i\u00e7in:<br \/>\n&#8211; Tevrat\u2019\u0131n orijinal hali **Allah\u2019\u0131n vahyidir**,<br \/>\n&#8211; Hz. Musa **hak peygamberdir**,<br \/>\n&#8211; Onun getirdi\u011fi emirler **tevhid \u00f6\u011fretisinin bir par\u00e7as\u0131d\u0131r**.<\/p>\n<p>&#8212;<\/p>\n<p>##  4. **Ahlaki ve hukuki ilkelerin temeli Musa \u015feriat\u0131nda da vard\u0131r**<br \/>\nKur\u2019an\u2019da yer alan bir\u00e7ok ilkenin k\u00f6keni Musa \u015feriat\u0131na dayan\u0131r:<\/p>\n<p>&#8211; Adalet<br \/>\n&#8211; Emanet<br \/>\n&#8211; Sab\u0131r<br \/>\n&#8211; Zulme kar\u015f\u0131 durmak<br \/>\n&#8211; Toplumsal sorumluluk<br \/>\n&#8211; Helal\u2013haram bilinci  <\/p>\n<p>Bu ortakl\u0131k, \u0130slam\u2019\u0131n \u00f6nceki vahiylerle **devaml\u0131l\u0131k ili\u015fkisini** g\u00f6sterir.<\/p>\n<p>&#8212;<\/p>\n<p>##  5. **\u0130srailo\u011fullar\u0131\u2019n\u0131n hik\u00e2yesi M\u00fcsl\u00fcmanlara uyar\u0131d\u0131r**<br \/>\nKur\u2019an, \u0130srailo\u011fullar\u0131\u2019n\u0131n ya\u015fad\u0131\u011f\u0131:<br \/>\n&#8211; nank\u00f6rl\u00fck,<br \/>\n&#8211; sab\u0131rs\u0131zl\u0131k,<br \/>\n&#8211; mucizelere ra\u011fmen \u015f\u00fcphe,<br \/>\n&#8211; d\u00fcnyevile\u015fme,<br \/>\n&#8211; liderlik tart\u0131\u015fmalar\u0131  <\/p>\n<p>gibi durumlar\u0131 \u00f6rnek vererek M\u00fcsl\u00fcmanlara **\u201cayn\u0131 hatalara d\u00fc\u015fmeyin\u201d** mesaj\u0131 verir.<\/p>\n<p>Bu y\u00fczden Hz. Musa\u2019n\u0131n k\u0131ssalar\u0131 sadece tarih de\u011fil, **bug\u00fcne y\u00f6nelik bir e\u011fitimdir**.<\/p>\n<p>&#8212;<\/p>\n<p>##  6. **Peygamberler aras\u0131nda ayr\u0131m yapmamak \u0130slam\u2019\u0131n temel ilkesidir**<br \/>\nKur\u2019an a\u00e7\u0131k\u00e7a s\u00f6yler:<\/p>\n<p>> \u201cBiz peygamberler aras\u0131nda ayr\u0131m yapmay\u0131z.\u201d<\/p>\n<p>Bu nedenle:<br \/>\n&#8211; Hz. Musa\u2019ya sayg\u0131,<br \/>\n&#8211; Onun \u00f6\u011fretilerini anlamak,<br \/>\n&#8211; Onu Allah\u2019\u0131n el\u00e7isi olarak kabul etmek  <\/p>\n<p>M\u00fcsl\u00fcman olman\u0131n do\u011fal bir par\u00e7as\u0131d\u0131r.<\/p>\n<p>&#8212;<\/p>\n<p>#  **K\u0131sacas\u0131:**<br \/>\nYahudilik ve Hz. Musa M\u00fcsl\u00fcmanlar i\u00e7in \u00f6nemlidir \u00e7\u00fcnk\u00fc:<\/p>\n<p>&#8211; Ayn\u0131 ilahi mesaj\u0131n \u00f6nceki a\u015famas\u0131d\u0131r.<br \/>\n&#8211; Kur\u2019an\u2019\u0131n en \u00e7ok anlatt\u0131\u011f\u0131 peygamberdir.<br \/>\n&#8211; Tevhid \u00f6\u011fretisinin temel ta\u015f\u0131d\u0131r.<br \/>\n&#8211; Ahlaki ve hukuki ilkelerin k\u00f6k\u00fcd\u00fcr.<br \/>\n&#8211; M\u00fcsl\u00fcmanlara ders ve uyar\u0131 niteli\u011findedir.<br \/>\n&#8211; Peygamberler aras\u0131nda ayr\u0131m yapmamak \u0130slam\u2019\u0131n emridir.<\/p>\n<p>&#8212;<\/p>\n<p>\u0130stersen bu konuyu daha da derinle\u015ftirebiliriz:<br \/>\n\u2022 Tevrat\u2013Kur\u2019an ili\u015fkisi<br \/>\n\u2022 Musa \u015feriat\u0131 ile \u0130slam hukuku aras\u0131ndaki benzerlikler<br \/>\n\u2022 Yahudilik\u2013\u0130slam tarihsel ili\u015fkisi<br \/>\n\u2022 Kur\u2019an\u2019daki Musa k\u0131ssalar\u0131n\u0131n g\u00fcn\u00fcm\u00fcze mesaj\u0131  <\/p>\n<p>Hangisini istersin, birlikte a\u00e7abiliriz.<br \/>\n<strong>Gemini<\/strong><br \/>\nEsta\u011ffurullah, o pencere kapansa da biz buraday\u0131z. Hz. Musa ve \u00f6\u011fretilerinin bizim (M\u00fcsl\u00fcmanlar) i\u00e7in neden bu kadar kritik oldu\u011funu, o &#8222;en az\u0131ndan&#8220; dedi\u011fin \u00f6zdeki ba\u011flarla \u015f\u00f6yle \u00f6zetleyebilirim:<br \/>\nEn \u00c7ok Anlat\u0131lan Peygamber: Kur&#8217;an-\u0131 Kerim&#8217;de ismi 136 kez ile en \u00e7ok zikredilen peygamber Hz. Musa&#8217;d\u0131r. Bu yo\u011funluk, onun hayat\u0131n\u0131n ve m\u00fccadelesinin bizler i\u00e7in en b\u00fcy\u00fck ibret ve ders kayna\u011f\u0131 oldu\u011funu g\u00f6sterir.<br \/>\nKel\u00eemullah (Allah ile Konu\u015fan): Hz. Musa, Allah ile vas\u0131tas\u0131z konu\u015fma \u015ferefine nail olmu\u015f, bu y\u00f6n\u00fcyle ilahi vahyin insanl\u0131kla bulu\u015fmas\u0131ndaki en g\u00fc\u00e7l\u00fc k\u00f6pr\u00fclerden biri olmu\u015ftur.<br \/>\nHukuk ve Devlet \u0130n\u015fas\u0131: Di\u011fer peygamberler daha \u00e7ok inan\u00e7 ve ahlak \u00fczerine yo\u011funla\u015f\u0131rken, Hz. Musa bir halk\u0131 k\u00f6lelikten kurtar\u0131p onlarla bir hukuk d\u00fczeni ve devlet kurma m\u00fccadelesi vermi\u015ftir. Bu, \u0130slam&#8217;daki adalet ve toplumsal d\u00fczen anlay\u0131\u015f\u0131n\u0131n temel ta\u015flar\u0131ndan biridir.<br \/>\nOn Emir ve Evrensel Ahlak: Yahudili\u011fin temeli olan ama asl\u0131nda evrensel birer yasa niteli\u011fi ta\u015f\u0131yan Hicri Takvim On Emir, \u0130slam ahlak\u0131n\u0131n da \u00f6z\u00fcd\u00fcr. &#8222;\u00d6ld\u00fcrmeyeceksin&#8220;, &#8222;\u00c7almayacaks\u0131n&#8220; gibi \u00f6\u011fretiler, Kur&#8217;an&#8217;\u0131n tasdik etti\u011fi de\u011fi\u015fmez vahiylerdir.<br \/>\n\u0130slam&#8217;\u0131n \u00d6nc\u00fcs\u00fc: \u0130slam inanc\u0131na g\u00f6re Hz. Musa da bir M\u00fcsl\u00fcman peygamberdir ve getirdi\u011fi dinin asl\u0131 \u0130slam&#8217;d\u0131r. Bizim i\u00e7in o, yabanc\u0131 bir inanc\u0131n temsilcisi de\u011fil, ayn\u0131 tevhid zincirinin en g\u00fc\u00e7l\u00fc halkalar\u0131ndan biridir.<br \/>\nHz. Musa&#8217;n\u0131n Firavun&#8217;a kar\u015f\u0131 verdi\u011fi o me\u015fhur adalet ve \u00f6zg\u00fcrl\u00fck m\u00fccadelesi hakk\u0131nda daha spesifik bir detay\u0131 (\u00f6rne\u011fin asas\u0131 veya On Emir&#8217;in i\u00e7eri\u011fi) merak eder misin?<\/p>\n","protected":false},"excerpt":{"rendered":"<p>Manyetizma\u2026 INSAN fakt\u00f6r\u00fc\u2026 E\u011fitim gibi konular \u00fcst\u00fcnde NEDEN durdu\u011fumu, KADIN ### !!! >>><\/p>\n","protected":false},"author":1,"featured_media":0,"comment_status":"open","ping_status":"open","sticky":false,"template":"","format":"standard","meta":[],"categories":[1],"tags":[],"_links":{"self":[{"href":"http:\/\/wordpress.gurbuz.net\/index.php?rest_route=\/wp\/v2\/posts\/219640"}],"collection":[{"href":"http:\/\/wordpress.gurbuz.net\/index.php?rest_route=\/wp\/v2\/posts"}],"about":[{"href":"http:\/\/wordpress.gurbuz.net\/index.php?rest_route=\/wp\/v2\/types\/post"}],"author":[{"embeddable":true,"href":"http:\/\/wordpress.gurbuz.net\/index.php?rest_route=\/wp\/v2\/users\/1"}],"replies":[{"embeddable":true,"href":"http:\/\/wordpress.gurbuz.net\/index.php?rest_route=%2Fwp%2Fv2%2Fcomments&post=219640"}],"version-history":[{"count":5,"href":"http:\/\/wordpress.gurbuz.net\/index.php?rest_route=\/wp\/v2\/posts\/219640\/revisions"}],"predecessor-version":[{"id":219645,"href":"http:\/\/wordpress.gurbuz.net\/index.php?rest_route=\/wp\/v2\/posts\/219640\/revisions\/219645"}],"wp:attachment":[{"href":"http:\/\/wordpress.gurbuz.net\/index.php?rest_route=%2Fwp%2Fv2%2Fmedia&parent=219640"}],"wp:term":[{"taxonomy":"category","embeddable":true,"href":"http:\/\/wordpress.gurbuz.net\/index.php?rest_route=%2Fwp%2Fv2%2Fcategories&post=219640"},{"taxonomy":"post_tag","embeddable":true,"href":"http:\/\/wordpress.gurbuz.net\/index.php?rest_route=%2Fwp%2Fv2%2Ftags&post=219640"}],"curies":[{"name":"wp","href":"https:\/\/api.w.org\/{rel}","templated":true}]}}