{"id":219180,"date":"2026-01-21T00:05:01","date_gmt":"2026-01-21T00:05:01","guid":{"rendered":"http:\/\/wordpress.gurbuz.net\/?p=219180"},"modified":"2026-01-21T00:24:40","modified_gmt":"2026-01-21T00:24:40","slug":"ain-al-arab","status":"publish","type":"post","link":"http:\/\/wordpress.gurbuz.net\/?p=219180","title":{"rendered":"### Ain al-Arab ###"},"content":{"rendered":"<p>Gekaufte\u2026<br \/>\nVerkaufte Federn UND \u201eGedanken\u201c<br \/>\nWie mich sowas ankotzt<\/p>\n<p>Bevor ich MEINEN Gedanken taten folgen lasse sei gesagt\u2026<br \/>\n<strong>DOST ACI s\u00f6yler<\/strong>,<br \/>\nEine t\u00fcrkische Redewendung<\/p>\n<p>Die Menschen Vorort nennen es Ain al-Arab!<br \/>\nDie T\u00fcrken nennen es Ain al-Arab, <strong>DIE Quelle DER Araber<\/strong><br \/>\nNur DER kollektive Verein, allen voran Deutschland spricht von Kobane UND SO WEITER, ich hatte es dir gesagt Deutschland\u2026<br \/>\nDu BIST WIE die Axt im Wald, hast KEIN Feingef\u00fchl\u2026<br \/>\nKENNST DIE feinen Nuancen NICHT\u2026<br \/>\nVERGISS deine \u201eimperialen\u201c Anspr\u00fcche, wieder eine Redewendung DIE PASST\u2026<br \/>\nSidik yar\u0131\u015ft\u0131rma\u2026<br \/>\nMit M\u00e4chten die das \u201ebesser\u201c k\u00f6nnen, selbst SIE verrechnen sich<\/p>\n<p>\u201e\u00dcbersicht mit KI<br \/>\n&#8222;El Ayn&#8220; (\u02bfAin al-\u02bfArab) bezieht sich haupts\u00e4chlich auf die syrische Stadt<br \/>\nKoban\u00ea, deren arabischer Name &#8222;Quelle der Araber&#8220; bedeutet und die eine reiche, oft umk\u00e4mpfte Geschichte hat, von aram\u00e4ischen Wurzeln \u00fcber byzantinische, Zengiden- und Ayyubiden-Herrschaft bis zu modernen Konflikten, die die kurdische Identit\u00e4t und die politische Situation pr\u00e4gen, aber auch andere Orte wie das Emirat Ain al-Hilweh im Libanon und die Stadt Al Ain in den VAE mit \u00e4hnlichen Namen und Geschichten verbinden.<br \/>\nKoban\u00ea (\u02bfAin al-\u02bfArab) \u2013 Syrien:<br \/>\n\u2022\tBedeutung: Der Name bedeutet &#8222;Quelle der Araber&#8220;, benannt nach einer Quelle, die von Nomaden genutzt wurde.<br \/>\n\u2022\tGeschichte: Fr\u00fcher bekannt als K\u0101n\u012b (kurdisch), wurde es sp\u00e4ter von den Osmanen zu Koban\u00ee (von engl. Company) umbenannt, und im Rahmen der Arabisierungspolitik Syriens zu Ain al-Arab.<br \/>\n\u2022\tModernit\u00e4t: Bekannt durch den Kampf gegen den IS, ist es ein Zentrum der kurdischen Bewegung und der Region Rojava (Autonome Administration Nord- und Ostsyriens).<br \/>\nAl Ain \u2013 Vereinigte Arabische Emirate:<br \/>\n\u2022\tGeschichte: Hat eine lange Geschichte, die bis in die Jungsteinzeit zur\u00fcckreicht, wurde aber in den letzten 200 Jahren oft zwischen Herrschern von Abu Dhabi, Saudi-Arabien und Oman umk\u00e4mpft, bevor die Grenze mit Oman 1970 festgelegt wurde.<br \/>\n\u2022\tBedeutung: Heute eine Kultur- und Wirtschaftsmetropole, UNESCO-Weltkulturerbe.<br \/>\nAin al-Hilweh \u2013 Libanon:<br \/>\n\u2022\tBedeutung: Der Name stammt vom Emirat Ain al-Hilweh, das nach der Quelle benannt wurde, die ein wichtiges Wasserreservoir war.<br \/>\n\u2022\tGeschichte: Heute ist es der Name eines gro\u00dfen pal\u00e4stinensischen Fl\u00fcchtlingslagers, das von der historischen Quelle getrennt ist.<br \/>\nZusammenfassend: Der Begriff &#8222;El Ayn&#8220; verweist auf eine Wasserquelle (\u02bfAin) und ist in verschiedenen Kontexten pr\u00e4sent, wobei Koban\u00ea (&#8222;\u02bfAin al-\u02bfArab&#8220;) und Al Ain die prominentesten Beispiele mit starker historischer, kultureller und politischer Bedeutung sind. \u201e<\/p>\n<p>Ich WILL NICHT, ich MUSS\u2026<br \/>\nIch MUSS es MIR ANTUN, die \u201eNachrichten\u201c in Deutschland&#8230;<br \/>\nCNN \u2013 T\u00fcrkIYELI usw.<br \/>\nIch MUSS WISSEN wie SIE die Rinder Fiiiiiiiiiiiiii!<\/p>\n<p>Und GESTERN wieder so eine gekaufte\u2026<br \/>\nVerkaufte FEDER sagte nat\u00fcrlich auf t\u00fcrkisch \u201eDas hier IST der Nahost\u201c<br \/>\nWie Wahr\u2026<br \/>\nIST wie auf dem Bazar\u2026<br \/>\nDas IST der Nahost, NIEMAND wei\u00df wessen Hand in WESSEN Tasche IST<\/p>\n<p>Und vor JAHREN machte ich drauf aufmerksam\u2026<br \/>\nWie der kollektive Verein die Demografie ver\u00e4nderte,<br \/>\n\u201eKurdistan\u201c ja!???<\/p>\n<p>Nur \u00fcber meine Leiche, wir waren\u2026<br \/>\nWir SIND unddd wir WERDEN IMMER eins sein in Tayyipistan UND DER TAG WIRD KOMMEN\u2026<br \/>\nWo sie WIEDER die T\u00fcrkei sein WIRD, weder aus Land noch aus den Leuten WERDET IHR ein Jugoslawien, ein Russland machen K\u00d6NNEN<\/p>\n<p><strong>MEINE Loyalit\u00e4t\u2026<br \/>\nSteht au\u00dfer Frage\u2026<br \/>\nWer IST im Recht, Menschen STERBEN,<br \/>\nKINDER\u2026<br \/>\nVERHUNGERN und VERDURSTEN\u2026<br \/>\nMEINE Loyalit\u00e4t GEH\u00d6RT ihnen&#8230;<br \/>\nWeltweit<\/strong><\/p>\n<p><a href=\"http:\/\/www.gurbuz.net\/Yeni\/Screenshot 2026-01-21 005055.jpg\" rel=\"noopener\" target=\"_blank\">+<\/a><\/p>\n","protected":false},"excerpt":{"rendered":"<p>Gekaufte\u2026 Verkaufte Federn UND \u201eGedanken\u201c Wie mich sowas ankotzt Bevor ich MEINEN Gedanken taten folgen lasse sei gesagt\u2026 DOST ACI s\u00f6yler, Eine t\u00fcrkische Redewendung Die Menschen Vorort nennen es Ain al-Arab! Die T\u00fcrken nennen es Ain al-Arab, DIE Quelle DER Araber Nur DER kollektive Verein, allen voran Deutschland spricht von Kobane UND SO WEITER, ich &hellip; <\/p>\n<p class=\"link-more\"><a href=\"http:\/\/wordpress.gurbuz.net\/?p=219180\" class=\"more-link\"><span class=\"screen-reader-text\">\u201e### Ain al-Arab ###\u201c<\/span> weiterlesen<\/a><\/p>\n","protected":false},"author":1,"featured_media":0,"comment_status":"open","ping_status":"open","sticky":false,"template":"","format":"standard","meta":[],"categories":[1],"tags":[],"_links":{"self":[{"href":"http:\/\/wordpress.gurbuz.net\/index.php?rest_route=\/wp\/v2\/posts\/219180"}],"collection":[{"href":"http:\/\/wordpress.gurbuz.net\/index.php?rest_route=\/wp\/v2\/posts"}],"about":[{"href":"http:\/\/wordpress.gurbuz.net\/index.php?rest_route=\/wp\/v2\/types\/post"}],"author":[{"embeddable":true,"href":"http:\/\/wordpress.gurbuz.net\/index.php?rest_route=\/wp\/v2\/users\/1"}],"replies":[{"embeddable":true,"href":"http:\/\/wordpress.gurbuz.net\/index.php?rest_route=%2Fwp%2Fv2%2Fcomments&post=219180"}],"version-history":[{"count":5,"href":"http:\/\/wordpress.gurbuz.net\/index.php?rest_route=\/wp\/v2\/posts\/219180\/revisions"}],"predecessor-version":[{"id":219185,"href":"http:\/\/wordpress.gurbuz.net\/index.php?rest_route=\/wp\/v2\/posts\/219180\/revisions\/219185"}],"wp:attachment":[{"href":"http:\/\/wordpress.gurbuz.net\/index.php?rest_route=%2Fwp%2Fv2%2Fmedia&parent=219180"}],"wp:term":[{"taxonomy":"category","embeddable":true,"href":"http:\/\/wordpress.gurbuz.net\/index.php?rest_route=%2Fwp%2Fv2%2Fcategories&post=219180"},{"taxonomy":"post_tag","embeddable":true,"href":"http:\/\/wordpress.gurbuz.net\/index.php?rest_route=%2Fwp%2Fv2%2Ftags&post=219180"}],"curies":[{"name":"wp","href":"https:\/\/api.w.org\/{rel}","templated":true}]}}