{"id":217581,"date":"2025-12-12T12:50:59","date_gmt":"2025-12-12T12:50:59","guid":{"rendered":"http:\/\/wordpress.gurbuz.net\/?p=217581"},"modified":"2025-12-12T12:50:59","modified_gmt":"2025-12-12T12:50:59","slug":"weisheit-mit-macht-gepaart-macht-menschen-und-seine-umwelt-gluecklich","status":"publish","type":"post","link":"http:\/\/wordpress.gurbuz.net\/?p=217581","title":{"rendered":"Weisheit mit macht gepaart, MACHT Menschen und seine Umwelt gl\u00fccklich"},"content":{"rendered":"<p><a href=\"https:\/\/www.arte.tv\/de\/videos\/118231-001-A\/die-fabelhafte-geschichte-des-geldes-1-4\/\" rel=\"noopener\" target=\"_blank\">bitte SEHEN SIE SICH all vier Folgen an<\/a><\/p>\n<p>Wer diese Geschichten NICHT kennt,<br \/>\nSich deren Folgen NICHT bewusst IST wird mich und das was ich so schreibe NIE verstehen\u2026<br \/>\nUnd NEIN bin nicht geizig aberrr\u2026<br \/>\nSie mich NICHT unser Leben ABER ich ihre und derer ihrer Familie\u2026<br \/>\nWir kennen uns seit unserer Kindheit, letztens hatten wir ein Gespr\u00e4ch wobei es AUCH um Geld ging ich sagte ich kenne deine Geschichte aber du unsere nicht\u2026<br \/>\nUnd sie gab mir recht. Es ist schon interessant unsere Familiengeschichte nicht gerade gew\u00f6hnlich<br \/>\nUnd AUCH DAS MUSS ich verneinen\u2026<br \/>\nBIN NICHT Machtgeil<\/p>\n<p>&#8211;<\/p>\n<p>Dein Text tr\u00e4gt die Form einer pers\u00f6nlichen Reflexion \u2013 fast wie ein Manifest \u00fcber Macht, Geld und gegenseitiges Verst\u00e4ndnis. Ich lese darin mehrere Ebenen:<\/p>\n<p> Zentrale Gedanken<br \/>\nWeisheit + Macht = Gl\u00fcck: Du betonst, dass Macht nicht destruktiv sein muss, sondern in Verbindung mit Weisheit Menschen und ihre Umwelt gl\u00fccklich machen kann.<\/p>\n<p>Geschichte des Geldes: Der Verweis auf die Arte-Dokumentation zeigt, dass du Geld nicht nur als Mittel, sondern als kulturelle und historische Kraft verstehst. Wer diese Geschichte nicht kennt, kann deine Sichtweise schwer nachvollziehen.<\/p>\n<p>Familiengeschichte: Du stellst deine eigene Geschichte als \u201enicht gew\u00f6hnlich\u201c dar \u2013 ein Hinweis darauf, dass pers\u00f6nliche Erfahrungen mit Geld und Macht dich gepr\u00e4gt haben.<\/p>\n<p>Abgrenzung: Du betonst, dass du nicht \u201egeizig\u201c und nicht \u201emachtgeil\u201c bist. Damit grenzt du dich von g\u00e4ngigen Vorurteilen ab und positionierst dich als jemand, der Macht ethisch denkt.<\/p>\n<p> Interpretation<br \/>\nDein Text wirkt wie ein Versuch, Br\u00fccken zu bauen: zwischen deiner pers\u00f6nlichen Geschichte und der kollektiven Geschichte des Geldes, zwischen individueller Macht und gemeinschaftlichem Gl\u00fcck. Gleichzeitig ist es eine Verteidigung deiner Haltung \u2013 ein \u201eIch bin nicht so, wie ihr vielleicht denkt\u201c.<\/p>\n<p> Philosophischer Kontext<br \/>\nIn vielen Traditionen gilt Macht ohne Weisheit als zerst\u00f6rerisch, w\u00e4hrend Weisheit ohne Macht oft wirkungslos bleibt. Dein Satz \u201eWeisheit mit Macht gepaart\u201c erinnert an diese Balance.<\/p>\n<p>Geld ist dabei ein Pr\u00fcfstein: Es kann Menschen trennen oder verbinden, je nachdem, ob es mit Weisheit oder Gier verbunden wird.<\/p>\n<p> Wenn du magst, k\u00f6nnte ich deinen Gedanken in eine poetische Verdichtung verwandeln \u2013 ein kurzes Gedicht oder Aphorismen, die deine Haltung noch klarer und universeller ausdr\u00fccken.<\/p>\n<p>M\u00f6chtest du, dass ich deine Worte in eine poetische Form gie\u00dfe, die deine Botschaft f\u00fcr andere leichter zug\u00e4nglich macht?<\/p>\n","protected":false},"excerpt":{"rendered":"<p>bitte SEHEN SIE SICH all vier Folgen an Wer diese Geschichten NICHT kennt, Sich deren Folgen NICHT bewusst IST wird mich und das was ich so schreibe NIE verstehen\u2026 Und NEIN bin nicht geizig aberrr\u2026 Sie mich NICHT unser Leben ABER ich ihre und derer ihrer Familie\u2026 Wir kennen uns seit unserer Kindheit, letztens hatten &hellip; <\/p>\n<p class=\"link-more\"><a href=\"http:\/\/wordpress.gurbuz.net\/?p=217581\" class=\"more-link\"><span class=\"screen-reader-text\">\u201eWeisheit mit macht gepaart, MACHT Menschen und seine Umwelt gl\u00fccklich\u201c<\/span> weiterlesen<\/a><\/p>\n","protected":false},"author":1,"featured_media":0,"comment_status":"open","ping_status":"open","sticky":false,"template":"","format":"standard","meta":[],"categories":[1],"tags":[],"_links":{"self":[{"href":"http:\/\/wordpress.gurbuz.net\/index.php?rest_route=\/wp\/v2\/posts\/217581"}],"collection":[{"href":"http:\/\/wordpress.gurbuz.net\/index.php?rest_route=\/wp\/v2\/posts"}],"about":[{"href":"http:\/\/wordpress.gurbuz.net\/index.php?rest_route=\/wp\/v2\/types\/post"}],"author":[{"embeddable":true,"href":"http:\/\/wordpress.gurbuz.net\/index.php?rest_route=\/wp\/v2\/users\/1"}],"replies":[{"embeddable":true,"href":"http:\/\/wordpress.gurbuz.net\/index.php?rest_route=%2Fwp%2Fv2%2Fcomments&post=217581"}],"version-history":[{"count":1,"href":"http:\/\/wordpress.gurbuz.net\/index.php?rest_route=\/wp\/v2\/posts\/217581\/revisions"}],"predecessor-version":[{"id":217582,"href":"http:\/\/wordpress.gurbuz.net\/index.php?rest_route=\/wp\/v2\/posts\/217581\/revisions\/217582"}],"wp:attachment":[{"href":"http:\/\/wordpress.gurbuz.net\/index.php?rest_route=%2Fwp%2Fv2%2Fmedia&parent=217581"}],"wp:term":[{"taxonomy":"category","embeddable":true,"href":"http:\/\/wordpress.gurbuz.net\/index.php?rest_route=%2Fwp%2Fv2%2Fcategories&post=217581"},{"taxonomy":"post_tag","embeddable":true,"href":"http:\/\/wordpress.gurbuz.net\/index.php?rest_route=%2Fwp%2Fv2%2Ftags&post=217581"}],"curies":[{"name":"wp","href":"https:\/\/api.w.org\/{rel}","templated":true}]}}