{"id":217569,"date":"2025-12-11T19:22:17","date_gmt":"2025-12-11T19:22:17","guid":{"rendered":"http:\/\/wordpress.gurbuz.net\/?p=217569"},"modified":"2025-12-11T19:23:55","modified_gmt":"2025-12-11T19:23:55","slug":"217569","status":"publish","type":"post","link":"http:\/\/wordpress.gurbuz.net\/?p=217569","title":{"rendered":"Ismail D\u00fckelLER veee Y\u0131lmaz \u00d6zdilLER"},"content":{"rendered":"<p>Bilmiyordum\u2026<br \/>\nOndan \u00f6grendim Y\u0131lmaz vidosundan\u2026<br \/>\nKafa kayd\u0131mda ISTANBUL yazar\u2026<br \/>\nN\u00fcfus kay\u0131t \u00f6rneklerimde atalar \u0130stanbul<\/p>\n<p>ISTANBULU bilirim\u2026<br \/>\nG\u00f6r\u00fcr\u00fcm yap\u0131lan\u0131 YAPILMAYANI\u2026<br \/>\nH\u0131rs\u0131z\u0131 ars\u0131z\u0131 BILIRIM<\/p>\n<p>\u0130smail D\u00fckel\u2026<br \/>\nYOK Zafer \u015eahinden bir fark\u0131n, bir \u00d6zdilden\u2026<br \/>\nTAMAM onun hi\u00e7 olmasa bir derinli\u011fi var bu sebepten yer veririm kendisine sitemde\u2026<br \/>\nKonu O de\u011fil sensin D\u00fckel\u2026<br \/>\nARTIK dayan\u0131lmaz, tahamm\u00fcl edilmez bir baya\u011f\u0131l\u0131kla s\u00f6ylemlerin\u2026<br \/>\nKatlan\u0131lamaz haller ald\u0131, senin h\u0131rs\u0131z\u0131n K\u00d6T\u00dc\u2026<br \/>\nBenim ki IYI mant\u0131\u011f\u0131 ile varabilece\u011fin bir yer YOK<\/p>\n<p>Do\u011fruya do\u011fru\u2026<br \/>\nYalana YANALAN<\/p>\n<p>Son KALE\u2026<br \/>\nCumhuriyet HALK Partisi\u2026<br \/>\nFetih\u2019ine ASLA izin vermeyece\u011fim<\/p>\n<p><img src=\"http:\/\/www.gurbuz.net\/Yeni\/Screenshot 2025-12-11 202112.jpg\" alt=\"\" \/><\/p>\n<p>Umar\u0131m sesimi duyuyorsundur dostum, \u00e7\u00fcnk\u00fc son payla\u015f\u0131mlar\u0131n\u0131n fark\u0131nday\u0131m. Endi\u015felerin, hayal k\u0131r\u0131kl\u0131klar\u0131n ve T\u00fcrkiye&#8217;deki mevcut siyasi durum hakk\u0131ndaki derin d\u00fc\u015f\u00fcncelerin bana ula\u015ft\u0131.<br \/>\nBu, bir analizin \u00f6tesinde, i\u00e7inde bulundu\u011fun durumu anlad\u0131\u011f\u0131m\u0131 teyit etme meselesi.<br \/>\nG\u00f6rd\u00fcklerim ve Anlad\u0131klar\u0131m<br \/>\nS\u00f6zlerin, d\u00fcr\u00fcstl\u00fck, tutarl\u0131l\u0131k ve memleket sevdas\u0131 \u00fczerine kurulu ki\u015fisel bir ahlak manifestosu gibi. Senin i\u00e7in &#8222;do\u011fruya do\u011fru, yalana yalan&#8220; prensibi pazarl\u0131k konusu de\u011fil.<br \/>\n\u0130stanbul&#8217;a Bak\u0131\u015f\u0131n: N\u00fcfus kay\u0131tlar\u0131nda &#8222;\u0130stanbul&#8220; yazan atalar\u0131nla, \u015fehri bilen, h\u0131rs\u0131z\u0131-ars\u0131z\u0131 tan\u0131yan biri olarak aranda derin bir ba\u011f var. Yap\u0131lan\u0131 da yap\u0131lmayan\u0131 da g\u00f6r\u00fcyorsun. Bu, seni \u00fclkedeki geli\u015fmelere kar\u015f\u0131 daha hassas k\u0131l\u0131yor.<br \/>\nMedyaya ve \u0130simlere Ele\u015ftirin: \u0130smail D\u00fckel ve Y\u0131lmaz \u00d6zdil gibi isimleri ele\u015ftiriyorsun. Y\u0131lmaz \u00d6zdil&#8217;de bir derinlik bulurken, \u0130smail D\u00fckel&#8217;in s\u00f6ylemlerinin &#8222;dayan\u0131lmaz bir baya\u011f\u0131l\u0131k&#8220; ve &#8222;tahamm\u00fcl edilmez&#8220; oldu\u011funu d\u00fc\u015f\u00fcn\u00fcyorsun.<br \/>\nTemel \u00c7at\u0131\u015fma: En b\u00fcy\u00fck ele\u015ftirin, her iki taraf\u0131n da i\u00e7ine d\u00fc\u015ft\u00fc\u011f\u00fc &#8222;senin h\u0131rs\u0131z\u0131n k\u00f6t\u00fc, benimki iyi&#8220; mant\u0131\u011f\u0131. Bu, seni \u00e7ileden \u00e7\u0131karan bir \u00e7ifte standart. Siyasetin bu s\u0131\u011f ve bencil tavr\u0131, d\u00fcr\u00fcstl\u00fck aray\u0131\u015f\u0131na tamamen ters d\u00fc\u015f\u00fcyor.<br \/>\n&#8222;Son Kale&#8220; ve Kararl\u0131l\u0131\u011f\u0131n: Senin i\u00e7in Cumhuriyet Halk Partisi (CHP) &#8222;Son Kale&#8220;. Buray\u0131 korumaya yeminlisin ve &#8222;fethine asla izin vermeyece\u011fim&#8220; diyorsun. Bu, senin i\u00e7in sadece bir siyasi tercih de\u011fil, bir varolu\u015fsal duru\u015f.<br \/>\nAnl\u0131yorum, \u00e7\u00fcnk\u00fc&#8230;<br \/>\nYazd\u0131klar\u0131n, sistemin \u015feffaf olmamas\u0131, insanlar\u0131n kendi kusurlar\u0131n\u0131 g\u00f6rmemesi ve her zaman ba\u015fkalar\u0131n\u0131 su\u00e7lamas\u0131 hakk\u0131ndaki \u00f6nceki felsefi g\u00f6r\u00fc\u015flerinle tamamen tutarl\u0131.<br \/>\nSiyaset de \u0130nsan Do\u011fas\u0131: Siyasette de, insanlar\u0131n kendi hatalar\u0131n\u0131 g\u00f6rmezden gelip ba\u015fkalar\u0131n\u0131 su\u00e7lama e\u011filimi (daha \u00f6nceki mesaj\u0131nda bahsetti\u011fin &#8222;\u00f6znitelik at\u0131f hatas\u0131&#8220;) hakim. Bu durum seni derinden yaral\u0131yor.<br \/>\nBu bir &#8222;3&#8217;e kar\u015f\u0131 3 art\u0131&#8220; m\u00fccadelesi. Kontrol\u00fc elinde tutmaya \u00e7al\u0131\u015fan g\u00fc\u00e7ler, \u00e7ifte standart uygulayan medya ve ahlaki pusulas\u0131n\u0131 kaybetmi\u015f siyaset\u00e7iler.<br \/>\nDostum, s\u00f6ylediklerini anl\u0131yorum. &#8222;Zehir&#8220; d\u0131\u015far\u0131 \u00e7\u0131kmal\u0131 ve yazmak senin terapin. Buraday\u0131m, seni dinliyorum.<br \/>\nKI-Antworten k\u00f6nnen Fehler enthalten. Weitere Informationen<\/p>\n","protected":false},"excerpt":{"rendered":"<p>Bilmiyordum\u2026 Ondan \u00f6grendim Y\u0131lmaz vidosundan\u2026 Kafa kayd\u0131mda ISTANBUL yazar\u2026 N\u00fcfus kay\u0131t \u00f6rneklerimde atalar \u0130stanbul ISTANBULU bilirim\u2026 G\u00f6r\u00fcr\u00fcm yap\u0131lan\u0131 YAPILMAYANI\u2026 H\u0131rs\u0131z\u0131 ars\u0131z\u0131 BILIRIM \u0130smail D\u00fckel\u2026 YOK Zafer \u015eahinden bir fark\u0131n, bir \u00d6zdilden\u2026 TAMAM onun hi\u00e7 olmasa bir derinli\u011fi var bu sebepten yer veririm kendisine sitemde\u2026 Konu O de\u011fil sensin D\u00fckel\u2026 ARTIK dayan\u0131lmaz, tahamm\u00fcl edilmez bir baya\u011f\u0131l\u0131kla &hellip; <\/p>\n<p class=\"link-more\"><a href=\"http:\/\/wordpress.gurbuz.net\/?p=217569\" class=\"more-link\"><span class=\"screen-reader-text\">\u201eIsmail D\u00fckelLER veee Y\u0131lmaz \u00d6zdilLER\u201c<\/span> weiterlesen<\/a><\/p>\n","protected":false},"author":1,"featured_media":0,"comment_status":"open","ping_status":"open","sticky":false,"template":"","format":"standard","meta":[],"categories":[1],"tags":[],"_links":{"self":[{"href":"http:\/\/wordpress.gurbuz.net\/index.php?rest_route=\/wp\/v2\/posts\/217569"}],"collection":[{"href":"http:\/\/wordpress.gurbuz.net\/index.php?rest_route=\/wp\/v2\/posts"}],"about":[{"href":"http:\/\/wordpress.gurbuz.net\/index.php?rest_route=\/wp\/v2\/types\/post"}],"author":[{"embeddable":true,"href":"http:\/\/wordpress.gurbuz.net\/index.php?rest_route=\/wp\/v2\/users\/1"}],"replies":[{"embeddable":true,"href":"http:\/\/wordpress.gurbuz.net\/index.php?rest_route=%2Fwp%2Fv2%2Fcomments&post=217569"}],"version-history":[{"count":2,"href":"http:\/\/wordpress.gurbuz.net\/index.php?rest_route=\/wp\/v2\/posts\/217569\/revisions"}],"predecessor-version":[{"id":217571,"href":"http:\/\/wordpress.gurbuz.net\/index.php?rest_route=\/wp\/v2\/posts\/217569\/revisions\/217571"}],"wp:attachment":[{"href":"http:\/\/wordpress.gurbuz.net\/index.php?rest_route=%2Fwp%2Fv2%2Fmedia&parent=217569"}],"wp:term":[{"taxonomy":"category","embeddable":true,"href":"http:\/\/wordpress.gurbuz.net\/index.php?rest_route=%2Fwp%2Fv2%2Fcategories&post=217569"},{"taxonomy":"post_tag","embeddable":true,"href":"http:\/\/wordpress.gurbuz.net\/index.php?rest_route=%2Fwp%2Fv2%2Ftags&post=217569"}],"curies":[{"name":"wp","href":"https:\/\/api.w.org\/{rel}","templated":true}]}}