{"id":217565,"date":"2025-12-11T18:50:19","date_gmt":"2025-12-11T18:50:19","guid":{"rendered":"http:\/\/wordpress.gurbuz.net\/?p=217565"},"modified":"2025-12-11T18:53:52","modified_gmt":"2025-12-11T18:53:52","slug":"217565","status":"publish","type":"post","link":"http:\/\/wordpress.gurbuz.net\/?p=217565","title":{"rendered":"Bir hastal\u0131\u011f\u0131n sebep ve semptomlar\u0131 \u00fczerine"},"content":{"rendered":"<p>Suriye gitti\u2026<br \/>\nIran HALA AYAKTA\u2026<br \/>\nYani \u201cLaik Demokratik\u201d T\u00fcrkiye \u201cCumhuriyetinin\u201d BIRAZ daha vakti var\u2026<br \/>\nSeri bir harek\u00e2t de\u011fildir bu,<br \/>\nParalel y\u00fcr\u00fct\u00fclen cinsinden, sinsi bir operasyondur!<\/p>\n<p>Sebep\u2026<br \/>\nSonu\u00e7 ikilemi VE hala \u201cAtat\u00fcrk\u00e7\u00fc\u201d ge\u00e7inen kesim aptal tavuk misali\u2026<br \/>\n\u0130manc\u0131lar, K\u0131l\u0131\u00e7darc\u0131lar\u2026<br \/>\n\u00d6zelciler diye APTAL TAVUK gibi orada burada arz-\u0131 endam ediyorlar<br \/>\nU\u011fra\u015f\u0131n semptomlar ile inmeyin sebeplerin dibine<\/p>\n<p>Alooo ORA kimin partisi?<br \/>\nAd\u0131 \u00dcST\u00dcNDE halk\u0131n\u2026<br \/>\nKIMLERDIR kurucular\u0131?<br \/>\nGazi Mustafa Kemal Atat\u00fcrk VE arkada\u015flar\u0131, canlar\u0131na di\u015flerine takm\u0131\u015f\u2026<br \/>\nER MEYDANINDAN gelen insanlar, \u00f6l\u00fcm\u00fc g\u00f6rm\u00fc\u015f, dar\u0131\u2026<br \/>\nYoku g\u00f6rm\u00fc\u015f YOKU insanlar<\/p>\n<p>Ben Cumhuriyet HALK Partisini bilirim\u2026<br \/>\nNe YENISINI\u2026<br \/>\nNe Yeninin YENISINI tan\u0131r\u0131m, dua edin gurbetteyim\u2026<br \/>\n\u00d6z\u00fcrl\u00fcy\u00fcm\u2026<br \/>\nAma DAHA elim kalem tutar tu\u015fa basar, iti k\u00f6pe\u011fi konu\u015fturanlar\u2026<br \/>\nDe\u011fneksiz k\u00f6yde, AK Saraylardan h\u00fck\u00fcm s\u00fcrenler;<br \/>\n\u00d6zg\u00fcr \u00d6zel\u2026<br \/>\nEkrem \u0130mamo\u011flu \u0130ngiliz\u2019in k\u00f6pekleri\u2026<br \/>\nAMErikan u\u015faklar\u0131<br \/>\nRecepler &#8211; Kemaller\u2026<\/p>\n<p>Kuvay\u0131-i milliye RUHU \u00f6lmedi<\/p>\n<p>Dostum\u2026<br \/>\nHastal\u0131\u011f\u0131n sebeplerine INMEDEN sepettoplar\u0131 \u201ctedavi\u201d ederek\u2026<br \/>\nNereye kadar?<\/p>\n<p><img loading=\"lazy\" class=\"\" src=\"http:\/\/www.gurbuz.net\/Yeni\/Screenshot 2025-12-11 195114.jpg\" alt=\"\" width=\"330\" height=\"1145\" \/><\/p>\n<p>Senin metnin asl\u0131nda bir te\u015fhis metaforu \u00fczerine kurulu: \u201chastal\u0131k\u201d dedi\u011fin \u015fey toplumsal ve siyasal bir \u00e7\u00fcr\u00fcme; \u201csemptomlar\u201d ise y\u00fczeyde g\u00f6r\u00fcnen akt\u00f6rler, partiler, liderler, tart\u0131\u015fmalar. Sen diyorsun ki, semptomlarla u\u011fra\u015fmak hastal\u0131\u011f\u0131 iyile\u015ftirmez; as\u0131l sebebe inmek gerekir. Bu, t\u0131pta da ge\u00e7erli bir mant\u0131k:<\/p>\n<p>Hastal\u0131k \u2013 Sebep ve Semptom Metaforu<br \/>\nSebep (Etiyoloji):<\/p>\n<p>Derindeki yap\u0131sal sorunlar: ekonomik ba\u011f\u0131ml\u0131l\u0131k, d\u0131\u015f g\u00fc\u00e7lerin etkisi, kurumlar\u0131n yozla\u015fmas\u0131, halk\u0131n bilin\u00e7siz b\u0131rak\u0131lmas\u0131.<\/p>\n<p>Bunlar \u201chastal\u0131\u011f\u0131n k\u00f6k\u00fc\u201d olarak g\u00f6r\u00fcl\u00fcyor.<\/p>\n<p>Semptomlar (Belirtiler):<\/p>\n<p>G\u00fcnl\u00fck siyasette g\u00f6r\u00fcnen tart\u0131\u015fmalar, liderlerin davran\u0131\u015flar\u0131, partilerin i\u00e7 \u00e7eki\u015fmeleri.<\/p>\n<p>Halk\u0131n \u201captal tavuk\u201d gibi da\u011f\u0131n\u0131k ve y\u00fczeysel tepkiler vermesi.<\/p>\n<p>Medyada pompalanan g\u00fcndemler, ki\u015fisel kavgalar.<\/p>\n<p>Tedavi Yan\u0131lg\u0131s\u0131:<\/p>\n<p>Semptomlar\u0131 bast\u0131rmak (liderleri ele\u015ftirmek, y\u00fczeysel tart\u0131\u015fmalara saplanmak) hastal\u0131\u011f\u0131 \u00e7\u00f6zmez.<\/p>\n<p>As\u0131l yap\u0131lmas\u0131 gereken, sebebe inmek: yani ba\u011f\u0131ms\u0131zl\u0131k, halk\u0131n bilin\u00e7lenmesi, Kuvay\u0131 Milliye ruhunun yeniden canland\u0131r\u0131lmas\u0131.<\/p>\n<p>\u2696\ufe0f Tarihsel Ba\u011flam<br \/>\nCumhuriyet Halk Partisi\u2019nin kurulu\u015fu, Atat\u00fcrk ve silah arkada\u015flar\u0131n\u0131n \u00f6l\u00fcm\u00fc g\u00f6ze alarak verdi\u011fi m\u00fccadeleye dayan\u0131yor.<\/p>\n<p>Senin vurgun: bug\u00fcnk\u00fc tart\u0131\u015fmalar, o k\u00f6kl\u00fc m\u00fccadeleden kopmu\u015f semptomlar.<\/p>\n<p>\u201cKuvay\u0131-i Milliye ruhu \u00f6lmedi\u201d diyerek, tedavinin kayna\u011f\u0131n\u0131 g\u00f6steriyorsun: halk\u0131n \u00f6z iradesi, ba\u011f\u0131ms\u0131zl\u0131k bilinci.<\/p>\n<p>D\u00fc\u015f\u00fcnsel \u00c7er\u00e7eve<br \/>\nBu yakla\u015f\u0131m asl\u0131nda bir felsefi uyar\u0131:<\/p>\n<p>Semptomlarla u\u011fra\u015fmak \u2192 k\u0131sa vadeli rahatlama.<\/p>\n<p>Sebebe inmek \u2192 k\u00f6kl\u00fc \u00e7\u00f6z\u00fcm, ger\u00e7ek iyile\u015fme.<\/p>\n<p>Toplumsal hastal\u0131klar\u0131n tedavisi, ancak halk\u0131n bilin\u00e7lenmesi ve ba\u011f\u0131ms\u0131zl\u0131k ruhunun yeniden canlanmas\u0131yla m\u00fcmk\u00fcn.<\/p>\n<p>Senin metnin bir manifesto gibi okunuyor: \u201cSemptomlarla oyalanmay\u0131n, sebebe inin.\u201d Bunu bir te\u015fhis raporu gibi yap\u0131land\u0131rmak ister misin? Yani \u201cHastal\u0131k: toplumsal yozla\u015fma. Sebep: ba\u011f\u0131ml\u0131l\u0131k ve bilin\u00e7sizlik. Semptom: y\u00fczeysel siyaset. Tedavi: Kuvay\u0131 Milliye ruhunun yeniden dirili\u015fi.\u201d<\/p>\n<p>B\u00f6yle bir rapor \u00e7\u0131kar\u0131rsam, senin metaforunu daha sistematik hale getirebilirim. \u0130stersen bunu yapabilirim.<\/p>\n<p><img loading=\"lazy\" class=\"\" src=\"http:\/\/www.gurbuz.net\/Yeni\/Screenshot 2025-12-11 195114.jpg\" alt=\"\" width=\"330\" height=\"1145\" \/><\/p>\n<p>Senin s\u00f6zlerin, \u201chen\u00fcz vakti gelmedi\u201d vurgusuyla asl\u0131nda bir stratejik sab\u0131r \u00e7a\u011fr\u0131s\u0131 gibi okunuyor. Yani semptomlarla u\u011fra\u015fanlar\u0131n biraz daha kendi \u00e7\u0131kmazlar\u0131n\u0131 ya\u015famas\u0131, kendi burunlar\u0131n\u0131 s\u00fcrtmesi gerekiyor ki toplum ger\u00e7ek sebebe, k\u00f6ke, yani ba\u011f\u0131ms\u0131zl\u0131k ve bilin\u00e7lenmeye y\u00f6nelsin.<\/p>\n<p>\ufe0f Stratejik Sab\u0131r Metaforu<br \/>\nHen\u00fcz vakti gelmedi:<\/p>\n<p>Tedaviye ba\u015flamadan \u00f6nce hastal\u0131\u011f\u0131n kendini daha a\u00e7\u0131k g\u00f6stermesi gerekir.<\/p>\n<p>Bu, toplumsal d\u00fczeyde \u201csemptomlar\u0131n kendi kendini t\u00fcketmesi\u201d anlam\u0131na geliyor.<\/p>\n<p>Burun s\u00fcrtmek:<\/p>\n<p>Y\u00fczeysel tart\u0131\u015fmalara saplanan kesimlerin, kendi hatalar\u0131n\u0131n sonu\u00e7lar\u0131n\u0131 ya\u015famalar\u0131.<\/p>\n<p>Halk\u0131n g\u00f6z\u00fcnde sahte \u00e7\u00f6z\u00fcmlerin iflas etmesi.<\/p>\n<p>Sonraki a\u015fama:<\/p>\n<p>Sebebe inmek: ba\u011f\u0131ms\u0131zl\u0131k, halk\u0131n bilin\u00e7lenmesi, Kuvay\u0131 Milliye ruhunun yeniden dirili\u015fi.<\/p>\n<p>Bu noktada \u201cger\u00e7ek tedavi\u201d ba\u015flayacak.<\/p>\n<p> Senin Vurgun<br \/>\nSen diyorsun ki:<\/p>\n<p>\u201cSemptomlarla u\u011fra\u015fanlar biraz daha kendi \u00e7\u0131kmazlar\u0131n\u0131 ya\u015fas\u0131n.\u201d<\/p>\n<p>\u201cGer\u00e7ek \u00e7\u00f6z\u00fcm i\u00e7in vakit hen\u00fcz gelmedi, ama gelecek.\u201d<\/p>\n<p>\u201cKuvay\u0131-i Milliye ruhu \u00f6lmedi; o ruh, zaman\u0131 geldi\u011finde yeniden sahneye \u00e7\u0131kacak.\u201d<\/p>\n<p>Bu yakla\u015f\u0131m, bir manifesto gibi: sab\u0131r, te\u015fhis ve k\u00f6kl\u00fc \u00e7\u00f6z\u00fcm. \u0130stersen bunu bir zaman \u00e7izelgesi metaforuyla da a\u00e7abilirim: \u201cSemptomlar\u0131n d\u00f6nemi \u2192 burun s\u00fcrtme \u2192 halk\u0131n uyan\u0131\u015f\u0131 \u2192 tedavi.\u201d<\/p>\n<p>Bunu senin metnini daha sistematik hale getirmek i\u00e7in yapabilirim. \u0130stiyor musun, sana b\u00f6yle bir zaman \u00e7izelgesi \u00e7\u0131karay\u0131m?<\/p>\n","protected":false},"excerpt":{"rendered":"<p>Suriye gitti\u2026 Iran HALA AYAKTA\u2026 Yani \u201cLaik Demokratik\u201d T\u00fcrkiye \u201cCumhuriyetinin\u201d BIRAZ daha vakti var\u2026 Seri bir harek\u00e2t de\u011fildir bu, Paralel y\u00fcr\u00fct\u00fclen cinsinden, sinsi bir operasyondur! Sebep\u2026 Sonu\u00e7 ikilemi VE hala \u201cAtat\u00fcrk\u00e7\u00fc\u201d ge\u00e7inen kesim aptal tavuk misali\u2026 \u0130manc\u0131lar, K\u0131l\u0131\u00e7darc\u0131lar\u2026 \u00d6zelciler diye APTAL TAVUK gibi orada burada arz-\u0131 endam ediyorlar U\u011fra\u015f\u0131n semptomlar ile inmeyin sebeplerin dibine Alooo &hellip; <\/p>\n<p class=\"link-more\"><a href=\"http:\/\/wordpress.gurbuz.net\/?p=217565\" class=\"more-link\"><span class=\"screen-reader-text\">\u201eBir hastal\u0131\u011f\u0131n sebep ve semptomlar\u0131 \u00fczerine\u201c<\/span> weiterlesen<\/a><\/p>\n","protected":false},"author":1,"featured_media":0,"comment_status":"open","ping_status":"open","sticky":false,"template":"","format":"standard","meta":[],"categories":[1],"tags":[],"_links":{"self":[{"href":"http:\/\/wordpress.gurbuz.net\/index.php?rest_route=\/wp\/v2\/posts\/217565"}],"collection":[{"href":"http:\/\/wordpress.gurbuz.net\/index.php?rest_route=\/wp\/v2\/posts"}],"about":[{"href":"http:\/\/wordpress.gurbuz.net\/index.php?rest_route=\/wp\/v2\/types\/post"}],"author":[{"embeddable":true,"href":"http:\/\/wordpress.gurbuz.net\/index.php?rest_route=\/wp\/v2\/users\/1"}],"replies":[{"embeddable":true,"href":"http:\/\/wordpress.gurbuz.net\/index.php?rest_route=%2Fwp%2Fv2%2Fcomments&post=217565"}],"version-history":[{"count":3,"href":"http:\/\/wordpress.gurbuz.net\/index.php?rest_route=\/wp\/v2\/posts\/217565\/revisions"}],"predecessor-version":[{"id":217568,"href":"http:\/\/wordpress.gurbuz.net\/index.php?rest_route=\/wp\/v2\/posts\/217565\/revisions\/217568"}],"wp:attachment":[{"href":"http:\/\/wordpress.gurbuz.net\/index.php?rest_route=%2Fwp%2Fv2%2Fmedia&parent=217565"}],"wp:term":[{"taxonomy":"category","embeddable":true,"href":"http:\/\/wordpress.gurbuz.net\/index.php?rest_route=%2Fwp%2Fv2%2Fcategories&post=217565"},{"taxonomy":"post_tag","embeddable":true,"href":"http:\/\/wordpress.gurbuz.net\/index.php?rest_route=%2Fwp%2Fv2%2Ftags&post=217565"}],"curies":[{"name":"wp","href":"https:\/\/api.w.org\/{rel}","templated":true}]}}