{"id":217525,"date":"2025-12-11T06:49:31","date_gmt":"2025-12-11T06:49:31","guid":{"rendered":"http:\/\/wordpress.gurbuz.net\/?p=217525"},"modified":"2025-12-11T06:51:48","modified_gmt":"2025-12-11T06:51:48","slug":"al-sana-eninde-sonunda-bir-harf-bile","status":"publish","type":"post","link":"http:\/\/wordpress.gurbuz.net\/?p=217525","title":{"rendered":"AL SANA, eninde sonunda! Bir HARF BILE"},"content":{"rendered":"<p>Bu sabah Alman haberlerinde\u2026<br \/>\nHani BIR T\u00dcRK e\u015fini \u00f6ld\u00fcrm\u00fc\u015ft\u00fc, Alman mi alman vatanda\u015fl\u0131\u011f\u0131na ge\u00e7en mi BILMIYORUM\u2026<br \/>\n\u00d6nemli de\u011fil zaten, ESKIDEN \u00f6vg\u00fcyle bahis ederdim \u00f6verek adamlar vatanda\u015flar\u0131 aras\u0131nda AYRIM yapm\u0131yorlar diye.<\/p>\n<p>Eskidendi BU!!!<br \/>\nArt\u0131k \u00e7ifte vatanda\u015f bile olsan yurtd\u0131\u015f\u0131 yap\u0131labileceksin\u2026<br \/>\nAlman NRW eyaletinde, bunu\u2026<br \/>\nBir ba\u015flang\u0131\u00e7 olarak G\u00d6R<\/p>\n<p>Bura b\u00f6ylede\u2026<br \/>\nTAYYIPistan FARKLI MI?<br \/>\nOluyor 3 \u2013 5 g\u00fcn benim kaynaklar\u0131m\u2026<br \/>\n60 \u00dcST\u00dc\u2026<br \/>\nBir T\u00fcrk alman vatanda\u015fl\u0131\u011f\u0131na ge\u00e7mi\u015f, YILLAR SONRA\u2026<br \/>\nAltm\u0131\u015f\u0131 ge\u00e7ince\u2026<br \/>\nTekrar T\u00dcRK vatanda\u015fl\u0131\u011f\u0131na d\u00f6nm\u00fc\u015f, \u00e7oluk \u00e7ocuk &#8211; torun topuz sahibi\u2026<br \/>\nBU ADAMIN askerli\u011finden NE OLUR?<br \/>\n&gt;&gt;&gt; Mesele PARA &lt;&lt;&lt;<br \/>\nAskerli\u011fe \u00e7a\u011f\u0131r\u0131yorlarm\u0131\u015f, ha ora ha bura\u2026<br \/>\nYa\u2026<br \/>\nSiyaset\u00e7i denilene G\u00dcVENILIR MI?<br \/>\n\u0130ktidarda kalmak i\u00e7in\u2026<br \/>\nTaraftarlar\u0131n\u0131 DOYURMAK nam\u0131na analar\u0131n\u0131n bir taraf\u0131n\u0131 BILE SATARLAR,<br \/>\nSEN karde\u015fim\u2026<br \/>\nKarde\u015f DEDIM sen kime g\u00fcveniyorsun?<\/p>\n<p>DEMOKRATIK YOLLARLA se\u00e7ilmi\u015fler\u2026<br \/>\nFALAN,<br \/>\nSiii LAN<\/p>\n<p>\u00d6z\u00fcr dilerim\u2026<br \/>\nPATLADIM\u2026<br \/>\nAnlat dostum istersen hem Almanca hem T\u00fcrk\u00e7e<\/p>\n<p><img loading=\"lazy\" class=\"\" src=\"http:\/\/www.gurbuz.net\/Yeni\/Screenshot 2025-12-11 074824.jpg\" alt=\"\" width=\"330\" height=\"655\" \/><\/p>\n<p>Senin \u00f6fkeni ve hayal k\u0131r\u0131kl\u0131\u011f\u0131n\u0131 \u00e7ok iyi hissediyorum. Vatanda\u015fl\u0131k, askerlik, siyaset\u2014bunlar insan\u0131n hayat\u0131na do\u011frudan dokunan konular. Birka\u00e7 noktay\u0131 hem T\u00fcrk\u00e7e hem Almanca olarak a\u00e7\u0131klayay\u0131m, b\u00f6ylece resmi \u00e7er\u00e7eveyi daha net g\u00f6rebilirsin:<\/p>\n<p> T\u00fcrk\u00e7e A\u00e7\u0131klama<br \/>\n\u00c7ifte vatanda\u015fl\u0131k ve yurtd\u0131\u015f\u0131 edilme (Almanya): Almanya\u2019da \u00f6zellikle NRW (Kuzey Ren-Vestfalya) eyaletinde tart\u0131\u015f\u0131lan konu, a\u011f\u0131r su\u00e7 i\u015fleyen g\u00f6\u00e7men k\u00f6kenlilerin vatanda\u015fl\u0131ktan \u00e7\u0131kar\u0131lmas\u0131 veya s\u0131n\u0131r d\u0131\u015f\u0131 edilmesi. Bu, eskiden daha istisnaiydi; \u015fimdi ise siyasi tart\u0131\u015fmalar\u0131n merkezinde. Yani \u201c\u00e7ifte vatanda\u015f bile olsan yurtd\u0131\u015f\u0131 yap\u0131labileceksin\u201d ifadesi, bu yeni sertle\u015fen yakla\u015f\u0131m\u0131 anlat\u0131yor.<\/p>\n<p>T\u00fcrkiye\u2019de askerlik meselesi: Bir ki\u015fi Alman vatanda\u015fl\u0131\u011f\u0131na ge\u00e7ip sonra tekrar T\u00fcrk vatanda\u015fl\u0131\u011f\u0131na d\u00f6nerse, T\u00fcrkiye\u2019de askerlik y\u00fck\u00fcml\u00fcl\u00fc\u011f\u00fc teorik olarak devam eder. Ancak 60 ya\u015f\u0131ndan sonra fiilen askere \u00e7a\u011fr\u0131lmak m\u00fcmk\u00fcn de\u011fildir. T\u00fcrkiye\u2019de askerlik ya\u015f\u0131 20\u201341 aras\u0131d\u0131r; 41\u2019den sonra yoklama ka\u00e7a\u011f\u0131 bile olsan art\u0131k \u00e7a\u011fr\u0131lmazs\u0131n. 60 ya\u015f\u0131nda birinin askerlikle y\u00fck\u00fcml\u00fc olmas\u0131 hukuken s\u00f6z konusu de\u011fildir. Burada mesele ger\u00e7ekten parad\u0131r: D\u00f6vizle askerlik, bedelli askerlik gibi uygulamalar y\u0131llard\u0131r devletin gelir kap\u0131s\u0131 olmu\u015ftur. Yani \u201c\u00e7a\u011f\u0131r\u0131yorlarm\u0131\u015f\u201d denilen \u015fey, asl\u0131nda mali y\u00fck\u00fcml\u00fcl\u00fckleri hat\u0131rlatma veya ge\u00e7mi\u015f bor\u00e7lar\u0131 kapatma giri\u015fimidir.<\/p>\n<p>Siyaset\u00e7ilere g\u00fcven meselesi: Senin dedi\u011fin gibi, siyaset\u00e7iler \u00e7o\u011fu zaman iktidarda kalmak i\u00e7in taraftarlar\u0131n\u0131 doyurmay\u0131 \u00f6ncelikli g\u00f6r\u00fcr. Bu y\u00fczden g\u00fcven duygusu zedeleniyor. Demokratik yollarla se\u00e7ilmi\u015f olmalar\u0131, her zaman adil ve g\u00fcvenilir olduklar\u0131 anlam\u0131na gelmiyor. Burada mesele, halk\u0131n sorgulama g\u00fcc\u00fc ve kurumlar\u0131n ba\u011f\u0131ms\u0131zl\u0131\u011f\u0131d\u0131r.<\/p>\n<p> Deutsche Erkl\u00e4rung<br \/>\nDoppelte Staatsb\u00fcrgerschaft und Ausweisung (Deutschland): In NRW und anderen Bundesl\u00e4ndern wird diskutiert, ob auch Doppelstaatler bei schweren Straftaten ausgewiesen werden k\u00f6nnen. Fr\u00fcher galt: Wer einmal Deutscher ist, bleibt Deutscher. Heute wird das politisch neu bewertet \u2013 ein \u201eharter Kurs\u201c gegen\u00fcber Straft\u00e4tern mit Migrationshintergrund.<\/p>\n<p>Milit\u00e4rdienst in der T\u00fcrkei: Wenn jemand nach Jahren wieder die t\u00fcrkische Staatsb\u00fcrgerschaft annimmt, gilt theoretisch die Wehrpflicht. Praktisch aber endet die Wehrpflicht mit 41 Jahren. Mit 60 Jahren ist es unm\u00f6glich, noch eingezogen zu werden. Was bleibt, sind finanzielle Fragen \u2013 etwa Nachzahlungen oder die M\u00f6glichkeit, den Dienst durch Geldleistungen zu \u201eersetzen\u201c. Es geht also tats\u00e4chlich ums Geld, nicht um reale Einberufung.<\/p>\n<p>Vertrauen in Politiker: Politiker handeln oft machtstrategisch. Demokratisch gew\u00e4hlt zu sein bedeutet nicht automatisch, dass sie gerecht oder vertrauensw\u00fcrdig sind. Vertrauen entsteht nur, wenn Institutionen unabh\u00e4ngig bleiben und B\u00fcrger kritisch nachfragen.<\/p>\n<p>\u2728 Sonu\u00e7<br \/>\nSenin \u00f6fken asl\u0131nda \u00e7ok hakl\u0131 bir yerden geliyor: Vatanda\u015fl\u0131k ve askerlik gibi konular, devletlerin hem kimlik hem de ekonomik ara\u00e7 olarak kulland\u0131klar\u0131 alanlar. \u0130nsan kendini \u201coyun tahtas\u0131nda piyon\u201d gibi hissedebiliyor.<\/p>\n<p>\u0130stersen sana hem Almanya\u2019daki \u00e7ifte vatanda\u015fl\u0131k tart\u0131\u015fmalar\u0131n\u0131n g\u00fcncel yasal durumunu, hem de T\u00fcrkiye\u2019deki askerlik y\u00fck\u00fcml\u00fcl\u00fc\u011f\u00fc ve bedelli\/d\u00f6vizle askerlik uygulamalar\u0131n\u0131 daha ayr\u0131nt\u0131l\u0131 kaynaklarla g\u00f6sterebilirim.<\/p>\n","protected":false},"excerpt":{"rendered":"<p>Bu sabah Alman haberlerinde\u2026 Hani BIR T\u00dcRK e\u015fini \u00f6ld\u00fcrm\u00fc\u015ft\u00fc, Alman mi alman vatanda\u015fl\u0131\u011f\u0131na ge\u00e7en mi BILMIYORUM\u2026 \u00d6nemli de\u011fil zaten, ESKIDEN \u00f6vg\u00fcyle bahis ederdim \u00f6verek adamlar vatanda\u015flar\u0131 aras\u0131nda AYRIM yapm\u0131yorlar diye. Eskidendi BU!!! Art\u0131k \u00e7ifte vatanda\u015f bile olsan yurtd\u0131\u015f\u0131 yap\u0131labileceksin\u2026 Alman NRW eyaletinde, bunu\u2026 Bir ba\u015flang\u0131\u00e7 olarak G\u00d6R Bura b\u00f6ylede\u2026 TAYYIPistan FARKLI MI? Oluyor 3 \u2013 &hellip; <\/p>\n<p class=\"link-more\"><a href=\"http:\/\/wordpress.gurbuz.net\/?p=217525\" class=\"more-link\"><span class=\"screen-reader-text\">\u201eAL SANA, eninde sonunda! Bir HARF BILE\u201c<\/span> weiterlesen<\/a><\/p>\n","protected":false},"author":1,"featured_media":0,"comment_status":"open","ping_status":"open","sticky":false,"template":"","format":"standard","meta":[],"categories":[1],"tags":[],"_links":{"self":[{"href":"http:\/\/wordpress.gurbuz.net\/index.php?rest_route=\/wp\/v2\/posts\/217525"}],"collection":[{"href":"http:\/\/wordpress.gurbuz.net\/index.php?rest_route=\/wp\/v2\/posts"}],"about":[{"href":"http:\/\/wordpress.gurbuz.net\/index.php?rest_route=\/wp\/v2\/types\/post"}],"author":[{"embeddable":true,"href":"http:\/\/wordpress.gurbuz.net\/index.php?rest_route=\/wp\/v2\/users\/1"}],"replies":[{"embeddable":true,"href":"http:\/\/wordpress.gurbuz.net\/index.php?rest_route=%2Fwp%2Fv2%2Fcomments&post=217525"}],"version-history":[{"count":2,"href":"http:\/\/wordpress.gurbuz.net\/index.php?rest_route=\/wp\/v2\/posts\/217525\/revisions"}],"predecessor-version":[{"id":217527,"href":"http:\/\/wordpress.gurbuz.net\/index.php?rest_route=\/wp\/v2\/posts\/217525\/revisions\/217527"}],"wp:attachment":[{"href":"http:\/\/wordpress.gurbuz.net\/index.php?rest_route=%2Fwp%2Fv2%2Fmedia&parent=217525"}],"wp:term":[{"taxonomy":"category","embeddable":true,"href":"http:\/\/wordpress.gurbuz.net\/index.php?rest_route=%2Fwp%2Fv2%2Fcategories&post=217525"},{"taxonomy":"post_tag","embeddable":true,"href":"http:\/\/wordpress.gurbuz.net\/index.php?rest_route=%2Fwp%2Fv2%2Ftags&post=217525"}],"curies":[{"name":"wp","href":"https:\/\/api.w.org\/{rel}","templated":true}]}}