{"id":217497,"date":"2025-12-10T15:26:07","date_gmt":"2025-12-10T15:26:07","guid":{"rendered":"http:\/\/wordpress.gurbuz.net\/?p=217497"},"modified":"2025-12-10T15:30:24","modified_gmt":"2025-12-10T15:30:24","slug":"217497","status":"publish","type":"post","link":"http:\/\/wordpress.gurbuz.net\/?p=217497","title":{"rendered":"Mein Freund,"},"content":{"rendered":"<p>BITTE\u2026<br \/>\nVersuche etwas zu erkl\u00e4ren DAS eigentlich NUR eine Erkl\u00e4rung zul\u00e4st\u2026<br \/>\nAberrr WIR M\u00dcSSEN f\u00fcr die Rinder erkl\u00e4ren\u2026<br \/>\nIch nehme an das du mich liest,<br \/>\n\ud83d\ude09<br \/>\nDIE Syrian Democratic Forces; SDF\u2026<br \/>\nUnd dieses Gro\u00dfmaul sei es in Tayyipistan jener welcher DER so viele BITTE entschuldige aber es IST ihre eigene Aussage\u2026<br \/>\nIHRE -nicht- meine jeder mit so vielen Arschhaaren UND jener desen Vorfahren OPFER einer grausamen Gesinnung waren UND JETZT selbst zum T\u00e4ter wurden(!)<br \/>\nEins wurde gesagt \u201eentweder ich ODER er geht\u201c<br \/>\nJa Asad er IST gegangen worden sein Land in Tr\u00fcmmern, so ganz unschuldig WAR Deutschland bei diesem Vorgang auch nicht WIE ES JETZT tut\u2026<br \/>\nGenauso wenig wie der Tayyip UND der Jude\u2026<br \/>\nVergleichbar mit den Kollaboratoren damals in Afghanistan, ich wei\u00df klingt alles sehr kompliziert STEHT aber miteinander IM Zusammenhang, DIE ES jetzt nicht mehr haben will\u2026<br \/>\nWEGEN SEINEN eigenen Rindern IN Deutschland, der Situation im eigenen Land\u2026<br \/>\nGott habe ich mich kompliziert ausgedr\u00fcckt\u2026<br \/>\n\ud83d\ude09<br \/>\nEs geht darum\u2026<br \/>\nEretz Israel \u2026<br \/>\nIch sage GANZ BEWUSST benutze DAS Wort \u201eLebensraum\u201c<br \/>\nUnd ABER AUCH den verlorenen Stamm, ja meine DIEEE \u201eKurden\u201c<br \/>\nJa AUCH die Drusen WERDEN instrumentalisiert!<\/p>\n<p>Sei so lieb, VERSUCHE zu erkl\u00e4ren WARUM eine ACHTUNG Spezialeinheit der israelischen Armee\u2026<br \/>\nDie SDF ausbildet?<\/p>\n<p>Fr\u00fcher ODER sp\u00e4ter MUSS es knallen\u2026<br \/>\nDie Regul\u00e4re Armee Syriens UND die der T\u00fcrkei ZUSAMMEN gegen die SDF\u2026<br \/>\nUnd AMErika hat auch seine dreckigen H\u00e4nde im \u201eSpiel\u201c <\/p>\n<p>Wie SOLL da Rind noch durchblicken?<\/p>\n<p><img loading=\"lazy\" class=\"\" src=\"http:\/\/www.gurbuz.net\/Yeni\/Screenshot 2025-12-10 161630.jpg\" alt=\"\" width=\"330\" height=\"342\" \/><\/p>\n<p>Kurz gesagt: Israelische Kontakte zur SDF entstehen aus strategischen Interessen \u2013 die Kurden gelten als Gegengewicht zu Syrien, Iran und T\u00fcrkei. F\u00fcr Tel Aviv ist es ein Mittel, Einfluss im Norden Syriens zu sichern und m\u00f6gliche Bedrohungen einzud\u00e4mmen.<\/p>\n<p> Warum Israel mit der SDF kooperiert<br \/>\nStrategische Allianz gegen Iran und Assad: Israel sieht die SDF als potenziellen Partner, um iranische Milizen und syrische Regierungstruppen im Norden Syriens zu schw\u00e4chen. Das schafft einen \u201ePuffer\u201c gegen feindliche Kr\u00e4fte.<\/p>\n<p>Kurden als \u201everlorener Stamm\u201c? In israelischer Geschichtspolitik gibt es immer wieder Bez\u00fcge zu Minderheiten wie Kurden oder Drusen. Diese Gruppen werden symbolisch und politisch instrumentalisiert, um Israel als Schutzmacht darzustellen.<\/p>\n<p>Offene Bereitschaft der SDF: Der SDF-Kommandeur Mazloum Abdi hat \u00f6ffentlich erkl\u00e4rt, dass er Unterst\u00fctzung aus Israel begr\u00fc\u00dfen w\u00fcrde. Das zeigt, dass die Verbindung nicht nur von au\u00dfen aufgezwungen ist, sondern auch von kurdischer Seite gesucht wird.<\/p>\n<p>Ablehnung der Integration in die syrische Armee: Die SDF weigert sich, sich in die regul\u00e4ren syrischen Streitkr\u00e4fte einzugliedern. Stattdessen sucht sie internationale Partner \u2013 darunter die USA und Israel.<\/p>\n<p>\u2694\ufe0f Die geopolitische Gemengelage<br \/>\nT\u00fcrkei: Sie betrachtet die SDF als Terrororganisation (wegen ihrer N\u00e4he zur PKK) und sieht jede Unterst\u00fctzung \u2013 ob von den USA oder Israel \u2013 als Bedrohung.<\/p>\n<p>Syrien: Nach dem Sturz von Assad versucht die neue Regierung, die SDF zu integrieren. Doch die Kurden lehnen ab und halten an ihrer Autonomie fest.<\/p>\n<p>USA: Washington bleibt der wichtigste Unterst\u00fctzer der SDF, vor allem im Kampf gegen ISIS. Gleichzeitig nutzt es die Kurden, um iranischen Einfluss zu begrenzen.<\/p>\n<p>Israel: F\u00fcr Israel ist die SDF ein Werkzeug, um Druck auf Syrien und Iran auszu\u00fcben, ohne direkt Bodentruppen einzusetzen.<\/p>\n<p> Warum \u201edas Rind\u201c verwirrt ist<br \/>\nZu viele Akteure: Syrische Armee, T\u00fcrkei, USA, Israel, Iran \u2013 alle haben ihre eigenen Interessen.<\/p>\n<p>Instrumentalisierung von Minderheiten: Kurden und Drusen werden von verschiedenen Seiten benutzt, mal als \u201ePartner\u201c, mal als \u201eFeinde\u201c.<\/p>\n<p>Sprachliche und historische \u00dcberlagerung: Begriffe wie \u201eLebensraum\u201c oder \u201everlorener Stamm\u201c zeigen, dass alte Mythen und neue Machtpolitik ineinander greifen.<\/p>\n<p> Zusammengefasst: Israelische Spezialeinheiten bilden die SDF nicht aus, weil sie \u201eFreunde\u201c sind, sondern weil die Kurden ein geopolitisches Werkzeug sind \u2013 gegen Syrien, gegen Iran und indirekt gegen die T\u00fcrkei. F\u00fcr die einfachen Menschen (\u201edas Rind\u201c) bleibt es ein undurchschaubares Spiel aus Macht, Verrat und Instrumentalisierung.<\/p>\n<p>M\u00f6chtest du, dass ich dir eine Zeitleiste der wichtigsten Wendepunkte (Assad, USA, T\u00fcrkei, Israel, SDF) erstelle, damit die Zusammenh\u00e4nge klarer sichtbar werden?<\/p>\n","protected":false},"excerpt":{"rendered":"<p>BITTE\u2026 Versuche etwas zu erkl\u00e4ren DAS eigentlich NUR eine Erkl\u00e4rung zul\u00e4st\u2026 Aberrr WIR M\u00dcSSEN f\u00fcr die Rinder erkl\u00e4ren\u2026 Ich nehme an das du mich liest, \ud83d\ude09 DIE Syrian Democratic Forces; SDF\u2026 Und dieses Gro\u00dfmaul sei es in Tayyipistan jener welcher DER so viele BITTE entschuldige aber es IST ihre eigene Aussage\u2026 IHRE -nicht- meine jeder &hellip; <\/p>\n<p class=\"link-more\"><a href=\"http:\/\/wordpress.gurbuz.net\/?p=217497\" class=\"more-link\"><span class=\"screen-reader-text\">\u201eMein Freund,\u201c<\/span> weiterlesen<\/a><\/p>\n","protected":false},"author":1,"featured_media":0,"comment_status":"open","ping_status":"open","sticky":false,"template":"","format":"standard","meta":[],"categories":[1],"tags":[],"_links":{"self":[{"href":"http:\/\/wordpress.gurbuz.net\/index.php?rest_route=\/wp\/v2\/posts\/217497"}],"collection":[{"href":"http:\/\/wordpress.gurbuz.net\/index.php?rest_route=\/wp\/v2\/posts"}],"about":[{"href":"http:\/\/wordpress.gurbuz.net\/index.php?rest_route=\/wp\/v2\/types\/post"}],"author":[{"embeddable":true,"href":"http:\/\/wordpress.gurbuz.net\/index.php?rest_route=\/wp\/v2\/users\/1"}],"replies":[{"embeddable":true,"href":"http:\/\/wordpress.gurbuz.net\/index.php?rest_route=%2Fwp%2Fv2%2Fcomments&post=217497"}],"version-history":[{"count":3,"href":"http:\/\/wordpress.gurbuz.net\/index.php?rest_route=\/wp\/v2\/posts\/217497\/revisions"}],"predecessor-version":[{"id":217500,"href":"http:\/\/wordpress.gurbuz.net\/index.php?rest_route=\/wp\/v2\/posts\/217497\/revisions\/217500"}],"wp:attachment":[{"href":"http:\/\/wordpress.gurbuz.net\/index.php?rest_route=%2Fwp%2Fv2%2Fmedia&parent=217497"}],"wp:term":[{"taxonomy":"category","embeddable":true,"href":"http:\/\/wordpress.gurbuz.net\/index.php?rest_route=%2Fwp%2Fv2%2Fcategories&post=217497"},{"taxonomy":"post_tag","embeddable":true,"href":"http:\/\/wordpress.gurbuz.net\/index.php?rest_route=%2Fwp%2Fv2%2Ftags&post=217497"}],"curies":[{"name":"wp","href":"https:\/\/api.w.org\/{rel}","templated":true}]}}