{"id":217468,"date":"2025-12-10T12:12:58","date_gmt":"2025-12-10T12:12:58","guid":{"rendered":"http:\/\/wordpress.gurbuz.net\/?p=217468"},"modified":"2025-12-10T12:56:08","modified_gmt":"2025-12-10T12:56:08","slug":"ben-ve-benim-gibiler-daha-oelmedi","status":"publish","type":"post","link":"http:\/\/wordpress.gurbuz.net\/?p=217468","title":{"rendered":"ben VE benim gibiler DAHA \u00f6lmedi"},"content":{"rendered":"<p><iframe loading=\"lazy\" title=\"Heybeliada Ruhban Okulu - Y\u0131lmaz \u00d6zdil\" width=\"525\" height=\"295\" src=\"https:\/\/www.youtube.com\/embed\/0KqjLeQkORQ?feature=oembed\" frameborder=\"0\" allow=\"accelerometer; autoplay; clipboard-write; encrypted-media; gyroscope; picture-in-picture; web-share\" referrerpolicy=\"strict-origin-when-cross-origin\" allowfullscreen><\/iframe><\/p>\n<p>Y-CHP&#8230;<br \/>\nAK Pezevenkler FALAN&#8230;<br \/>\nBu HESAP DAHA KAPANMADI<\/p>\n<p>Sevgili s\u0131\u011f\u0131r\u0131m,<br \/>\nKendimde s\u0131\u011f\u0131r\u0131m bu y\u00fczden SAKIN yanl\u0131\u015f anlama\u2026<br \/>\nHakaret ETMIYORUM yani,<br \/>\nS\u0131\u011f\u0131r\u0131m \u00e7\u00fcnk\u00fc S\u00d6Z anlatmaya \u00e7al\u0131\u015f\u0131yorum\u2026<br \/>\nS\u0131\u011f\u0131rdan s\u0131\u011f\u0131ra, aram\u0131zda<\/p>\n<p>UTANMASALAR\u2026<br \/>\nGer\u00e7i ar damar\u0131 \u00e7atlam\u0131\u015flar AMA zil calip oynayacaklar\u2026<br \/>\nVE EVET bende dinledim onlar yay\u0131nlamadan \u00f6nce\u2026<br \/>\nCNN \u2013 T\u00fcrkIYELI\u2026<br \/>\nFALAN&#8230;<br \/>\nYa y\u0131llardan beri dil d\u00f6kerim, BU PEZEVENK hani kendine Recep Tayyip Kahpedo\u011fan diyen\u2026<br \/>\nKIMIN icad\u0131?<br \/>\nHepsini antantt\u0131m, peki KIMIN pi\u00e7a y\u0131llardan beri dil d\u00f6kerim, BU PEZEVENK hani kendine Recep Tayyip Kahpedo\u011fan diyen\u2026<br \/>\nKIMIN icad\u0131?<\/p>\n<p>Peki bu yarat\u0131\u011f\u0131 \u00f6ven KIM?<br \/>\nHANGI PARTIDEN???<\/p>\n<p>O\u2026<br \/>\n\u00d6vmeyecek de dedem mi \u00f6vs\u00fcn\u2026<br \/>\nSevgili s\u0131\u011f\u0131r\u0131m\u2026<br \/>\nBat\u0131da tutarl\u0131l\u0131k diye bir \u015fey vard\u0131r, devlet politikas\u0131 falan\u2026<br \/>\nBu y\u00fczen onlar kazan\u0131yor\u2026<br \/>\nBiz hep kaybediyoruz<\/p>\n<p>\u00c7engi getirin\u2026<br \/>\nZil\u2026<br \/>\nOrtaya masa kurun, bir b\u00fcy\u00fck yan\u0131na\u2026<br \/>\nHep birlikte ZIL takip oynayal\u0131m\u2026<br \/>\nD\u00dcNYA LIDERIMIZIN \u015ferefine, \u015ferefsiz\u2026<br \/>\nPezevenk VE ibnesine<\/p>\n<p>Ah ulan \u00d6nder\u2026<br \/>\nD\u00f6kemiyorsun i\u00e7ini\u2026<br \/>\nZehri\u2026<br \/>\nYaln\u0131z de\u011filsin bu d\u00fcnyada\u2026<br \/>\n\u00c7ok \u015f\u00fck\u00fcr yaratana<\/p>\n<p>Evet iyi de\u011filim, \u00f6z\u00fcr dilerim\u2026<br \/>\nIki gram, bilgisayarLAR B\u00dcT\u00dcN a\u011f\u2026<br \/>\nYoruyor beni ziyadesiyle, IKI elimle\u2026<br \/>\nBIR (\u2026) tutam\u0131yorum<\/p>\n<p>Yaz\u0131m hatalar\u0131 FALAN\u2026<br \/>\n\u00d6z\u00fcr dilerim, mazur g\u00f6r\u00fcn d\u00fczeltmeye HALIM yok<br \/>\nBenden bu kadar<\/p>\n<p>S\u00f6zc\u00fcs\u00fc m\u00f6zc\u00fcs\u00fc\u2026<br \/>\nHalk TV\u2019si\u2026<br \/>\nINAN\u2026<br \/>\nHepsi!<\/p>\n<p>Bu itleri yollama bana VAR\u2026<br \/>\nAnlatamad\u0131\u011f\u0131m sebepleri, BAZILARI\u2026<br \/>\n\u201cGenel k\u00fclt\u00fcr\u201d anlam\u0131nda,<br \/>\nANCA O kadar<\/p>\n<p>ULAN Y\u0131lamaz\u2026<br \/>\nA\u00e7t\u0131rma bana bayraml\u0131k a\u011fz\u0131m\u0131\u2026<br \/>\nADD\u2026<br \/>\n\u00d6yle mi?<\/p>\n<p>YILLAR \u00d6NCE\u2026<br \/>\neMail falan hep anlatt\u0131m\u2026<br \/>\nYapam\u0131yorsan\u0131z\u2026<br \/>\nBilene b\u0131rak\u0131n burunlar\u0131ndan KIL ald\u0131rm\u0131yorlar, a\u00e7t\u0131rmay\u0131n bana a\u011fz\u0131m\u0131<\/p>\n<p>Gazi VE arkada\u015flar\u0131\u2026<br \/>\nD\u00fcnden bug\u00fcnlere \u015fehit olan gazi\u2026<br \/>\nONLARI\u2026<br \/>\nVe \u00e7ok de\u011ferli ailelerini tenzih ederek\u2026<br \/>\n\u2026<br \/>\nGerisi HAVA CIVA<\/p>\n","protected":false},"excerpt":{"rendered":"<p>Y-CHP&#8230; AK Pezevenkler FALAN&#8230; Bu HESAP DAHA KAPANMADI Sevgili s\u0131\u011f\u0131r\u0131m, Kendimde s\u0131\u011f\u0131r\u0131m bu y\u00fczden SAKIN yanl\u0131\u015f anlama\u2026 Hakaret ETMIYORUM yani, S\u0131\u011f\u0131r\u0131m \u00e7\u00fcnk\u00fc S\u00d6Z anlatmaya \u00e7al\u0131\u015f\u0131yorum\u2026 S\u0131\u011f\u0131rdan s\u0131\u011f\u0131ra, aram\u0131zda UTANMASALAR\u2026 Ger\u00e7i ar damar\u0131 \u00e7atlam\u0131\u015flar AMA zil calip oynayacaklar\u2026 VE EVET bende dinledim onlar yay\u0131nlamadan \u00f6nce\u2026 CNN \u2013 T\u00fcrkIYELI\u2026 FALAN&#8230; Ya y\u0131llardan beri dil d\u00f6kerim, BU PEZEVENK &hellip; <\/p>\n<p class=\"link-more\"><a href=\"http:\/\/wordpress.gurbuz.net\/?p=217468\" class=\"more-link\"><span class=\"screen-reader-text\">\u201eben VE benim gibiler DAHA \u00f6lmedi\u201c<\/span> weiterlesen<\/a><\/p>\n","protected":false},"author":1,"featured_media":0,"comment_status":"open","ping_status":"open","sticky":false,"template":"","format":"standard","meta":[],"categories":[1],"tags":[],"_links":{"self":[{"href":"http:\/\/wordpress.gurbuz.net\/index.php?rest_route=\/wp\/v2\/posts\/217468"}],"collection":[{"href":"http:\/\/wordpress.gurbuz.net\/index.php?rest_route=\/wp\/v2\/posts"}],"about":[{"href":"http:\/\/wordpress.gurbuz.net\/index.php?rest_route=\/wp\/v2\/types\/post"}],"author":[{"embeddable":true,"href":"http:\/\/wordpress.gurbuz.net\/index.php?rest_route=\/wp\/v2\/users\/1"}],"replies":[{"embeddable":true,"href":"http:\/\/wordpress.gurbuz.net\/index.php?rest_route=%2Fwp%2Fv2%2Fcomments&post=217468"}],"version-history":[{"count":9,"href":"http:\/\/wordpress.gurbuz.net\/index.php?rest_route=\/wp\/v2\/posts\/217468\/revisions"}],"predecessor-version":[{"id":217477,"href":"http:\/\/wordpress.gurbuz.net\/index.php?rest_route=\/wp\/v2\/posts\/217468\/revisions\/217477"}],"wp:attachment":[{"href":"http:\/\/wordpress.gurbuz.net\/index.php?rest_route=%2Fwp%2Fv2%2Fmedia&parent=217468"}],"wp:term":[{"taxonomy":"category","embeddable":true,"href":"http:\/\/wordpress.gurbuz.net\/index.php?rest_route=%2Fwp%2Fv2%2Fcategories&post=217468"},{"taxonomy":"post_tag","embeddable":true,"href":"http:\/\/wordpress.gurbuz.net\/index.php?rest_route=%2Fwp%2Fv2%2Ftags&post=217468"}],"curies":[{"name":"wp","href":"https:\/\/api.w.org\/{rel}","templated":true}]}}