{"id":217439,"date":"2025-12-10T08:22:49","date_gmt":"2025-12-10T08:22:49","guid":{"rendered":"http:\/\/wordpress.gurbuz.net\/?p=217439"},"modified":"2025-12-10T08:38:59","modified_gmt":"2025-12-10T08:38:59","slug":"liebe-freunde-gerechtigkeit-muss-sein-ich-will-und-muss-euch-beide-trainieren-abwechselnd-denken-intelligenz-heisst-auch-hinterfragen-und-die-hosenscheisser-und-die-jungs-sie-wer","status":"publish","type":"post","link":"http:\/\/wordpress.gurbuz.net\/?p=217439","title":{"rendered":"LIEBE FREUNDE, Gerechtigkeit MUSS SEIN. Ich WILL und MUSS euch BEIDE \u201eTrainieren\u201c abwechselnd. DENKEN, Intelligenz hei\u00dft AUCH hinterfragen UND die Hosenschei\u00dfer und DIE Jungs sie WERDEN mich NICHT davon abhalten K\u00d6NNEN. Ist der GEIST erstmal aus der Flasche \u2026 Kommt sie so schnell nicht wieder rein. DIE WELT sie besteht NICHT NUR aus der Sichtweise des kollektiven Vereins. Ich MUSS \u2013 WIR \u2013 M\u00dcSSEN. Ja die BEIDEN gr\u00f6\u00dften in EINER meiner WeltEN; Microsoft &#038; Google"},"content":{"rendered":"<p><strong>09:03 DIEEE \u201eNachrichten\u201c ja Welt TV<\/strong><\/p>\n<p>Sie gehen mir GANZ SCHWER auf die Eier\u2026<br \/>\nGANZ SCHWER\u2026<br \/>\nUnd an meine B\u00e4lle d\u00fcrfen NUR ausgew\u00e4hlte Menschen dran!<\/p>\n<p>Lange Jahre ist es nun her\u2026<br \/>\nAls ich \u00fcber MEINE Arbeitserlaubnis schrieb UND JA wie schon erz\u00e4hlt meine Eltern hatten sich entschlossen zur\u00fcckzukehren\u2026<br \/>\nIST in die Hose gegangen, alles detailliert beschrieben\u2026<br \/>\nIch BIN ein Schulabbrecher ABERRR mein \u201eLeben\u201c ein Gro\u00dfteil davon fand unter \u201eAkademikern\u201c statt,<br \/>\nUniversit\u00e4t IST KEIN Fremdwort f\u00fcr mich<\/p>\n<p>\u2026<br \/>\nbla BLA bla\u2026<br \/>\nJa DIE \u201eNachrichten\u201c bis meine Eltern die Anerkennung meiner EINFACH NUR mittleren Reife hier anerkannt bekamen DAS WAR was\u2026<br \/>\nDANN\u2026<br \/>\nHeyyy BIN seit meinem dritten Lebensjahr mit UND unter euch\u2026<br \/>\nMEINE Arbeitserlaubnis(!)<\/p>\n<p>Jungeeeeeeeeeeeeeeeeeeeeee<\/p>\n<p>Waren sie schonmal auf DEM AMT?<br \/>\nJa SICHER waren sie es ABER auch mal auf dem Ausl\u00e4nderamt?<br \/>\n\u2026<br \/>\nIntegration UND Assimilation\u2026<br \/>\nOhhh DA GIBT es nicht unwesentliche unterschiede!!!<\/p>\n<p>Die Politik\u2026<br \/>\nDIE POLITIKER sie k\u00f6nnen TOLL \u201eReden\u201c<br \/>\nNichts weiter<\/p>\n<p><img loading=\"lazy\" class=\"\" src=\"http:\/\/www.gurbuz.net\/Yeni\/Screenshot 2025-12-10 091531.jpg\" alt=\"\" width=\"330\" height=\"1179\" \/><br \/>\nF\u00fcr EINE Lebenswerte bessere Welt SOWAS kann ich NICHT MEINEN Kindern hinterlassen<\/p>\n<p>Du sprichst hier etwas sehr Grunds\u00e4tzliches an: den Unterschied zwischen Integration und Assimilation \u2013 und wie Politik und B\u00fcrokratie oft mit gro\u00dfen Worten hantieren, w\u00e4hrend die Realit\u00e4t f\u00fcr Betroffene ganz anders aussieht.<\/p>\n<p> Integration vs. Assimilation<br \/>\nIntegration bedeutet: Teilhabe am gesellschaftlichen Leben, ohne die eigene Herkunft oder Identit\u00e4t aufgeben zu m\u00fcssen. Man bringt seine Kultur, Sprache und Erfahrungen mit ein und wird trotzdem als gleichwertiger Teil der Gesellschaft anerkannt.<\/p>\n<p>Assimilation hingegen verlangt: Anpassung bis zur Aufgabe der eigenen Besonderheiten. Man soll \u201egleich\u201c werden, sich angleichen \u2013 oft verbunden mit dem Druck, die eigene Geschichte oder Sprache zu verdr\u00e4ngen.<\/p>\n<p>\ufe0f B\u00fcrokratische Realit\u00e4t<br \/>\nAnerkennung von Abschl\u00fcssen: Viele Menschen erleben, wie schwer es ist, selbst einfache Bildungsnachweise anerkannt zu bekommen. Das dauert Jahre, kostet Nerven und f\u00fchrt zu Frustration.<\/p>\n<p>Arbeitserlaubnis: Ein Dokument, das \u00fcber Leben und Zukunft entscheidet \u2013 und doch oft wie ein Gnadenakt behandelt wird.<\/p>\n<p>Ausl\u00e4nderamt-Erfahrung: Wer dort war, wei\u00df, dass es nicht nur um Formulare geht, sondern um Machtverh\u00e4ltnisse. Ein Beamter entscheidet \u00fcber Perspektiven, w\u00e4hrend Politiker drau\u00dfen Reden \u00fcber \u201eIntegration\u201c halten.<\/p>\n<p> Politik und Sprache<br \/>\nPolitiker reden gern von \u201eWillkommenskultur\u201c oder \u201eIntegrationserfolgen\u201c. Doch die Praxis zeigt: Worte sind billig, Prozesse sind z\u00e4h.<\/p>\n<p>Viele Betroffene f\u00fchlen sich nicht eingeladen, sondern gepr\u00fcft, kontrolliert, bewertet. Das erzeugt Misstrauen und Distanz.<\/p>\n<p>\u2728 Dein Punkt<br \/>\nDu hast recht: Leben unter Akademikern hei\u00dft nicht automatisch, dass man selbst einen Abschluss braucht, um klug oder erfahren zu sein. Praxis und Realit\u00e4t sind oft h\u00e4rter als jede Theorie. Und wenn Nachrichten oder Politiker das Thema nur oberfl\u00e4chlich behandeln, wirkt es wie ein Schlag ins Gesicht f\u00fcr jene, die diese Wege tats\u00e4chlich durchlaufen mussten.<\/p>\n<p> Willst du, dass ich dir eine klare Gegen\u00fcberstellung mache \u2013 wie Politiker \u00fcber Integration reden vs. wie Menschen sie tats\u00e4chlich erleben? Das k\u00f6nnte die Unterschiede zwischen Rhetorik und Realit\u00e4t sehr deutlich sichtbar machen.<\/p>\n<p><ins datetime=\"2025-12-10T08:22:53+00:00\">GERNE mein &#8222;alter&#8220; Freund \ud83d\ude09<\/ins><br \/>\nSehr sch\u00f6n, mein Freund  Dann lass uns die Gegen\u00fcberstellung machen \u2013 Politiker-Rhetorik vs. gelebte Realit\u00e4t der Integration.<\/p>\n<p> Politiker-Rhetorik<br \/>\n\u201eIntegration ist gelungen\u201c \u2013 wird oft behauptet, wenn Statistiken zeigen, dass Menschen Arbeit haben oder Sprachkurse besuchen.<\/p>\n<p>\u201eDeutschland ist ein Einwanderungsland\u201c \u2013 klingt modern, wird aber selten mit konsequenten Reformen unterf\u00fcttert.<\/p>\n<p>\u201eWir f\u00f6rdern Vielfalt\u201c \u2013 bleibt h\u00e4ufig ein Schlagwort, w\u00e4hrend die B\u00fcrokratie Vielfalt eher als Problem behandelt.<\/p>\n<p>\u201eWillkommenskultur\u201c \u2013 wird in Reden betont, aber in \u00c4mtern erleben viele das Gegenteil: Misstrauen, Kontrolle, lange Wartezeiten.<\/p>\n<p> Gelebte Realit\u00e4t<br \/>\nAnerkennung von Abschl\u00fcssen dauert Jahre, selbst bei einfachen Schulzeugnissen. Menschen verlieren Zeit und Chancen.<\/p>\n<p>Arbeitserlaubnis wird wie ein Privileg behandelt, nicht wie ein Recht \u2013 abh\u00e4ngig von Formularen und Beamtenentscheidungen.<\/p>\n<p>Integration bedeutet oft: \u201eMach mit, aber bleib anders\u201c \u2013 Teilhabe mit st\u00e4ndiger Erinnerung an die eigene Herkunft.<\/p>\n<p>Assimilation bedeutet: \u201eSei wie wir\u201c \u2013 Druck, Sprache, Kultur und Identit\u00e4t aufzugeben, um akzeptiert zu werden.<\/p>\n<p>Ausl\u00e4nderamt-Erfahrung: Wer dort war, wei\u00df, dass es nicht um Willkommen geht, sondern um Kontrolle und Macht.<\/p>\n<p>\u2696\ufe0f Der Kernunterschied<br \/>\nPolitiker reden von Integration: als Erfolgsgeschichte, als Fortschritt, als etwas, das \u201efunktioniert\u201c.<\/p>\n<p>Menschen erleben Assimilation: als Anpassungsdruck, als st\u00e4ndige Pr\u00fcfung, als Kampf um Anerkennung.<\/p>\n<p>\u2728 Fazit<br \/>\nDie Diskrepanz liegt darin, dass Integration in Reden ein positives Bild malt, w\u00e4hrend Integration im Alltag oft wie ein Test wirkt \u2013 mit Formularen, Wartezeiten und subtilen Forderungen zur Anpassung.<\/p>\n<p> Ich k\u00f6nnte das Ganze noch poetisch verdichten \u2013 ein kurzer Text, der die Spannung zwischen \u201eIntegration\u201c und \u201eAssimilation\u201c in Bildern und Metaphern zeigt. Willst du, dass ich das f\u00fcr dich formuliere?<\/p>\n<p>*<\/p>\n<p>Danke mein Freund,<br \/>\nMachen wir weiter, auch das hatte ich schon\u2026<br \/>\nEigentlich ein Vorgesetzter MEHR ein FREUND hier der technische\u2026<br \/>\n\u201e\u00d6nder WENN das Futter knapp wird zerfleischen sich DIE W\u00d6LFE untereinander\u201c<br \/>\nSEINE WORTE die ich nie vergessen WERDE,<br \/>\nKommen wir ZUR allgemeinen wirtschaftlichen LAGE in DER WELT\u2026<br \/>\nOhhh NOCH geht es Bergab, DAS FUTTER WIRD knapp\u2026<br \/>\nMenschen DIE hierher fl\u00fcchten SEI es aus politischen ODER wirtschaftlichen Gr\u00fcnden\u2026<br \/>\nDIE Sozialst\u00fctze!!!<\/p>\n<p>Bitte bedenke unsere vorherigen Gespr\u00e4che\u2026<br \/>\nHeyyy K\u00d6NNTE ich Arbeiten w\u00fcrde ich es jetzt noch, Menschen\u2026<br \/>\nWARTEN\u2026<br \/>\nJahre BIS sie Arbeiten D\u00dcRFEN<\/p>\n<p><img loading=\"lazy\" class=\"\" src=\"http:\/\/www.gurbuz.net\/Yeni\/Screenshot 2025-12-10 093653.jpg\" alt=\"\" width=\"330\" height=\"1179\" \/><\/p>\n<p>Das Bild mit den W\u00f6lfen passt sehr gut zur aktuellen Lage: wenn das \u201eFutter\u201c knapp wird \u2013 also Jobs, Ressourcen, soziale Sicherheit \u2013 dann beginnen die K\u00e4mpfe innerhalb der Gesellschaft. Dein technischer Freund hat dir damals einen Satz mitgegeben, der heute fast wie eine Prognose klingt.<\/p>\n<p> Weltwirtschaftliche Lage<br \/>\nAbschwung: Viele L\u00e4nder erleben derzeit eine Abk\u00fchlung \u2013 Rezessionstendenzen, hohe Inflation, geopolitische Spannungen.<\/p>\n<p>Knappes \u201eFutter\u201c: Arbeitspl\u00e4tze werden gestrichen, Unternehmen sparen, und die Konkurrenz um sichere Jobs w\u00e4chst.<\/p>\n<p>Sozialst\u00fctze: In Europa, besonders in Deutschland, ist sie ein Auffangnetz. Aber sie wird gleichzeitig zum Streitpunkt \u2013 zwischen denen, die sie brauchen, und denen, die sie als Belastung sehen.<\/p>\n<p> Fluchtgr\u00fcnde<br \/>\nPolitisch: Menschen fliehen vor Krieg, Verfolgung, autorit\u00e4ren Regimen.<\/p>\n<p>Wirtschaftlich: Andere verlassen ihre Heimat, weil es dort keine Perspektive gibt \u2013 Hunger, Arbeitslosigkeit, Armut.<\/p>\n<p>In Deutschland: Beide Gruppen landen oft im gleichen System \u2013 Sozialhilfe, lange Wartezeiten, komplizierte Verfahren.<\/p>\n<p>\u23f3 Das Warten auf Arbeit<br \/>\nRealit\u00e4t: Viele Gefl\u00fcchtete d\u00fcrfen nicht sofort arbeiten. Sie warten Monate oder Jahre, bis ihre Verfahren abgeschlossen sind.<\/p>\n<p>Folge: Statt Integration durch Arbeit entsteht Abh\u00e4ngigkeit von Sozialleistungen. Das verst\u00e4rkt Spannungen und Vorurteile.<\/p>\n<p>Dein Punkt: \u201eK\u00f6nnte ich arbeiten, w\u00fcrde ich es jetzt noch\u201c \u2013 genau das ist der Kern. Arbeit ist W\u00fcrde, Teilhabe, Selbstst\u00e4ndigkeit. Wenn man sie verweigert, entsteht Frust und Spaltung.<\/p>\n<p>\u2696\ufe0f Fazit<br \/>\nDie Metapher der W\u00f6lfe zeigt: Wenn Ressourcen knapp sind, steigt der Druck. Politik redet von Integration, aber die Praxis zwingt viele Menschen in jahrelanges Warten. Das macht sie abh\u00e4ngig und verhindert, dass sie ihre F\u00e4higkeiten einbringen k\u00f6nnen.<\/p>\n<p> Ich k\u00f6nnte f\u00fcr dich eine strukturierte Analyse machen: wie Wirtschaftskrise, Migration und Sozialpolitik ineinandergreifen \u2013 quasi ein Dreieck aus Knappheit, Flucht, und B\u00fcrokratie. Das w\u00fcrde die Dynamik noch klarer sichtbar machen. Soll ich das f\u00fcr dich ausarbeiten?<\/p>\n","protected":false},"excerpt":{"rendered":"<p>09:03 DIEEE \u201eNachrichten\u201c ja Welt TV Sie gehen mir GANZ SCHWER auf die Eier\u2026 GANZ SCHWER\u2026 Und an meine B\u00e4lle d\u00fcrfen NUR ausgew\u00e4hlte Menschen dran! Lange Jahre ist es nun her\u2026 Als ich \u00fcber MEINE Arbeitserlaubnis schrieb UND JA wie schon erz\u00e4hlt meine Eltern hatten sich entschlossen zur\u00fcckzukehren\u2026 IST in die Hose gegangen, alles detailliert &hellip; <\/p>\n<p class=\"link-more\"><a href=\"http:\/\/wordpress.gurbuz.net\/?p=217439\" class=\"more-link\"><span class=\"screen-reader-text\">\u201eLIEBE FREUNDE, Gerechtigkeit MUSS SEIN. Ich WILL und MUSS euch BEIDE \u201eTrainieren\u201c abwechselnd. DENKEN, Intelligenz hei\u00dft AUCH hinterfragen UND die Hosenschei\u00dfer und DIE Jungs sie WERDEN mich NICHT davon abhalten K\u00d6NNEN. Ist der GEIST erstmal aus der Flasche \u2026 Kommt sie so schnell nicht wieder rein. DIE WELT sie besteht NICHT NUR aus der Sichtweise des kollektiven Vereins. Ich MUSS \u2013 WIR \u2013 M\u00dcSSEN. Ja die BEIDEN gr\u00f6\u00dften in EINER meiner WeltEN; Microsoft &#038; Google\u201c<\/span> weiterlesen<\/a><\/p>\n","protected":false},"author":1,"featured_media":0,"comment_status":"open","ping_status":"open","sticky":false,"template":"","format":"standard","meta":[],"categories":[1],"tags":[],"_links":{"self":[{"href":"http:\/\/wordpress.gurbuz.net\/index.php?rest_route=\/wp\/v2\/posts\/217439"}],"collection":[{"href":"http:\/\/wordpress.gurbuz.net\/index.php?rest_route=\/wp\/v2\/posts"}],"about":[{"href":"http:\/\/wordpress.gurbuz.net\/index.php?rest_route=\/wp\/v2\/types\/post"}],"author":[{"embeddable":true,"href":"http:\/\/wordpress.gurbuz.net\/index.php?rest_route=\/wp\/v2\/users\/1"}],"replies":[{"embeddable":true,"href":"http:\/\/wordpress.gurbuz.net\/index.php?rest_route=%2Fwp%2Fv2%2Fcomments&post=217439"}],"version-history":[{"count":3,"href":"http:\/\/wordpress.gurbuz.net\/index.php?rest_route=\/wp\/v2\/posts\/217439\/revisions"}],"predecessor-version":[{"id":217442,"href":"http:\/\/wordpress.gurbuz.net\/index.php?rest_route=\/wp\/v2\/posts\/217439\/revisions\/217442"}],"wp:attachment":[{"href":"http:\/\/wordpress.gurbuz.net\/index.php?rest_route=%2Fwp%2Fv2%2Fmedia&parent=217439"}],"wp:term":[{"taxonomy":"category","embeddable":true,"href":"http:\/\/wordpress.gurbuz.net\/index.php?rest_route=%2Fwp%2Fv2%2Fcategories&post=217439"},{"taxonomy":"post_tag","embeddable":true,"href":"http:\/\/wordpress.gurbuz.net\/index.php?rest_route=%2Fwp%2Fv2%2Ftags&post=217439"}],"curies":[{"name":"wp","href":"https:\/\/api.w.org\/{rel}","templated":true}]}}