{"id":217425,"date":"2025-12-10T05:00:59","date_gmt":"2025-12-10T05:00:59","guid":{"rendered":"http:\/\/wordpress.gurbuz.net\/?p=217425"},"modified":"2025-12-10T05:02:32","modified_gmt":"2025-12-10T05:02:32","slug":"ay-ay-ay","status":"publish","type":"post","link":"http:\/\/wordpress.gurbuz.net\/?p=217425","title":{"rendered":"Ay &#8211; ay &#8211; AY"},"content":{"rendered":"<p>Zweibeiner,<br \/>\nSie verstehen NICHT k\u00f6nnen sie auch NICHT\u2026<br \/>\nTot IST DoD<\/p>\n<p><iframe loading=\"lazy\" title=\"C\u00e9line Dion - Think Twice (Official Remastered HD Video)\" width=\"525\" height=\"394\" src=\"https:\/\/www.youtube.com\/embed\/vGwIaL0jOUg?feature=oembed\" frameborder=\"0\" allow=\"accelerometer; autoplay; clipboard-write; encrypted-media; gyroscope; picture-in-picture; web-share\" referrerpolicy=\"strict-origin-when-cross-origin\" allowfullscreen><\/iframe><\/p>\n<p>\ud83d\ude09<\/p>\n<p><img loading=\"lazy\" class=\"\" src=\"http:\/\/www.gurbuz.net\/Yeni\/Screenshot 2025-12-10 055509.jpg\" alt=\"\" width=\"445\" height=\"300\" \/><\/p>\n<p>&#8222;Kurz gesagt: Sinan Selen, Pr\u00e4sident des Bundesamts f\u00fcr Verfassungsschutz, fordert tats\u00e4chlich mehr Befugnisse f\u00fcr seine Beh\u00f6rde \u2013 vor allem wegen der gestiegenen Bedrohung durch hybride Angriffe, Spionage und Sabotage. Gleichzeitig wird in Deutschland intensiv \u00fcber die Balance zwischen Sicherheit und Kontrolle diskutiert, da Geheimdienste wie BfV, BND und MAD ihre Kompetenzen ausweiten wollen.<br \/>\nHintergrund zu Sinan Selen und den Befugnissen<br \/>\n\u2022 Wer ist Selen? Sinan Selen ist seit 2020 Pr\u00e4sident des Bundesamts f\u00fcr Verfassungsschutz (BfV). Er gilt als erfahrener Sicherheitsexperte mit Praxis im Bereich Terrorismusbek\u00e4mpfung und Spionageabwehr.<br \/>\n\u2022 Was fordert er? Angesichts hybrider Bedrohungen \u2013 etwa russisch gesteuerter Angriffe wie der Paketbrand am Flughafen Leipzig\/Halle \u2013 wirbt er f\u00fcr mehr Befugnisse und eine engere Zusammenarbeit mit Bundeswehr und anderen Sicherheitsbeh\u00f6rden.<br \/>\n\u2022 Multiplen Bedrohungen: Selen betont, dass Deutschland gleichzeitig mit Rechtsextremismus, Linksextremismus, islamistischem Terrorismus und ausl\u00e4ndischer Spionage konfrontiert ist.<br \/>\n\u2696\ufe0f Befugnisse vs. Kontrolle<br \/>\n\u2022 Kontrollfrage: Kritiker warnen, dass mehr Macht f\u00fcr Geheimdienste ohne ausreichende parlamentarische Kontrolle gef\u00e4hrlich w\u00e4re. Gerade in Deutschland, mit seiner Geschichte, ist die Balance zwischen Sicherheit und Freiheit besonders sensibel.<br \/>\n\u2022 MAD-Beispiel: Der Milit\u00e4rische Abschirmdienst (MAD) musste mehrfach Soldaten wegen rechtsextremer Umtriebe aus der Armee entfernen \u2013 ein Hinweis darauf, dass Kontrolle innerhalb der Dienste notwendig bleibt.<br \/>\n\u2022 Debatte: In Bundestagsanh\u00f6rungen wird diskutiert, ob Geheimdienste in Kriegs- und Krisenzeiten weniger Kontrolle brauchen, um schneller handeln zu k\u00f6nnen, oder ob gerade dann mehr Kontrolle n\u00f6tig ist.<br \/>\nSpionage und Verrat<br \/>\n\u2022 Nicht nur Russland: Zwar stehen russische Operationen im Fokus, aber Selen betont, dass Bedrohungen multipolar sind \u2013 auch andere Staaten und Netzwerke betreiben Spionage und Sabotage.<br \/>\n\u2022 Festnahmen: F\u00e4lle von Verrat, Fahnenflucht oder Wirtschaftskriminalit\u00e4t sind schwer beweisbar, da sie oft im Graubereich zwischen Spionage und organisierter Kriminalit\u00e4t liegen.<br \/>\n\u2022 Hybride Kriegsf\u00fchrung: Ziel solcher Angriffe ist nicht nur milit\u00e4rische Information, sondern auch die Destabilisierung der Wirtschaft und Gesellschaft.<br \/>\nFazit<br \/>\nDie Wahrheit, wie du sagst, ist unbequem: Deutschland steht zwischen dem Druck, seine Sicherheitsbeh\u00f6rden zu st\u00e4rken, und der Pflicht, demokratische Kontrolle zu wahren. Selen fordert mehr Befugnisse, doch die entscheidende Frage bleibt: Bis wohin darf ein Geheimdienst gehen, ohne die Grundrechte zu gef\u00e4hrden?<br \/>\nIch k\u00f6nnte f\u00fcr dich eine Gegen\u00fcberstellung der Argumente erstellen \u2013 Bef\u00fcrworter vs. Kritiker der erweiterten Befugnisse von Verfassungsschutz, BND und MAD. Das w\u00fcrde die Spannungen zwischen Sicherheit und Freiheit klar sichtbar machen. Willst du, dass ich das f\u00fcr dich strukturiere?&#8220;<\/p>\n","protected":false},"excerpt":{"rendered":"<p>Zweibeiner, Sie verstehen NICHT k\u00f6nnen sie auch NICHT\u2026 Tot IST DoD \ud83d\ude09 &#8222;Kurz gesagt: Sinan Selen, Pr\u00e4sident des Bundesamts f\u00fcr Verfassungsschutz, fordert tats\u00e4chlich mehr Befugnisse f\u00fcr seine Beh\u00f6rde \u2013 vor allem wegen der gestiegenen Bedrohung durch hybride Angriffe, Spionage und Sabotage. Gleichzeitig wird in Deutschland intensiv \u00fcber die Balance zwischen Sicherheit und Kontrolle diskutiert, da &hellip; <\/p>\n<p class=\"link-more\"><a href=\"http:\/\/wordpress.gurbuz.net\/?p=217425\" class=\"more-link\"><span class=\"screen-reader-text\">\u201eAy &#8211; ay &#8211; AY\u201c<\/span> weiterlesen<\/a><\/p>\n","protected":false},"author":1,"featured_media":0,"comment_status":"open","ping_status":"open","sticky":false,"template":"","format":"standard","meta":[],"categories":[1],"tags":[],"_links":{"self":[{"href":"http:\/\/wordpress.gurbuz.net\/index.php?rest_route=\/wp\/v2\/posts\/217425"}],"collection":[{"href":"http:\/\/wordpress.gurbuz.net\/index.php?rest_route=\/wp\/v2\/posts"}],"about":[{"href":"http:\/\/wordpress.gurbuz.net\/index.php?rest_route=\/wp\/v2\/types\/post"}],"author":[{"embeddable":true,"href":"http:\/\/wordpress.gurbuz.net\/index.php?rest_route=\/wp\/v2\/users\/1"}],"replies":[{"embeddable":true,"href":"http:\/\/wordpress.gurbuz.net\/index.php?rest_route=%2Fwp%2Fv2%2Fcomments&post=217425"}],"version-history":[{"count":2,"href":"http:\/\/wordpress.gurbuz.net\/index.php?rest_route=\/wp\/v2\/posts\/217425\/revisions"}],"predecessor-version":[{"id":217427,"href":"http:\/\/wordpress.gurbuz.net\/index.php?rest_route=\/wp\/v2\/posts\/217425\/revisions\/217427"}],"wp:attachment":[{"href":"http:\/\/wordpress.gurbuz.net\/index.php?rest_route=%2Fwp%2Fv2%2Fmedia&parent=217425"}],"wp:term":[{"taxonomy":"category","embeddable":true,"href":"http:\/\/wordpress.gurbuz.net\/index.php?rest_route=%2Fwp%2Fv2%2Fcategories&post=217425"},{"taxonomy":"post_tag","embeddable":true,"href":"http:\/\/wordpress.gurbuz.net\/index.php?rest_route=%2Fwp%2Fv2%2Ftags&post=217425"}],"curies":[{"name":"wp","href":"https:\/\/api.w.org\/{rel}","templated":true}]}}