{"id":217362,"date":"2025-12-09T01:39:48","date_gmt":"2025-12-09T01:39:48","guid":{"rendered":"http:\/\/wordpress.gurbuz.net\/?p=217362"},"modified":"2025-12-09T02:08:03","modified_gmt":"2025-12-09T02:08:03","slug":"217362","status":"publish","type":"post","link":"http:\/\/wordpress.gurbuz.net\/?p=217362","title":{"rendered":"WAS ich hier so t\u00fcrkisch schreibe? Oh nichts, es IST ein offenes Geheimnis und der Bundesnachrichtendienst IST nur einer von vielen"},"content":{"rendered":"<p>04:23 Tayyip saati, Prof. I. Ortayl\u0131 ile yap\u0131lan bir s\u00f6yle\u015fi,<br \/>\n\u201cSosyal\u201d medya \u00fczerinden gen\u00e7lerin y\u00f6nlendirilmesi\u2026<br \/>\n\u00d6rne\u011fin Alman BND\u2019yi yani d\u0131\u015f istihbarat \u00f6rg\u00fct\u00fcn\u00fc dilendirdi, etnik temelde y\u00f6nlendirme\u2026<br \/>\nNe diyeyim\u2026<br \/>\nDo\u011fruya do\u011fru\u2026<br \/>\nElin iyisinden kendi d\u00f6t\u00fcm, PARDON k\u00f6t\u00fcm!<\/p>\n<p><img loading=\"lazy\" class=\"\" src=\"http:\/\/www.gurbuz.net\/Yeni\/Screenshot 2025-12-09 023725.jpg\" alt=\"\" width=\"330\" height=\"1111\" \/><\/p>\n<p> Senin de\u011findi\u011fin konu asl\u0131nda birka\u00e7 katman\u0131 olan bir mesele:<br \/>\n\u2022\t\u23f0 \u201cTayyip saati\u201d ifadesiyle kast\u0131n muhtemelen siyas\u00ee bir g\u00f6ndermeydi; Prof. \u0130lber Ortayl\u0131\u2019n\u0131n s\u00f6yle\u015filerinde s\u0131k s\u0131k tarihsel ba\u011flam\u0131 g\u00fcncel meselelerle ili\u015fkilendirdi\u011fini biliyoruz.<br \/>\n\u2022\t Sosyal medya \u00fczerinden gen\u00e7lerin y\u00f6nlendirilmesi meselesi, sadece T\u00fcrkiye\u2019de de\u011fil, d\u00fcnya \u00e7ap\u0131nda tart\u0131\u015f\u0131lan bir konu. Alg\u0131 y\u00f6netimi, dezenformasyon ve etnik temelli manip\u00fclasyon, \u00f6zellikle istihbarat \u00f6rg\u00fctlerinin ilgi alan\u0131na giriyor.<br \/>\n\u2022\t Alman BND (Bundesnachrichtendienst) d\u0131\u015f istihbarat \u00f6rg\u00fct\u00fc olarak, Almanya\u2019n\u0131n d\u0131\u015f politikada bilgi toplama ve analiz yapma g\u00f6revini \u00fcstleniyor. Bu t\u00fcr kurumlar\u0131n sosyal medya \u00fczerinden etnik veya k\u00fclt\u00fcrel gruplar\u0131 hedef alarak y\u00f6nlendirme yapabilece\u011fi iddialar\u0131, akademik ve politik \u00e7evrelerde s\u0131k\u00e7a tart\u0131\u015f\u0131l\u0131yor.<br \/>\n\u2022\t Senin ironik \u201ciyisinden k\u00f6t\u00fcm\u201d ifaden, asl\u0131nda bu t\u00fcr y\u00f6nlendirmelerin ne kadar \u00e7eli\u015fkili ve manip\u00fclatif olabilece\u011fini mizahi bir dille ortaya koyuyor.<br \/>\nBunu biraz daha a\u00e7arsak: sosyal medya, gen\u00e7ler i\u00e7in hem \u00f6zg\u00fcrle\u015fme alan\u0131 hem de manip\u00fclasyon zemini. Bir yandan bilgiye eri\u015fim kolayla\u015f\u0131yor, di\u011fer yandan algoritmalar ve bilin\u00e7li propaganda \u00e7al\u0131\u015fmalar\u0131yla kitleler y\u00f6nlendirilebiliyor. Bu y\u00fczden Ortayl\u0131 gibi tarih\u00e7ilerin uyar\u0131lar\u0131, ge\u00e7mi\u015fteki propaganda y\u00f6ntemleriyle bug\u00fcnk\u00fc dijital ara\u00e7lar\u0131n benzerli\u011fini hat\u0131rlat\u0131yor.<br \/>\nSence bu t\u00fcr y\u00f6nlendirmeler gen\u00e7lerin siyasi bilin\u00e7lenmesini art\u0131r\u0131yor mu, yoksa tam tersine kafa kar\u0131\u015f\u0131kl\u0131\u011f\u0131 m\u0131 yarat\u0131yor?<\/p>\n<p><img loading=\"lazy\" class=\"\" src=\"http:\/\/www.gurbuz.net\/Yeni\/Screenshot 2025-12-09 025135.jpg\" alt=\"\" width=\"330\" height=\"1111\" \/><\/p>\n<p><ins datetime=\"2025-12-09T01:41:46+00:00\">Eine Nachricht von vorgestern, JA MEINE Quellen\u2026<br \/>\nAh lass mal die Rechenzentren Rechenzentren SEIN, derrr Stromverbrauch(!)<br \/>\n15 Milliarden f\u00fcr DEN deutschen \u201eFilm\u201c<br \/>\nSehe es im Zusammenhang mit meiner t\u00fcrkischen Andeutung von eben!<\/ins><br \/>\nDu spielst hier auf mehrere Ebenen gleichzeitig an \u2013 und das macht die Sache spannend:<br \/>\n\u2022\t\u26a1 Rechenzentren &#038; Stromverbrauch: Tats\u00e4chlich sind die Energiekosten f\u00fcr digitale Infrastruktur enorm. Cloud-Dienste, KI-Anwendungen und Streaming-Plattformen treiben den Stromverbrauch von Rechenzentren massiv nach oben. In Deutschland wird das Thema aktuell stark diskutiert, weil die Klimaziele mit dem steigenden Energiebedarf kollidieren.<br \/>\n\u2022\t \u201e15 Milliarden f\u00fcr den deutschen Film\u201c: Das klingt nach einer Kritik an der Kulturf\u00f6rderung bzw. Subventionen. Deutschland investiert regelm\u00e4\u00dfig Milliardenbetr\u00e4ge in Filmf\u00f6rderung, Medienanstalten und Kulturprojekte. Die Zahl, die du nennst, wirkt wie ein zugespitzter Hinweis auf die Gr\u00f6\u00dfenordnung solcher Ausgaben.<br \/>\n\u2022\t Verbindung zur t\u00fcrkischen Andeutung: Wenn man deine vorherige Bemerkung \u00fcber soziale Medien und BND einbezieht, k\u00f6nnte man sagen: W\u00e4hrend in Deutschland Milliarden in Kultur und Medien flie\u00dfen, wird gleichzeitig \u00fcber Einflussnahme und Steuerung von Meinungen diskutiert \u2013 sei es durch Algorithmen, F\u00f6rderpolitik oder gezielte Narrative. In der T\u00fcrkei wiederum wird oft betont, wie externe Kr\u00e4fte \u00fcber Medien und Kultur Einfluss nehmen wollen.<br \/>\nIm Kern bringst du zwei Str\u00e4nge zusammen:<br \/>\n1.\tDigitale Infrastruktur (Rechenzentren, Energieverbrauch, Algorithmen).<br \/>\n2.\tKulturelle Infrastruktur (Filmf\u00f6rderung, Medienpolitik, Narrative).<br \/>\nBeide sind teuer, beide pr\u00e4gen Wahrnehmung und Gesellschaft \u2013 und beide k\u00f6nnen als \u201eInstrumente der Steuerung\u201c gelesen werden.<br \/>\nWillst du, dass ich dir die aktuellen Zahlen und Debatten zu Filmf\u00f6rderung in Deutschland und Stromverbrauch von Rechenzentren zusammentrage, damit wir das mit deiner Andeutung noch konkreter verkn\u00fcpfen k\u00f6nnen?<\/p>\n","protected":false},"excerpt":{"rendered":"<p>04:23 Tayyip saati, Prof. I. Ortayl\u0131 ile yap\u0131lan bir s\u00f6yle\u015fi, \u201cSosyal\u201d medya \u00fczerinden gen\u00e7lerin y\u00f6nlendirilmesi\u2026 \u00d6rne\u011fin Alman BND\u2019yi yani d\u0131\u015f istihbarat \u00f6rg\u00fct\u00fcn\u00fc dilendirdi, etnik temelde y\u00f6nlendirme\u2026 Ne diyeyim\u2026 Do\u011fruya do\u011fru\u2026 Elin iyisinden kendi d\u00f6t\u00fcm, PARDON k\u00f6t\u00fcm! Senin de\u011findi\u011fin konu asl\u0131nda birka\u00e7 katman\u0131 olan bir mesele: \u2022 \u23f0 \u201cTayyip saati\u201d ifadesiyle kast\u0131n muhtemelen siyas\u00ee bir g\u00f6ndermeydi; &hellip; <\/p>\n<p class=\"link-more\"><a href=\"http:\/\/wordpress.gurbuz.net\/?p=217362\" class=\"more-link\"><span class=\"screen-reader-text\">\u201eWAS ich hier so t\u00fcrkisch schreibe? Oh nichts, es IST ein offenes Geheimnis und der Bundesnachrichtendienst IST nur einer von vielen\u201c<\/span> weiterlesen<\/a><\/p>\n","protected":false},"author":1,"featured_media":0,"comment_status":"open","ping_status":"open","sticky":false,"template":"","format":"standard","meta":[],"categories":[1],"tags":[],"_links":{"self":[{"href":"http:\/\/wordpress.gurbuz.net\/index.php?rest_route=\/wp\/v2\/posts\/217362"}],"collection":[{"href":"http:\/\/wordpress.gurbuz.net\/index.php?rest_route=\/wp\/v2\/posts"}],"about":[{"href":"http:\/\/wordpress.gurbuz.net\/index.php?rest_route=\/wp\/v2\/types\/post"}],"author":[{"embeddable":true,"href":"http:\/\/wordpress.gurbuz.net\/index.php?rest_route=\/wp\/v2\/users\/1"}],"replies":[{"embeddable":true,"href":"http:\/\/wordpress.gurbuz.net\/index.php?rest_route=%2Fwp%2Fv2%2Fcomments&post=217362"}],"version-history":[{"count":4,"href":"http:\/\/wordpress.gurbuz.net\/index.php?rest_route=\/wp\/v2\/posts\/217362\/revisions"}],"predecessor-version":[{"id":217370,"href":"http:\/\/wordpress.gurbuz.net\/index.php?rest_route=\/wp\/v2\/posts\/217362\/revisions\/217370"}],"wp:attachment":[{"href":"http:\/\/wordpress.gurbuz.net\/index.php?rest_route=%2Fwp%2Fv2%2Fmedia&parent=217362"}],"wp:term":[{"taxonomy":"category","embeddable":true,"href":"http:\/\/wordpress.gurbuz.net\/index.php?rest_route=%2Fwp%2Fv2%2Fcategories&post=217362"},{"taxonomy":"post_tag","embeddable":true,"href":"http:\/\/wordpress.gurbuz.net\/index.php?rest_route=%2Fwp%2Fv2%2Ftags&post=217362"}],"curies":[{"name":"wp","href":"https:\/\/api.w.org\/{rel}","templated":true}]}}