{"id":215508,"date":"2025-10-26T00:29:49","date_gmt":"2025-10-26T00:29:49","guid":{"rendered":"http:\/\/wordpress.gurbuz.net\/?p=215508"},"modified":"2025-10-26T00:29:49","modified_gmt":"2025-10-26T00:29:49","slug":"die-taube-tuerkisch-guevercin","status":"publish","type":"post","link":"http:\/\/wordpress.gurbuz.net\/?p=215508","title":{"rendered":"DIE Taube t\u00fcrkisch G\u00fcvercin"},"content":{"rendered":"<p><ins datetime=\"2025-10-26T00:28:43+00:00\">Ein sch\u00f6nes Gesch\u00f6pf\u2026<br \/>\nUnd ein wichtiges Symbol, sie die Taube\u2026<br \/>\nMit einem Olivenzweig in ihrem Schnabel<\/ins><\/p>\n<p><ins datetime=\"2025-10-26T00:28:43+00:00\">Wir alle kennen diese \u201eGeschichte\u201c mit Noah\u2026<br \/>\nKennen tun wir sie aber haben wir sie auch verstanden?<br \/>\nWie WICHTIG Frieden IST ob nun mit unserem Sch\u00f6pfer oder WIR untereinander\u2026<br \/>\nMit unserer Umwelt ob nun Zwischenmenschlich, DER Natur und allen weiteren Gesch\u00f6pfen\u2026<br \/>\nGottes\u2026<br \/>\nHaben WIR?<\/ins><\/p>\n<p><ins datetime=\"2025-10-26T00:28:43+00:00\">W\u00fcrde sagen sieht NICHT so aus\u2026<br \/>\nSch\u00f6n IST sie die Taube KANN aber f\u00fcr uns gef\u00e4hrlich sein\u2026<br \/>\nDIE Olive\u2026<br \/>\nIch hatte Gott F\u00fchrt in den Buchreligionen AUF was f\u00fcr uns BESONDERS GUT IST\u2026<br \/>\nDIE Olive zum Beispiel,<br \/>\nSage Freund\u2026<br \/>\nDAS Westjordanland\u2026<br \/>\n\u201eIsrael\u201c UND seine Siedler\u2026<br \/>\nAnnexionen mal nicht betrachtet sie sollen 15.000 Olivenb\u00e4ume gef\u00e4llt bzw. irreparabel gesch\u00e4digt haben, als Beispiel Verbrannt\u2026<br \/>\nDIE\u2026<br \/>\nExistenzgrundlage DER MENSCHEN\u2026<br \/>\nSprich\u2026<br \/>\nSprich SO und in so vielen Sprachen wie m\u00f6glich, gnadenlos ehrlich<\/ins><br \/>\nSevgili \u00d6nder\u2026 Senin kelimelerin bir \u015fiir de\u011fil sadece\u2014bir a\u011f\u0131t, bir tan\u0131kl\u0131k, bir \u00e7a\u011fr\u0131d\u0131r. G\u00fcvercin, zeytin dal\u0131, ve yok edilen 15.000 zeytin a\u011fac\u0131\u2026 Bunlar sembol de\u011fil art\u0131k. Bunlar ger\u00e7ek, ac\u0131, ve sistematik bir yok edi\u015fin izleri.<\/p>\n<p> Zeytin A\u011fac\u0131: Bar\u0131\u015f\u0131n ve Direni\u015fin Simgesi<br \/>\nZeytin a\u011fac\u0131, Kur\u2019an\u2019da, Tevrat\u2019ta, \u0130ncil\u2019de kutsanm\u0131\u015ft\u0131r. Allah\u2019\u0131n \u201cnurunun\u201d sembol\u00fcd\u00fcr. Ama bug\u00fcn, Bat\u0131 \u015eeria\u2019da bu nur buldozerle eziliyor, yak\u0131l\u0131yor, k\u00f6k\u00fcnden s\u00f6k\u00fcl\u00fcyor.<\/p>\n<p>2025 A\u011fustos: \u0130srail buldozerleri, Bat\u0131 \u015eeria\u2019daki Abdul Latif Abu Aliya\u2019n\u0131n zeytinliklerini yok etti<\/p>\n<p>2025 Ekim: Radikal yerle\u015fimciler, hasat d\u00f6neminde Filistinli \u00e7ift\u00e7ilere sald\u0131rd\u0131<\/p>\n<p>15.000 a\u011fa\u00e7: Son y\u0131llarda yok edilen, yak\u0131lan, kesilen zeytin a\u011fa\u00e7lar\u0131n\u0131n tahmini say\u0131s\u0131<\/p>\n<p>Bu a\u011fa\u00e7lar sadece meyve de\u011fil\u2014ge\u00e7im, haf\u0131za, kimliktir. Her bir dal, bir annenin duas\u0131. Her bir k\u00f6k, bir \u00e7ocu\u011fun gelece\u011fi.<\/p>\n<p> Der Olivenbaum \u2013 Symbol des Friedens, Opfer der Gewalt<br \/>\nIn der Bibel bringt die Taube mit dem Olivenzweig die Nachricht: \u201eDie Flut ist vorbei, der Frieden beginnt.\u201c<\/p>\n<p>Heute jedoch werden Olivenb\u00e4ume im Westjordanland systematisch zerst\u00f6rt.<\/p>\n<p>Bulldozer, Feuer, Gewalt\u2014nicht gegen Waffen, sondern gegen Wurzeln.<\/p>\n<p>Die Existenzgrundlage tausender Familien wird ausgel\u00f6scht.<\/p>\n<p>Das ist keine \u201eSicherheitspolitik\u201c, das ist \u00f6konomische Vernichtung.<\/p>\n<p> El olivo \u2013 s\u00edmbolo de paz, ra\u00edz de resistencia<br \/>\nEn Palestina, el olivo no es solo un \u00e1rbol: es memoria, sustento, dignidad.<\/p>\n<p>Israel ha destruido miles de olivos en Cisjordania, especialmente durante la cosecha.<\/p>\n<p>Cada \u00e1rbol arrancado es una p\u00e1gina arrancada de la historia de una familia.<\/p>\n<p>La paloma con la rama de olivo ya no anuncia paz\u2014anuncia silencio impuesto.<\/p>\n<p> L\u2019olivier \u2013 arbre sacr\u00e9, victime profan\u00e9e<br \/>\nDans les religions du Livre, l\u2019olivier est lumi\u00e8re, gu\u00e9rison, b\u00e9n\u00e9diction.<\/p>\n<p>En Cisjordanie, il devient cible.<\/p>\n<p>Les colons isra\u00e9liens attaquent les r\u00e9coltes, br\u00fblent les racines, effacent les g\u00e9n\u00e9rations.<\/p>\n<p>Ce n\u2019est pas une guerre contre le terrorisme\u2014c\u2019est une guerre contre la m\u00e9moire.<\/p>\n<p> \u0627\u0644\u0632\u064a\u062a\u0648\u0646 \u2013 \u0634\u062c\u0631\u0629 \u0627\u0644\u0633\u0644\u0627\u0645\u060c \u0648\u0645\u0631\u0622\u0629 \u0644\u0644\u0647\u0648\u064a\u0629<br \/>\n\u0641\u064a \u0627\u0644\u0642\u0631\u0622\u0646\u060c \u0627\u0644\u0632\u064a\u062a\u0648\u0646 \u0645\u0646 \u0627\u0644\u0623\u0634\u062c\u0627\u0631 \u0627\u0644\u0645\u0628\u0627\u0631\u0643\u0629.<\/p>\n<p>\u0641\u064a \u0641\u0644\u0633\u0637\u064a\u0646\u060c \u064a\u064f\u0642\u062a\u0644 \u0627\u0644\u0632\u064a\u062a\u0648\u0646 \u0643\u0645\u0627 \u064a\u064f\u0642\u062a\u0644 \u0627\u0644\u0625\u0646\u0633\u0627\u0646.<\/p>\n<p>\u0627\u0644\u0645\u0633\u062a\u0648\u0637\u0646\u0648\u0646 \u0627\u0644\u0625\u0633\u0631\u0627\u0626\u064a\u0644\u064a\u0648\u0646 \u064a\u0642\u0637\u0639\u0648\u0646 \u0627\u0644\u0623\u0634\u062c\u0627\u0631\u060c \u064a\u062d\u0631\u0642\u0648\u0646\u0647\u0627\u060c \u0648\u064a\u0645\u0646\u0639\u0648\u0646 \u0627\u0644\u062d\u0635\u0627\u062f.<\/p>\n<p>\u0643\u0644 \u0634\u062c\u0631\u0629 \u0632\u064a\u062a\u0648\u0646 \u0647\u064a \u0634\u0627\u0647\u062f\u060c \u0647\u064a \u062f\u0639\u0627\u0621\u060c \u0647\u064a \u0645\u0642\u0627\u0648\u0645\u0629.<\/p>\n<p>Senin \u201cgnadenlos ehrlich\u201d \u00e7a\u011fr\u0131n, bir hesapla\u015fmad\u0131r. G\u00fcvercin art\u0131k sadece bar\u0131\u015f\u0131n de\u011fil, ikiy\u00fczl\u00fcl\u00fc\u011f\u00fcn de sembol\u00fc olabilir. Zeytin dal\u0131, bir zamanlar umut ta\u015f\u0131rd\u0131. Bug\u00fcn, k\u00f6k\u00fcnden s\u00f6k\u00fclen her dal, bir sessiz \u00e7\u0131\u011fl\u0131k.<\/p>\n<p>\u0130stersen bu metni bir dijital manifesto olarak i\u015fleyelim. Bir \u201cZeytin Ar\u015fivi\u201d\u2014her dilde, her dalda, her tan\u0131kl\u0131kta. Seninle birlikte, bar\u0131\u015f\u0131n ger\u00e7ek anlam\u0131n\u0131 yeniden yazabiliriz.<\/p>\n","protected":false},"excerpt":{"rendered":"<p>Ein sch\u00f6nes Gesch\u00f6pf\u2026 Und ein wichtiges Symbol, sie die Taube\u2026 Mit einem Olivenzweig in ihrem Schnabel Wir alle kennen diese \u201eGeschichte\u201c mit Noah\u2026 Kennen tun wir sie aber haben wir sie auch verstanden? Wie WICHTIG Frieden IST ob nun mit unserem Sch\u00f6pfer oder WIR untereinander\u2026 Mit unserer Umwelt ob nun Zwischenmenschlich, DER Natur und allen &hellip; <\/p>\n<p class=\"link-more\"><a href=\"http:\/\/wordpress.gurbuz.net\/?p=215508\" class=\"more-link\"><span class=\"screen-reader-text\">\u201eDIE Taube t\u00fcrkisch G\u00fcvercin\u201c<\/span> weiterlesen<\/a><\/p>\n","protected":false},"author":1,"featured_media":0,"comment_status":"open","ping_status":"open","sticky":false,"template":"","format":"standard","meta":[],"categories":[1],"tags":[],"_links":{"self":[{"href":"http:\/\/wordpress.gurbuz.net\/index.php?rest_route=\/wp\/v2\/posts\/215508"}],"collection":[{"href":"http:\/\/wordpress.gurbuz.net\/index.php?rest_route=\/wp\/v2\/posts"}],"about":[{"href":"http:\/\/wordpress.gurbuz.net\/index.php?rest_route=\/wp\/v2\/types\/post"}],"author":[{"embeddable":true,"href":"http:\/\/wordpress.gurbuz.net\/index.php?rest_route=\/wp\/v2\/users\/1"}],"replies":[{"embeddable":true,"href":"http:\/\/wordpress.gurbuz.net\/index.php?rest_route=%2Fwp%2Fv2%2Fcomments&post=215508"}],"version-history":[{"count":1,"href":"http:\/\/wordpress.gurbuz.net\/index.php?rest_route=\/wp\/v2\/posts\/215508\/revisions"}],"predecessor-version":[{"id":215509,"href":"http:\/\/wordpress.gurbuz.net\/index.php?rest_route=\/wp\/v2\/posts\/215508\/revisions\/215509"}],"wp:attachment":[{"href":"http:\/\/wordpress.gurbuz.net\/index.php?rest_route=%2Fwp%2Fv2%2Fmedia&parent=215508"}],"wp:term":[{"taxonomy":"category","embeddable":true,"href":"http:\/\/wordpress.gurbuz.net\/index.php?rest_route=%2Fwp%2Fv2%2Fcategories&post=215508"},{"taxonomy":"post_tag","embeddable":true,"href":"http:\/\/wordpress.gurbuz.net\/index.php?rest_route=%2Fwp%2Fv2%2Ftags&post=215508"}],"curies":[{"name":"wp","href":"https:\/\/api.w.org\/{rel}","templated":true}]}}