{"id":215382,"date":"2025-10-24T07:57:12","date_gmt":"2025-10-24T07:57:12","guid":{"rendered":"http:\/\/wordpress.gurbuz.net\/?p=215382"},"modified":"2025-10-24T08:01:42","modified_gmt":"2025-10-24T08:01:42","slug":"215382","status":"publish","type":"post","link":"http:\/\/wordpress.gurbuz.net\/?p=215382","title":{"rendered":"Mehmed\u2019in i\u015fine d\u00f6nd\u00fc"},"content":{"rendered":"<p>Kar\u0131 k\u00f6yl\u00fc\u2026<br \/>\nOlmak bir halk deyimidir, NEDEN olmas\u0131n, olmayal\u0131m?<br \/>\nKalbimizi vermi\u015fiz\u2026<br \/>\nEmanettedir, emanet\u00e7inin elinde\u2026<br \/>\nYavrular\u0131m\u0131z\u0131n m\u00fcstakbel analar\u0131, belki BIRLIKTE sadece bir yast\u0131\u011fa ba\u015f koymayaca\u011f\u0131z\u2026<br \/>\n\u0130htiyarlayaca\u011f\u0131z. Birlikte ihtiyarlarsak \u015fayet, hayat\u0131n do\u011fas\u0131nda var\u2026<br \/>\nNormal yani, \u00d6NCE onlar g\u00f6mecek bizi sonra ard\u0131m\u0131zdan gelecekler gitti\u011fimiz yere VEYA\u2026<br \/>\nHani Allah korusun, OLMASIN b\u00f6ylesi\u2026<br \/>\nElimizde KALIRLAR \u00e7i\u011fner ge\u00e7eriz de\u011fi\u015fik vesile VE NEDENLER ILE<\/p>\n<p>&#8230;<\/p>\n<p><img loading=\"lazy\" class=\"\" src=\"http:\/\/www.gurbuz.net\/Yeni\/Screenshot 2025-10-24 095431.jpg\" alt=\"\" width=\"330\" height=\"1023\" \/><\/p>\n<p>Bu metin, \u00d6NDER, hem bir a\u011f\u0131t hem bir toplumsal te\u015fhis gibi okunuyor. \u201cKar\u0131 k\u00f6yl\u00fc\u2026\u201d ifadesiyle ba\u015flayan sat\u0131rlar, halk deyimlerinin ard\u0131ndaki derinlikleri sorgularken, ayn\u0131 zamanda bir k\u00fclt\u00fcrel \u00e7\u00f6z\u00fclmeyi de g\u00f6zler \u00f6n\u00fcne seriyor. Senin kaleminde bu deyim, ne k\u00fc\u00e7\u00fcmseyici ne y\u00fcceltici\u2014bir aynaya d\u00f6n\u00fc\u015f\u00fcyor. Hem yaz\u0131yor hem yazm\u0131yor kitab\u0131m\u0131zda diyorsun; yani hem var hem yok, hem kabul hem ink\u00e2r.<\/p>\n<p>Baz\u0131 tematik damarlar:<br \/>\n Emanet ve aidiyet:<\/p>\n<p>\u201cKalbimizi vermi\u015fiz\u2026 Emanettedir, emanet\u00e7inin elinde\u2026\u201d Bu sat\u0131r, sevginin ve g\u00fcvenin bir ba\u015fkas\u0131na teslim edilmesinin hem kutsall\u0131\u011f\u0131n\u0131 hem k\u0131r\u0131lganl\u0131\u011f\u0131n\u0131 ta\u015f\u0131yor. Emanet, sadece bir nesne de\u011fil\u2014bir kader.<\/p>\n<p> Zaman\u0131n d\u00f6ng\u00fcs\u00fc ve ihtiyarl\u0131k:<\/p>\n<p>\u201cBirlikte ihtiyarlarsak \u015fayet, hayat\u0131n do\u011fas\u0131nda var\u2026\u201d Burada hayat\u0131n do\u011fal ak\u0131\u015f\u0131yla bar\u0131\u015f\u0131k bir kabulleni\u015f var. Ama hemen ard\u0131ndan gelen \u201cAllah korusun\u2026\u201d ile bu bar\u0131\u015f, bir endi\u015feyle sars\u0131l\u0131yor. \u00c7\u00fcnk\u00fc ihtimal var: Elimizde kalabilirler. Bu, hem fiziksel hem duygusal bir terk edili\u015fin metaforu.<\/p>\n<p>\u200d\u200d\u200d Aile yap\u0131s\u0131n\u0131n \u00e7\u00f6z\u00fcl\u00fc\u015f\u00fc:<\/p>\n<p>\u201cAile darmaduman\u2026\u201d Bu c\u00fcmle, sadece bir g\u00f6zlem de\u011fil\u2014bir te\u015fhis. Geleneksel yap\u0131n\u0131n \u00e7at\u0131rdad\u0131\u011f\u0131, bireysel tutkular\u0131n kolektif de\u011ferleri ezdi\u011fi bir tablo \u00e7iziyorsun. O\u011flan\u0131n a\u015fk\u0131, anay\u0131 babay\u0131 \u00e7i\u011fniyor. Bu, sadece bir a\u015fk hik\u00e2yesi de\u011fil; bir ku\u015fak \u00e7at\u0131\u015fmas\u0131, bir de\u011ferler sava\u015f\u0131.<\/p>\n<p> Kad\u0131nlar ve \u00f6nyarg\u0131:<\/p>\n<p>\u201cSa\u00e7\u0131 uzun akl\u0131 k\u0131sa\u2026\u201d Bu deyimi kullan\u0131rken, asl\u0131nda onun \u00f6nyarg\u0131 oldu\u011funu da ima ediyorsun. Ama metin boyunca kad\u0131nlar hem ta\u015f\u0131y\u0131c\u0131 hem kurban. Yedi kad\u0131n, bir erkek yok. Bu, hem bir g\u00fc\u00e7 hem bir yaln\u0131zl\u0131k.<\/p>\n<p> Dualar ve dilekler:<\/p>\n<p>\u201cEVLADIN DA hay\u0131rl\u0131s\u0131n\u0131 versin\u2026\u201d Sonunda yine duaya d\u00f6n\u00fcyorsun. \u00c7\u00fcnk\u00fc ne olursa olsun, insan\u0131n en b\u00fcy\u00fck temennisi hay\u0131rl\u0131 evlat. Bu, hem bireysel hem toplumsal bir \u00f6zlemin ifadesi.<\/p>\n<p>\u0130stersen bu metni bir sosyal patoloji te\u015fhisi olarak nSOSYAL \u00e7er\u00e7evesine oturtabiliriz. Ya da bir aile yap\u0131s\u0131 \u00fczerine dijital manifestoya d\u00f6n\u00fc\u015ft\u00fcrebiliriz. Belki de sadece bir sesli ar\u015fiv, bir hik\u00e2ye anlat\u0131m\u0131 olarak kalmal\u0131\u2014\u00e7\u00fcnk\u00fc her kelime, bir tan\u0131kl\u0131k.<\/p>\n<p>Seninle birlikte bu metni yap\u0131land\u0131rmak isterim. Ba\u015fl\u0131k \u00f6nerisi mi istersin? Yoksa bu metni \u00fc\u00e7 dilde (T\u00fcrk\u00e7e, Almanca, \u0130ngilizce) bir ar\u015fiv par\u00e7as\u0131na m\u0131 d\u00f6n\u00fc\u015ft\u00fcrelim?<\/p>\n","protected":false},"excerpt":{"rendered":"<p>Kar\u0131 k\u00f6yl\u00fc\u2026 Olmak bir halk deyimidir, NEDEN olmas\u0131n, olmayal\u0131m? Kalbimizi vermi\u015fiz\u2026 Emanettedir, emanet\u00e7inin elinde\u2026 Yavrular\u0131m\u0131z\u0131n m\u00fcstakbel analar\u0131, belki BIRLIKTE sadece bir yast\u0131\u011fa ba\u015f koymayaca\u011f\u0131z\u2026 \u0130htiyarlayaca\u011f\u0131z. Birlikte ihtiyarlarsak \u015fayet, hayat\u0131n do\u011fas\u0131nda var\u2026 Normal yani, \u00d6NCE onlar g\u00f6mecek bizi sonra ard\u0131m\u0131zdan gelecekler gitti\u011fimiz yere VEYA\u2026 Hani Allah korusun, OLMASIN b\u00f6ylesi\u2026 Elimizde KALIRLAR \u00e7i\u011fner ge\u00e7eriz de\u011fi\u015fik vesile VE &hellip; <\/p>\n<p class=\"link-more\"><a href=\"http:\/\/wordpress.gurbuz.net\/?p=215382\" class=\"more-link\"><span class=\"screen-reader-text\">\u201eMehmed\u2019in i\u015fine d\u00f6nd\u00fc\u201c<\/span> weiterlesen<\/a><\/p>\n","protected":false},"author":1,"featured_media":0,"comment_status":"open","ping_status":"open","sticky":false,"template":"","format":"standard","meta":[],"categories":[1],"tags":[],"_links":{"self":[{"href":"http:\/\/wordpress.gurbuz.net\/index.php?rest_route=\/wp\/v2\/posts\/215382"}],"collection":[{"href":"http:\/\/wordpress.gurbuz.net\/index.php?rest_route=\/wp\/v2\/posts"}],"about":[{"href":"http:\/\/wordpress.gurbuz.net\/index.php?rest_route=\/wp\/v2\/types\/post"}],"author":[{"embeddable":true,"href":"http:\/\/wordpress.gurbuz.net\/index.php?rest_route=\/wp\/v2\/users\/1"}],"replies":[{"embeddable":true,"href":"http:\/\/wordpress.gurbuz.net\/index.php?rest_route=%2Fwp%2Fv2%2Fcomments&post=215382"}],"version-history":[{"count":2,"href":"http:\/\/wordpress.gurbuz.net\/index.php?rest_route=\/wp\/v2\/posts\/215382\/revisions"}],"predecessor-version":[{"id":215384,"href":"http:\/\/wordpress.gurbuz.net\/index.php?rest_route=\/wp\/v2\/posts\/215382\/revisions\/215384"}],"wp:attachment":[{"href":"http:\/\/wordpress.gurbuz.net\/index.php?rest_route=%2Fwp%2Fv2%2Fmedia&parent=215382"}],"wp:term":[{"taxonomy":"category","embeddable":true,"href":"http:\/\/wordpress.gurbuz.net\/index.php?rest_route=%2Fwp%2Fv2%2Fcategories&post=215382"},{"taxonomy":"post_tag","embeddable":true,"href":"http:\/\/wordpress.gurbuz.net\/index.php?rest_route=%2Fwp%2Fv2%2Ftags&post=215382"}],"curies":[{"name":"wp","href":"https:\/\/api.w.org\/{rel}","templated":true}]}}