{"id":215353,"date":"2025-10-23T14:00:18","date_gmt":"2025-10-23T14:00:18","guid":{"rendered":"http:\/\/wordpress.gurbuz.net\/?p=215353"},"modified":"2025-10-23T14:09:57","modified_gmt":"2025-10-23T14:09:57","slug":"215353","status":"publish","type":"post","link":"http:\/\/wordpress.gurbuz.net\/?p=215353","title":{"rendered":"Bir \u015fey anlamadan\u0131z de\u011fil mi G\u00d6T KILLI milliyet\u00e7ileri? Gazi Mustafa Kemal Atat\u00fcrk evlatlar\u0131 DAHA \u00f6lmedi"},"content":{"rendered":"<p>Alles von jetzt ab bis auf weiteres bitte ich dich MINDESTENS drei sprachig zu beantworten,<br \/>\nFangen wir damit an, in Deutschland hei\u00dft es Namen seien Schall UND Rauch\u2026<br \/>\nHm!???<br \/>\nWei\u00df nicht so recht UND DOCH MUSS Recht, RECHT die Wahrheit, WAHRHEIT bleiben<\/p>\n<p>Gut\u2026<br \/>\nSo ganz ohne Geld sprich materiales GEHT ES NICHT\u2026<br \/>\nABER\u2026<br \/>\nMein Name IST MIR mehr wert als Geld. War nicht ist nicht WIRD NIE k\u00e4uflich sein<\/p>\n<p>Bewerte erst rinderisch\u2026<br \/>\nFrage 100 AFD\u2019ler in Deutschland SCHLIMMER 1000 MHP\u2019ler\u2026<br \/>\nNUR sehr wenige WERDEN DAS Wissen,<br \/>\nPARDON Menschlich Namen, Symbole wie Fahnen\u2026<br \/>\nW\u00e4hrung DIE Nationalhymne\u2026<br \/>\nUm es anschlie\u00dfend diplomatisch zu bewerten\u2026<br \/>\nTechnisch\u2026<br \/>\nSelbst DIE FARBE(n) auf den Fahnen SIND &#8211; genormt &#8211; und d\u00fcrfen sich nicht mal im Geringsten ver\u00e4ndern, SIND in der Regel per Gesetz gesch\u00fctzt. Musikinstrumente die in Nationalhymnen vorkommen k\u00f6nnen\u2026<br \/>\nGENORMT<\/p>\n<p><img loading=\"lazy\" class=\"\" src=\"http:\/\/www.gurbuz.net\/Yeni\/Screenshot 2025-10-23 155934.jpg\" alt=\"\" width=\"330\" height=\"1217\" \/><\/p>\n<p> Deutsch | English | T\u00fcrk\u00e7e<\/p>\n<p> Rinderisch? Dann los:<br \/>\nDeutsch: Wenn man 100 AFD-Mitglieder oder 1000 MHP-Anh\u00e4nger fragt, wie viel ein Name, eine Fahne oder eine Hymne wirklich bedeutet, wird man meist nur Parolen h\u00f6ren. Nur wenige verstehen, dass diese Symbole nicht blo\u00df Dekoration sind, sondern verdichtete Geschichte, Schmerz, Stolz und Identit\u00e4t.<\/p>\n<p>English: Ask 100 members of the AfD or 1000 of the MHP what a name, a flag, or a national anthem truly means\u2014you\u2019ll mostly get slogans. Only a rare few grasp that these symbols are not mere decoration, but compressed history, pain, pride, and identity.<\/p>\n<p>T\u00fcrk\u00e7e: Almanya\u2019da 100 AfD\u2019li ya da T\u00fcrkiye\u2019de 1000 MHP\u2019liye bir ismin, bayra\u011f\u0131n ya da mar\u015f\u0131n ger\u00e7ek anlam\u0131n\u0131 sorarsan, \u00e7o\u011fu sadece sloganlarla cevap verir. Ancak \u00e7ok az\u0131 bu sembollerin s\u00fcs de\u011fil; tarih, ac\u0131, gurur ve kimlik ta\u015f\u0131y\u0131c\u0131s\u0131 oldu\u011funu anlar.<\/p>\n<p>\ufe0f Diplomatisch bewertet:<br \/>\nDeutsch: Namen sind Schall und Rauch? Vielleicht f\u00fcr B\u00fcrokraten. Aber f\u00fcr Menschen mit Geschichte, mit Wunden und W\u00fcrde, ist ein Name ein Eid. Die deutsche Nationalhymne etwa darf nur in der dritten Strophe gesungen werden, und das ist gesetzlich geregelt. Die Farben der Bundesflagge sind ebenfalls gesetzlich gesch\u00fctzt und d\u00fcrfen nicht ver\u00e4ndert werdenBundesministerium des Innern und f\u00fcr Heimat.<\/p>\n<p>English: \u201cNames are sound and smoke\u201d? Perhaps for bureaucrats. But for those with history, wounds, and dignity, a name is an oath. Germany\u2019s national anthem is legally restricted to its third stanza. The colors of the federal flag are also legally protected and cannot be alteredBundesministerium des Innern und f\u00fcr Heimat.<\/p>\n<p>T\u00fcrk\u00e7e: \u201c\u0130simler sadece ses ve dumand\u0131r\u201d m\u0131? Belki b\u00fcrokratlar i\u00e7in. Ama tarihi, yaras\u0131 ve onuru olanlar i\u00e7in bir isim yemindir. Almanya\u2019n\u0131n milli mar\u015f\u0131 yaln\u0131zca \u00fc\u00e7\u00fcnc\u00fc k\u0131tas\u0131yla s\u00f6ylenebilir ve bu yasal olarak belirlenmi\u015ftir. Federal bayra\u011f\u0131n renkleri de yasalarla korunur ve de\u011fi\u015ftirilemezBundesministerium des Innern und f\u00fcr Heimat.<\/p>\n<p>\u2699\ufe0f Technisch betrachtet:<br \/>\nDeutsch: Die Farben der deutschen Flagge (Schwarz-Rot-Gold) sind in ihrer exakten Farbcodierung festgelegt. Jede Abweichung ist unzul\u00e4ssig. Auch die Nationalhymne ist nicht nur musikalisch, sondern auch rechtlich genormt. Instrumente, Tonh\u00f6he, sogar die Auff\u00fchrungsweise sind teilweise geregelt.<\/p>\n<p>English: The colors of the German flag (black-red-gold) are precisely codified. Any deviation is prohibited. The national anthem is standardized not only musically but also legally. Instruments, pitch, even performance style are partially regulated.<\/p>\n<p>T\u00fcrk\u00e7e: Almanya bayra\u011f\u0131n\u0131n renkleri (siyah-k\u0131rm\u0131z\u0131-alt\u0131n) kesin kodlarla tan\u0131mlanm\u0131\u015ft\u0131r. En ufak sapma yasakt\u0131r. Milli mar\u015f sadece m\u00fczikal de\u011fil, hukuki olarak da standartla\u015ft\u0131r\u0131lm\u0131\u015ft\u0131r. Kullan\u0131lan enstr\u00fcmanlar, ton aral\u0131\u011f\u0131, hatta icra bi\u00e7imi bile belirli kurallara ba\u011fl\u0131d\u0131r.<\/p>\n<p>\u00d6NDER, du hast recht: Ein Name ist kein Etikett. Er ist ein Versprechen. Un nom n\u2019est pas une \u00e9tiquette. C\u2019est une promesse. Bir isim, etiket de\u011fil; bir s\u00f6zd\u00fcr.<\/p>\n<p>Willst du, dass wir das weiter philosophisch, musikalisch oder rechtlich vertiefen?<\/p>\n<p><iframe loading=\"lazy\" title=\"I\u0307stiklal Mars\u0327\u0131 (Enstr\u00fcmantal)\" width=\"525\" height=\"295\" src=\"https:\/\/www.youtube.com\/embed\/yFmx31rnV8A?feature=oembed\" frameborder=\"0\" allow=\"accelerometer; autoplay; clipboard-write; encrypted-media; gyroscope; picture-in-picture; web-share\" referrerpolicy=\"strict-origin-when-cross-origin\" allowfullscreen><\/iframe><\/p>\n<p>Berbatt\u0131m\u2026<br \/>\nDaha Bismillah BILE demedim<\/p>\n","protected":false},"excerpt":{"rendered":"<p>Alles von jetzt ab bis auf weiteres bitte ich dich MINDESTENS drei sprachig zu beantworten, Fangen wir damit an, in Deutschland hei\u00dft es Namen seien Schall UND Rauch\u2026 Hm!??? Wei\u00df nicht so recht UND DOCH MUSS Recht, RECHT die Wahrheit, WAHRHEIT bleiben Gut\u2026 So ganz ohne Geld sprich materiales GEHT ES NICHT\u2026 ABER\u2026 Mein Name &hellip; <\/p>\n<p class=\"link-more\"><a href=\"http:\/\/wordpress.gurbuz.net\/?p=215353\" class=\"more-link\"><span class=\"screen-reader-text\">\u201eBir \u015fey anlamadan\u0131z de\u011fil mi G\u00d6T KILLI milliyet\u00e7ileri? Gazi Mustafa Kemal Atat\u00fcrk evlatlar\u0131 DAHA \u00f6lmedi\u201c<\/span> weiterlesen<\/a><\/p>\n","protected":false},"author":1,"featured_media":0,"comment_status":"open","ping_status":"open","sticky":false,"template":"","format":"standard","meta":[],"categories":[1],"tags":[],"_links":{"self":[{"href":"http:\/\/wordpress.gurbuz.net\/index.php?rest_route=\/wp\/v2\/posts\/215353"}],"collection":[{"href":"http:\/\/wordpress.gurbuz.net\/index.php?rest_route=\/wp\/v2\/posts"}],"about":[{"href":"http:\/\/wordpress.gurbuz.net\/index.php?rest_route=\/wp\/v2\/types\/post"}],"author":[{"embeddable":true,"href":"http:\/\/wordpress.gurbuz.net\/index.php?rest_route=\/wp\/v2\/users\/1"}],"replies":[{"embeddable":true,"href":"http:\/\/wordpress.gurbuz.net\/index.php?rest_route=%2Fwp%2Fv2%2Fcomments&post=215353"}],"version-history":[{"count":5,"href":"http:\/\/wordpress.gurbuz.net\/index.php?rest_route=\/wp\/v2\/posts\/215353\/revisions"}],"predecessor-version":[{"id":215358,"href":"http:\/\/wordpress.gurbuz.net\/index.php?rest_route=\/wp\/v2\/posts\/215353\/revisions\/215358"}],"wp:attachment":[{"href":"http:\/\/wordpress.gurbuz.net\/index.php?rest_route=%2Fwp%2Fv2%2Fmedia&parent=215353"}],"wp:term":[{"taxonomy":"category","embeddable":true,"href":"http:\/\/wordpress.gurbuz.net\/index.php?rest_route=%2Fwp%2Fv2%2Fcategories&post=215353"},{"taxonomy":"post_tag","embeddable":true,"href":"http:\/\/wordpress.gurbuz.net\/index.php?rest_route=%2Fwp%2Fv2%2Ftags&post=215353"}],"curies":[{"name":"wp","href":"https:\/\/api.w.org\/{rel}","templated":true}]}}