{"id":215176,"date":"2025-10-19T06:17:25","date_gmt":"2025-10-19T06:17:25","guid":{"rendered":"http:\/\/wordpress.gurbuz.net\/?p=215176"},"modified":"2025-10-19T06:36:19","modified_gmt":"2025-10-19T06:36:19","slug":"215176","status":"publish","type":"post","link":"http:\/\/wordpress.gurbuz.net\/?p=215176","title":{"rendered":"Mozart, Polat Alemdar VEYA \u201csiz hepiniz E\u015fref tek ba\u015f\u0131na\u201d"},"content":{"rendered":"<p><iframe loading=\"lazy\" title=\"Faz\u0131l Say - Turkish March (T\u00fcrk Mar\u015f\u0131)\" width=\"525\" height=\"295\" src=\"https:\/\/www.youtube.com\/embed\/fzQbI58BzBo?feature=oembed\" frameborder=\"0\" allow=\"accelerometer; autoplay; clipboard-write; encrypted-media; gyroscope; picture-in-picture; web-share\" referrerpolicy=\"strict-origin-when-cross-origin\" allowfullscreen><\/iframe><\/p>\n<p>RACON KESME vesaire,<br \/>\nKURAL KOYMA\u2026<br \/>\nBilmiyorlar\u2026<br \/>\nDanalar\u2026<br \/>\nHadi danalar bilmiyor ya s\u0131\u011f\u0131rlar?<\/p>\n<p>Eyvallah\u2026<br \/>\nOla\u011fan hayat ak\u0131\u015f\u0131nda OLMAYANLAR amaaa\u2026<br \/>\nULAN g\u00f6zde mi YOK, kulak ve VEYA beyin!?<\/p>\n<p>Asker ba\u015fka\u2026<br \/>\nMehmet\u00e7ik ama ya di\u011fer g\u00fcvenlik temsilcilerimiz. Mesela POLIS(!)<br \/>\nSenede\u2026<br \/>\nAyda\u2026<br \/>\nHaftada ve VEYA g\u00fcnde ka\u00e7 kez duyuyorsun\u2026<br \/>\nSilahl\u0131 \u00e7at\u0131\u015fma?<\/p>\n<p>Ka\u00e7 tane BABA g\u00f6rd\u00fcn hayat\u0131nda\u2026<br \/>\nMafya!???<\/p>\n<p>Yok \u00e7akmas\u0131ndan bahis etmiyorum,<br \/>\nS\u00f6z\u00fcm ona\u2026<br \/>\nVeya ma\u011fara, ka\u00e7 ma\u011faraya girip \u00e7\u0131kt\u0131n\u2026<br \/>\nBuz gibi,<br \/>\nYatt\u0131n \u00e7\u0131plak yerde, yaslad\u0131n ba\u015f\u0131n\u0131 ta\u015fa\u2026<br \/>\nKa\u00e7 kez uyand\u0131n KAZIK GIBI,<br \/>\nYEDIN mermiyi, \u00e7ektin ac\u0131s\u0131n\u0131\u2026<br \/>\nAlooo \u015fokunu, G\u00d6RD\u00dcN silah arkada\u015f\u0131n\u0131 can \u00e7eki\u015firken\u2026<br \/>\nBarsaklar\u0131 veya ba\u015fka organlar\u0131 d\u0131\u015far\u0131da?<\/p>\n<p>\u00d6ZENILECEK \u015feyler mi LAN BUNLAR?<\/p>\n<p>Mill\u00ee \u0130stihbarat Te\u015fkil\u00e2t\u0131\u2026<br \/>\nBilir misin \u00e7al\u0131\u015fma y\u00f6ntemlerini?<br \/>\nAlo Ye\u015fil\u00e7am VEYA Hollywood\u2026<br \/>\nRambo falan de\u011fil bunlar<\/p>\n<p>Eyvallah\u2026<br \/>\nVATAN ve MILLET\u2026<br \/>\nBir milimini bile\u2026<br \/>\nAma i\u015fkembeden sallama, \u00d6ZENILECEK\u2026<br \/>\n\u015eeyler de\u011fil bunlar<\/p>\n<p>CAN ALMAYI\u2026<br \/>\nCan vermeyi \u00e7ocuk oyunca\u011f\u0131 mi sand\u0131n?<\/p>\n<p>D\u00fcn k\u00fc\u00e7\u00fck ka\u015far\u2026<br \/>\nTunus muydu?<br \/>\nTURIZIM (bir ara, ger\u00e7ekleri)<br \/>\n\u201cT\u00fcrkIYELI\u201d dizileri\u2026<br \/>\nGelecek vakti<\/p>\n<p>Kolaydan kazan\u0131lmaz PARA,<br \/>\nAyakkab\u0131\u2026<br \/>\nTatl\u0131 kutular\u0131 vesaire\u2026<br \/>\nVESAIRE<\/p>\n<p><img loading=\"lazy\" class=\"\" src=\"http:\/\/www.gurbuz.net\/Yeni\/Screenshot 2025-10-19 082206.jpg\" alt=\"\" width=\"330\" height=\"874\" \/><\/p>\n<p>Bu metin, bir a\u011f\u0131t de\u011fil; bir uyar\u0131, bir tokat, bir manifesto. \u201cMozart, Polat Alemdar VEYA \u2018siz hepiniz E\u015fref tek ba\u015f\u0131na\u2019\u201d ba\u015fl\u0131\u011f\u0131yla ba\u015flayan bu yaz\u0131, hem bir k\u00fclt\u00fcrel \u00e7at\u0131\u015fman\u0131n hem de bir hakikat \u00e7a\u011fr\u0131s\u0131n\u0131n yank\u0131s\u0131 gibi. YouTube\u2019daki ba\u011flant\u0131l\u0131 video da bu atmosferi tamamlayan bir fon m\u00fczi\u011fi gibi e\u015flik ediyor.<\/p>\n<p>RACON KESME, KURAL KOYMA: Kim Kime Ne Anlat\u0131yor?<br \/>\nYaz\u0131, \u201cracon kesme\u201d ve \u201ckural koyma\u201d gibi kavramlar\u0131 sorgularken, bu kelimelerin i\u00e7ini bo\u015faltanlara, onlar\u0131 birer g\u00f6steriye d\u00f6n\u00fc\u015ft\u00fcrenlere sert bir ele\u015ftiri y\u00f6neltiyor. \u201cDanalar\u2026 s\u0131\u011f\u0131rlar\u2026\u201d diye ba\u015flayan \u00e7\u0131k\u0131\u015f, sadece cehalete de\u011fil, ayn\u0131 zamanda duyars\u0131zl\u0131\u011fa, g\u00f6rmezden gelmeye, kulak t\u0131kamaya da bir isyan.<\/p>\n<p>\ufe0f Mehmet\u00e7ik, Polis, ve Ger\u00e7eklik<br \/>\n\u201cAsker ba\u015fka\u2026\u201d diyerek ba\u015flayan b\u00f6l\u00fcmde, yazar, g\u00fcvenlik g\u00fc\u00e7lerinin ya\u015fad\u0131\u011f\u0131 ger\u00e7ekli\u011fi hat\u0131rlat\u0131yor. Silahl\u0131 \u00e7at\u0131\u015fmalar, ma\u011faralarda ge\u00e7en operasyonlar, so\u011fuk ta\u015flarda ge\u00e7irilen geceler, mermi yaralar\u0131, can veren silah arkada\u015flar\u0131\u2026 Bunlar birer \u201caksiyon sahnesi\u201d de\u011fil, ya\u015fanm\u0131\u015fl\u0131k. Bu ger\u00e7eklik, Ye\u015fil\u00e7am\u2019\u0131n ya da Hollywood\u2019un kurgusal kahramanlar\u0131yla k\u0131yaslanamaz.<\/p>\n<p>G\u00f6z Var, Kulak Var, Beyin Nerede?<br \/>\n\u201cULAN g\u00f6zde mi YOK, kulak ve VEYA beyin!?\u201d diye sorarken, yazar asl\u0131nda toplumsal bir k\u00f6rl\u00fc\u011fe ve sa\u011f\u0131rl\u0131\u011fa dikkat \u00e7ekiyor. Ger\u00e7ekleri g\u00f6rmek istemeyen, duymayan, d\u00fc\u015f\u00fcnmeyen bir toplumun ele\u015ftirisi bu. \u201c\u00d6zenilecek \u015feyler mi lan bunlar?\u201d sorusu, \u015fiddetin, mafyan\u0131n, kahramanl\u0131\u011f\u0131n romantize edilmesine kar\u015f\u0131 bir tokat gibi iniyor.<\/p>\n<p>\ufe0f\u200d\u2642\ufe0f M\u0130T, Rambo De\u011fil<br \/>\nMill\u00ee \u0130stihbarat Te\u015fkil\u00e2t\u0131\u2019na dair yap\u0131lan vurgu, kurumun ger\u00e7ek i\u015fleyi\u015fiyle pop\u00fcler k\u00fclt\u00fcrdeki temsiller aras\u0131ndaki fark\u0131 a\u00e7\u0131\u011fa \u00e7\u0131kar\u0131yor. \u201cRambo falan de\u011fil bunlar\u201d diyerek, ger\u00e7ek istihbarat\u0131n sessiz, g\u00f6r\u00fcnmeyen, ama hayati bir m\u00fccadele oldu\u011funu hat\u0131rlat\u0131yor.<\/p>\n<p>Kolay Para, Tatl\u0131 Kutular\u0131 ve Ger\u00e7ek Bedeller<br \/>\nSon b\u00f6l\u00fcmde, \u201cKolaydan kazan\u0131lmaz PARA\u201d diyerek, emekle kazan\u0131lmayan paran\u0131n, ayakkab\u0131 kutular\u0131nda, tatl\u0131 kutular\u0131nda dola\u015fan paran\u0131n, asl\u0131nda nas\u0131l bir yozla\u015fman\u0131n g\u00f6stergesi oldu\u011funu ima ediyor. Bu, sadece bir ekonomik ele\u015ftiri de\u011fil; ahlaki bir \u00e7\u00f6k\u00fc\u015f\u00fcn te\u015fhisi.<\/p>\n<p>Bu metin, bir \u201cracon\u201d de\u011fil; raconun ne oldu\u011funu bilmeyenlere kar\u015f\u0131 bir ders. Bir t\u00fcr \u201cs\u00f6zl\u00fc belge\u201d, bir \u201csosyal tokat\u201d. \u0130\u00e7inde hem Polat Alemdar\u2019\u0131n g\u00f6lgesi var, hem E\u015fref\u2019in yaln\u0131zl\u0131\u011f\u0131, hem de Mozart\u2019\u0131n armonik isyan\u0131.<\/p>\n<p>\u0130stersen bu metni bir manifesto, bir \u015fiir ya da bir k\u0131sa film senaryosu olarak yeniden kurgulayabiliriz. Veya bu metnin ruhunu ta\u015f\u0131yan ba\u015fka bir anlat\u0131 bi\u00e7imi \u00fczerinde \u00e7al\u0131\u015fabiliriz. Ne dersin \u00d6nder?<\/p>\n<p><img loading=\"lazy\" class=\"\" src=\"http:\/\/www.gurbuz.net\/Yeni\/Screenshot 2025-10-19 083102.jpg\" alt=\"\" width=\"434\" height=\"249\" \/><\/p>\n<p><strong>Sahi KIM acaba?<\/strong><br \/>\n\ud83d\ude09<\/p>\n<p><iframe loading=\"lazy\" title=\"Astsubay - Y\u0131lmaz \u00d6zdil\" width=\"525\" height=\"295\" src=\"https:\/\/www.youtube.com\/embed\/GHYm80wiCFg?feature=oembed\" frameborder=\"0\" allow=\"accelerometer; autoplay; clipboard-write; encrypted-media; gyroscope; picture-in-picture; web-share\" referrerpolicy=\"strict-origin-when-cross-origin\" allowfullscreen><\/iframe><\/p>\n<p>Ulan arkada\u015f BEZDIM bu \u00e7arp\u0131k bacakl\u0131lar s\u00fcr\u00fcs\u00fcnden,<br \/>\nNe geldiyse ba\u015fa hep onlar y\u00fcz\u00fcnden<br \/>\nTAMAM\u2026<br \/>\nHadi yay\u0131nlad\u0131m YAZAMADIKTAN sonra\u2026<br \/>\nNe fayda?<\/p>\n","protected":false},"excerpt":{"rendered":"<p>RACON KESME vesaire, KURAL KOYMA\u2026 Bilmiyorlar\u2026 Danalar\u2026 Hadi danalar bilmiyor ya s\u0131\u011f\u0131rlar? Eyvallah\u2026 Ola\u011fan hayat ak\u0131\u015f\u0131nda OLMAYANLAR amaaa\u2026 ULAN g\u00f6zde mi YOK, kulak ve VEYA beyin!? Asker ba\u015fka\u2026 Mehmet\u00e7ik ama ya di\u011fer g\u00fcvenlik temsilcilerimiz. Mesela POLIS(!) Senede\u2026 Ayda\u2026 Haftada ve VEYA g\u00fcnde ka\u00e7 kez duyuyorsun\u2026 Silahl\u0131 \u00e7at\u0131\u015fma? Ka\u00e7 tane BABA g\u00f6rd\u00fcn hayat\u0131nda\u2026 Mafya!??? Yok \u00e7akmas\u0131ndan &hellip; <\/p>\n<p class=\"link-more\"><a href=\"http:\/\/wordpress.gurbuz.net\/?p=215176\" class=\"more-link\"><span class=\"screen-reader-text\">\u201eMozart, Polat Alemdar VEYA \u201csiz hepiniz E\u015fref tek ba\u015f\u0131na\u201d\u201c<\/span> weiterlesen<\/a><\/p>\n","protected":false},"author":1,"featured_media":0,"comment_status":"open","ping_status":"open","sticky":false,"template":"","format":"standard","meta":[],"categories":[1],"tags":[],"_links":{"self":[{"href":"http:\/\/wordpress.gurbuz.net\/index.php?rest_route=\/wp\/v2\/posts\/215176"}],"collection":[{"href":"http:\/\/wordpress.gurbuz.net\/index.php?rest_route=\/wp\/v2\/posts"}],"about":[{"href":"http:\/\/wordpress.gurbuz.net\/index.php?rest_route=\/wp\/v2\/types\/post"}],"author":[{"embeddable":true,"href":"http:\/\/wordpress.gurbuz.net\/index.php?rest_route=\/wp\/v2\/users\/1"}],"replies":[{"embeddable":true,"href":"http:\/\/wordpress.gurbuz.net\/index.php?rest_route=%2Fwp%2Fv2%2Fcomments&post=215176"}],"version-history":[{"count":5,"href":"http:\/\/wordpress.gurbuz.net\/index.php?rest_route=\/wp\/v2\/posts\/215176\/revisions"}],"predecessor-version":[{"id":215181,"href":"http:\/\/wordpress.gurbuz.net\/index.php?rest_route=\/wp\/v2\/posts\/215176\/revisions\/215181"}],"wp:attachment":[{"href":"http:\/\/wordpress.gurbuz.net\/index.php?rest_route=%2Fwp%2Fv2%2Fmedia&parent=215176"}],"wp:term":[{"taxonomy":"category","embeddable":true,"href":"http:\/\/wordpress.gurbuz.net\/index.php?rest_route=%2Fwp%2Fv2%2Fcategories&post=215176"},{"taxonomy":"post_tag","embeddable":true,"href":"http:\/\/wordpress.gurbuz.net\/index.php?rest_route=%2Fwp%2Fv2%2Ftags&post=215176"}],"curies":[{"name":"wp","href":"https:\/\/api.w.org\/{rel}","templated":true}]}}