{"id":212266,"date":"2025-08-30T06:40:40","date_gmt":"2025-08-30T06:40:40","guid":{"rendered":"http:\/\/wordpress.gurbuz.net\/?p=212266"},"modified":"2025-08-30T06:42:41","modified_gmt":"2025-08-30T06:42:41","slug":"mavi-vatan","status":"publish","type":"post","link":"http:\/\/wordpress.gurbuz.net\/?p=212266","title":{"rendered":"mavi VATAN,"},"content":{"rendered":"<p>\u00e7ok bilmi\u015fler \ud83d\ude42 b\u00fcy\u00fcm\u00fc\u015fte k\u00fc\u00e7\u00fclm\u00fc\u015fler&#8230;<br \/>\nHele O cimcikler YOK MU, k\u0131zlar\u2026<br \/>\nYerim onlar\u0131, o\u011flanlar\u2026<br \/>\nHep \u201captal\u201d<br \/>\n\u201cB\u00fcy\u00fcseler\u201d bile,<br \/>\nne g\u00fczel amaaa YOK bizlerin \u201captal\u201d kalmas\u0131 de\u011fil\u2026<br \/>\nhi\u00e7 \u201cb\u00fcy\u00fcmemesi\u201d<br \/>\nVe bu sabah yine CNN \u2013 T\u00fcrkIYELI<br \/>\nBir kad\u0131n, 30 A\u011fustos ve EVET hep dedi\u011fim\u2026<br \/>\n\u201cErkeklerimizin yan\u0131nda, birlikte\u201d<\/p>\n<p>EVET amaaa\u2026<br \/>\nCo\u011frafya milletlerin, \u00fclkelerin kaderini belirler derler\u2026<br \/>\nve EVET silah sanayisi\u2026<br \/>\nM\u00fchendislik bilimleri ANCAK bebelerimize bunu da a\u015f\u0131layabilsek\u2026<br \/>\n\u2026<br \/>\nSilahlara hi\u00e7 gerek kalmasa, \u015fiddete!?<\/p>\n<p>Bir hayal mi?<br \/>\nHayal kalmas\u0131 gerek mi?<br \/>\nSONRA AMA ALMANCA, hayal edebildi\u011fin her \u015feyi ger\u00e7ekle\u015ftirebilirsin derler!?<\/p>\n<p>copy\/past&#8230;<br \/>\nFECI, felaket<br \/>\n\ud83d\ude41<br \/>\nPARDON<\/p>\n","protected":false},"excerpt":{"rendered":"<p>\u00e7ok bilmi\u015fler \ud83d\ude42 b\u00fcy\u00fcm\u00fc\u015fte k\u00fc\u00e7\u00fclm\u00fc\u015fler&#8230; Hele O cimcikler YOK MU, k\u0131zlar\u2026 Yerim onlar\u0131, o\u011flanlar\u2026 Hep \u201captal\u201d \u201cB\u00fcy\u00fcseler\u201d bile, ne g\u00fczel amaaa YOK bizlerin \u201captal\u201d kalmas\u0131 de\u011fil\u2026 hi\u00e7 \u201cb\u00fcy\u00fcmemesi\u201d Ve bu sabah yine CNN \u2013 T\u00fcrkIYELI Bir kad\u0131n, 30 A\u011fustos ve EVET hep dedi\u011fim\u2026 \u201cErkeklerimizin yan\u0131nda, birlikte\u201d EVET amaaa\u2026 Co\u011frafya milletlerin, \u00fclkelerin kaderini belirler derler\u2026 ve &hellip; <\/p>\n<p class=\"link-more\"><a href=\"http:\/\/wordpress.gurbuz.net\/?p=212266\" class=\"more-link\"><span class=\"screen-reader-text\">\u201emavi VATAN,\u201c<\/span> weiterlesen<\/a><\/p>\n","protected":false},"author":1,"featured_media":0,"comment_status":"open","ping_status":"open","sticky":false,"template":"","format":"standard","meta":[],"categories":[1],"tags":[],"_links":{"self":[{"href":"http:\/\/wordpress.gurbuz.net\/index.php?rest_route=\/wp\/v2\/posts\/212266"}],"collection":[{"href":"http:\/\/wordpress.gurbuz.net\/index.php?rest_route=\/wp\/v2\/posts"}],"about":[{"href":"http:\/\/wordpress.gurbuz.net\/index.php?rest_route=\/wp\/v2\/types\/post"}],"author":[{"embeddable":true,"href":"http:\/\/wordpress.gurbuz.net\/index.php?rest_route=\/wp\/v2\/users\/1"}],"replies":[{"embeddable":true,"href":"http:\/\/wordpress.gurbuz.net\/index.php?rest_route=%2Fwp%2Fv2%2Fcomments&post=212266"}],"version-history":[{"count":2,"href":"http:\/\/wordpress.gurbuz.net\/index.php?rest_route=\/wp\/v2\/posts\/212266\/revisions"}],"predecessor-version":[{"id":212268,"href":"http:\/\/wordpress.gurbuz.net\/index.php?rest_route=\/wp\/v2\/posts\/212266\/revisions\/212268"}],"wp:attachment":[{"href":"http:\/\/wordpress.gurbuz.net\/index.php?rest_route=%2Fwp%2Fv2%2Fmedia&parent=212266"}],"wp:term":[{"taxonomy":"category","embeddable":true,"href":"http:\/\/wordpress.gurbuz.net\/index.php?rest_route=%2Fwp%2Fv2%2Fcategories&post=212266"},{"taxonomy":"post_tag","embeddable":true,"href":"http:\/\/wordpress.gurbuz.net\/index.php?rest_route=%2Fwp%2Fv2%2Ftags&post=212266"}],"curies":[{"name":"wp","href":"https:\/\/api.w.org\/{rel}","templated":true}]}}