{"id":212248,"date":"2025-08-30T01:53:36","date_gmt":"2025-08-30T01:53:36","guid":{"rendered":"http:\/\/wordpress.gurbuz.net\/?p=212248"},"modified":"2025-08-30T01:55:44","modified_gmt":"2025-08-30T01:55:44","slug":"kalem-kilic-kelam-falan","status":"publish","type":"post","link":"http:\/\/wordpress.gurbuz.net\/?p=212248","title":{"rendered":"Kalem, K\u0131l\u0131\u00e7, Kelam FALAN"},"content":{"rendered":"<p>&#8222;\u00dcbersicht mit KI<br \/>\nPr\u00fcfen Sie wichtige Informationen sorgf\u00e4ltig. Weitere Informationen<br \/>\nY\u0131ld\u0131r\u0131m Bayezid ve Emir Timur aras\u0131nda, Ankara Sava\u015f\u0131&#8217;ndan \u00f6nce, Timur&#8217;un ilk mektubunu Y\u0131ld\u0131r\u0131m Bayezid&#8217;in ikinci mektubuna yazd\u0131\u011f\u0131 d\u00f6rt mektup ve kar\u015f\u0131l\u0131klar\u0131 de\u011fi\u015f toku\u015f edilmi\u015ftir. Bu yaz\u0131\u015fmalar, iki h\u00fck\u00fcmdar\u0131n birbirlerine kar\u015f\u0131 k\u0131\u015fk\u0131rt\u0131c\u0131 ve tehditk\u00e2r bir dil kullanmas\u0131yla karakterizedir ve sava\u015f\u0131 \u00f6nleyememi\u015ftir. Mektuplar\u0131n i\u00e7eri\u011fi, Timur&#8217;un Y\u0131ld\u0131r\u0131m Bayezid&#8217;i g\u00fcc\u00fcnden dolay\u0131 tehdit etmesi ve Kara Yusuf ile Ahmet Celayir&#8217;i kovmas\u0131 y\u00f6n\u00fcndeki talepleri; Y\u0131ld\u0131r\u0131m Bayezid&#8217;in ise Timur&#8217;a kar\u015f\u0131 meydan okuyan bir dil kullanarak sava\u015fma iste\u011fini g\u00f6stermesi \u015feklindedir.<br \/>\nMektupla\u015fmalar\u0131n \u00d6nemi<br \/>\nSava\u015fa Giden Yol:<br \/>\nBu yaz\u0131\u015fmalar, iki b\u00fcy\u00fck h\u00fck\u00fcmdar aras\u0131ndaki gerginli\u011fi art\u0131rm\u0131\u015f ve nihayetinde 1402&#8217;deki Ankara Sava\u015f\u0131&#8217;na zemin haz\u0131rlam\u0131\u015ft\u0131r.<br \/>\nTarih\u00ee Kaynaklar:<br \/>\nBu mektuplar\u0131n T\u00fcrk\u00e7e suretleri, \u00abM\u00fcn\u015fe\u00e2t ve M\u00fck\u00e2tab\u00e2t-\u0131 Sult\u00e2niye\u00bb adl\u0131 el yazmas\u0131 mecmuas\u0131nda korunmaktad\u0131r, bu da onlar\u0131 tarih\u00e7iler i\u00e7in de\u011ferli birer kaynak haline getirir.<br \/>\nMektuplar\u0131n \u00d6zeti<br \/>\n1. Timur&#8217;un Mektuplar\u0131:<br \/>\nTimur, Y\u0131ld\u0131r\u0131m Bayezid&#8217;i, tek ba\u015f\u0131na iktidara geldi\u011fini, babas\u0131ndan miras yoluyla de\u011fil, ba\u015far\u0131lar\u0131yla g\u00fc\u00e7 kazand\u0131\u011f\u0131n\u0131 belirterek uyar\u0131r. Kara Yusuf ve Ahmet Celayir&#8217;i topraklar\u0131ndan kovmas\u0131n\u0131 talep eder, aksi takdirde kendisinin de di\u011fer uyruk h\u00fck\u00fcmdarlar gibi bir ak\u0131betle kar\u015f\u0131la\u015faca\u011f\u0131n\u0131 s\u00f6yler.<br \/>\n2. Y\u0131ld\u0131r\u0131m Bayezid&#8217;in Cevaplar\u0131:<br \/>\nY\u0131ld\u0131r\u0131m Bayezid ise Timur&#8217;un mektuplar\u0131na, kendisinin de ayn\u0131 \u015fekilde g\u00fc\u00e7 ve kudret sahibi oldu\u011funu, ancak Timur&#8217;un g\u00fcc\u00fcn\u00fc daha \u00e7ok babas\u0131ndan ald\u0131\u011f\u0131n\u0131 ima ederek yan\u0131tlar. Kendisinin fitneye kar\u015f\u0131 oldu\u011funu ve sulha kar\u015f\u0131 gelenlere kar\u015f\u0131 Allah&#8217;\u0131n h\u00fckm\u00fcn\u00fc bekledi\u011fini ifade eder. &#8220;<\/p>\n<p><a href=\"https:\/\/tarihtendersler.com\/yildirim-bayezid-emir-timura-mektuplar\/\" rel=\"noopener\" target=\"_blank\">Oku<\/a><\/p>\n<p><iframe loading=\"lazy\" title=\"Timur ve Y\u0131ld\u0131r\u0131m Bayezid Aras\u0131ndaki Mektupla\u015fmalar - Sesli Kitap\" width=\"525\" height=\"295\" src=\"https:\/\/www.youtube.com\/embed\/qGems-HDYRc?feature=oembed\" frameborder=\"0\" allow=\"accelerometer; autoplay; clipboard-write; encrypted-media; gyroscope; picture-in-picture; web-share\" referrerpolicy=\"strict-origin-when-cross-origin\" allowfullscreen><\/iframe><\/p>\n","protected":false},"excerpt":{"rendered":"<p>&#8222;\u00dcbersicht mit KI Pr\u00fcfen Sie wichtige Informationen sorgf\u00e4ltig. Weitere Informationen Y\u0131ld\u0131r\u0131m Bayezid ve Emir Timur aras\u0131nda, Ankara Sava\u015f\u0131&#8217;ndan \u00f6nce, Timur&#8217;un ilk mektubunu Y\u0131ld\u0131r\u0131m Bayezid&#8217;in ikinci mektubuna yazd\u0131\u011f\u0131 d\u00f6rt mektup ve kar\u015f\u0131l\u0131klar\u0131 de\u011fi\u015f toku\u015f edilmi\u015ftir. Bu yaz\u0131\u015fmalar, iki h\u00fck\u00fcmdar\u0131n birbirlerine kar\u015f\u0131 k\u0131\u015fk\u0131rt\u0131c\u0131 ve tehditk\u00e2r bir dil kullanmas\u0131yla karakterizedir ve sava\u015f\u0131 \u00f6nleyememi\u015ftir. Mektuplar\u0131n i\u00e7eri\u011fi, Timur&#8217;un Y\u0131ld\u0131r\u0131m Bayezid&#8217;i &hellip; <\/p>\n<p class=\"link-more\"><a href=\"http:\/\/wordpress.gurbuz.net\/?p=212248\" class=\"more-link\"><span class=\"screen-reader-text\">\u201eKalem, K\u0131l\u0131\u00e7, Kelam FALAN\u201c<\/span> weiterlesen<\/a><\/p>\n","protected":false},"author":1,"featured_media":0,"comment_status":"open","ping_status":"open","sticky":false,"template":"","format":"standard","meta":[],"categories":[1],"tags":[],"_links":{"self":[{"href":"http:\/\/wordpress.gurbuz.net\/index.php?rest_route=\/wp\/v2\/posts\/212248"}],"collection":[{"href":"http:\/\/wordpress.gurbuz.net\/index.php?rest_route=\/wp\/v2\/posts"}],"about":[{"href":"http:\/\/wordpress.gurbuz.net\/index.php?rest_route=\/wp\/v2\/types\/post"}],"author":[{"embeddable":true,"href":"http:\/\/wordpress.gurbuz.net\/index.php?rest_route=\/wp\/v2\/users\/1"}],"replies":[{"embeddable":true,"href":"http:\/\/wordpress.gurbuz.net\/index.php?rest_route=%2Fwp%2Fv2%2Fcomments&post=212248"}],"version-history":[{"count":2,"href":"http:\/\/wordpress.gurbuz.net\/index.php?rest_route=\/wp\/v2\/posts\/212248\/revisions"}],"predecessor-version":[{"id":212250,"href":"http:\/\/wordpress.gurbuz.net\/index.php?rest_route=\/wp\/v2\/posts\/212248\/revisions\/212250"}],"wp:attachment":[{"href":"http:\/\/wordpress.gurbuz.net\/index.php?rest_route=%2Fwp%2Fv2%2Fmedia&parent=212248"}],"wp:term":[{"taxonomy":"category","embeddable":true,"href":"http:\/\/wordpress.gurbuz.net\/index.php?rest_route=%2Fwp%2Fv2%2Fcategories&post=212248"},{"taxonomy":"post_tag","embeddable":true,"href":"http:\/\/wordpress.gurbuz.net\/index.php?rest_route=%2Fwp%2Fv2%2Ftags&post=212248"}],"curies":[{"name":"wp","href":"https:\/\/api.w.org\/{rel}","templated":true}]}}