{"id":211210,"date":"2025-08-17T13:57:29","date_gmt":"2025-08-17T13:57:29","guid":{"rendered":"http:\/\/wordpress.gurbuz.net\/?p=211210"},"modified":"2025-08-17T14:36:25","modified_gmt":"2025-08-17T14:36:25","slug":"kadinin-oenemini-anlatmakla-bitiremem-her-sey-onlarla-baslar-onlarla-biter-ancak-kadin-arada-bul","status":"publish","type":"post","link":"http:\/\/wordpress.gurbuz.net\/?p=211210","title":{"rendered":"Kad\u0131n\u0131n \u00d6NEMINI anlatmakla bitiremem, her \u015fey onlarla ba\u015flar onlarla biter ANCAK \u201ckad\u0131n\u201d arada bul(!)"},"content":{"rendered":"<p>C\u0131mb\u0131zla<\/p>\n<p>VE EVET Abdulkadir Selvi\u2026<br \/>\nNefretlik AMA bozuk bir saat gibi g\u00f6sterir g\u00fcnde do\u011fruyu\u2026<br \/>\nIKI<\/p>\n<p>Tabii BU di\u011fer insanlar\u2026<br \/>\n\u201cGazeteciler\u201d i\u00e7inde ge\u00e7erli<br \/>\nAMAAA biri VAR KI i\u00e7lerinde, mazur g\u00f6r\u00fcn L\u00dcTFEN\u2026<br \/>\nAf edin\u2026<br \/>\nG\u00fcng\u00f6r Yavuzarslan\u2026<br \/>\nUlannn\u2026<br \/>\nSenin \u00dcLK\u00dcN\u00dc SIKERIM,<br \/>\nBIR\u2026<br \/>\nSadece bir t\u00fcr milliyet\u00e7ilik BILIRIM\u2026<br \/>\nO da\u2026<br \/>\nGazi Mustafa Kemal Atat\u00fcrk milliyet\u00e7ili\u011fidir\u2026<br \/>\nSev say b\u00fcy\u00fc\u011f\u00fcn\u00fc k\u00fc\u00e7\u00fc\u011f\u00fcn\u00fc BILINCINDE ol kimli\u011finin\u2026<br \/>\nAmaaa KIMSEYI hor g\u00f6rme, kendini \u00fcst\u00fcn<\/p>\n<p>G\u00f6t KILI milliyet\u00e7ileri sizi<\/p>\n<p>Ilimli ISLAM yalakAlar\u0131\u2026<br \/>\nKonu\u015fturmay\u0131n BENI d\u00f6kmeyeyim\u2026<br \/>\n\u0130\u00e7imi, ne demi\u015fti?<\/p>\n<p>He ya\u2026<br \/>\n\u201cTurpun b\u00fcy\u00fc\u011f\u00fc\u201d<br \/>\nYerli ve milli, ibnesi\u2026<br \/>\nYok Elera dedi\u2026<br \/>\n&#8222;Gard\u0131rop Atat\u00fcrk\u00e7\u00fcleri&#8220;<\/p>\n<p>Ve rahmetli<br \/>\n\u201c\u00d6nder her \u015feyin bir vakti var\u201d<br \/>\nGelecek o vakit\u2026<br \/>\n\u00d6lmez kal\u0131rsak<\/p>\n<p>\u00c7arp\u0131k bacakl\u0131lar s\u00fcr\u00fcs\u00fc\u2026<br \/>\nAMA I\u015eTE\u2026<br \/>\nDinleyeceksin ARADA s\u00f6z\u00fc<br \/>\n\ud83d\ude09<br \/>\n\ud83d\ude09<br \/>\n\u015eakayla kar\u0131\u015f\u0131k\u2026<br \/>\nSadri Al\u0131\u015f\u0131k<\/p>\n<p>Ele\u015ftirdiklerimi BEN yapm\u0131yor muyum\u2026<br \/>\nKanc\u0131k falan,<br \/>\nK\u00fc\u00e7\u00fck ka\u015far!?<\/p>\n<p>HEP demi\u015fimdir, \u00f6z\u00fcm bu de\u011fil\u2026.<br \/>\nAc\u0131 biber meselesi, bahane de de\u011fil\u2026<br \/>\nVAR bir, BIRDEN FAZLA nedeni<\/p>\n<p>\u0130nsan\u0131z be\u2026<br \/>\nSadece INSAN, ele\u015ftirtiriz\u2026<br \/>\nA\u011f\u0131r ele\u015ftirileni\u2026<br \/>\n\u0130nsan\u0131z INSAN yapar\u0131z utanmadan\u2026<br \/>\nBEN\u2026<br \/>\nUtan\u0131yorum ama yapmaktan da kendimi alam\u0131yorum<\/p>\n<p><img loading=\"lazy\" class=\"\" src=\"http:\/\/www.gurbuz.net\/Yeni\/Screenshot 2025-08-17 163318.jpg\" alt=\"\" width=\"358\" height=\"262\" \/><\/p>\n<p>EVET Firuze\u2026<br \/>\nDedim ya\u2026<br \/>\n\u00d6lmez kal\u0131rsak, takma kafaya tokadan ba\u015fka<\/p>\n","protected":false},"excerpt":{"rendered":"<p>C\u0131mb\u0131zla VE EVET Abdulkadir Selvi\u2026 Nefretlik AMA bozuk bir saat gibi g\u00f6sterir g\u00fcnde do\u011fruyu\u2026 IKI Tabii BU di\u011fer insanlar\u2026 \u201cGazeteciler\u201d i\u00e7inde ge\u00e7erli AMAAA biri VAR KI i\u00e7lerinde, mazur g\u00f6r\u00fcn L\u00dcTFEN\u2026 Af edin\u2026 G\u00fcng\u00f6r Yavuzarslan\u2026 Ulannn\u2026 Senin \u00dcLK\u00dcN\u00dc SIKERIM, BIR\u2026 Sadece bir t\u00fcr milliyet\u00e7ilik BILIRIM\u2026 O da\u2026 Gazi Mustafa Kemal Atat\u00fcrk milliyet\u00e7ili\u011fidir\u2026 Sev say b\u00fcy\u00fc\u011f\u00fcn\u00fc k\u00fc\u00e7\u00fc\u011f\u00fcn\u00fc &hellip; <\/p>\n<p class=\"link-more\"><a href=\"http:\/\/wordpress.gurbuz.net\/?p=211210\" class=\"more-link\"><span class=\"screen-reader-text\">\u201eKad\u0131n\u0131n \u00d6NEMINI anlatmakla bitiremem, her \u015fey onlarla ba\u015flar onlarla biter ANCAK \u201ckad\u0131n\u201d arada bul(!)\u201c<\/span> weiterlesen<\/a><\/p>\n","protected":false},"author":1,"featured_media":0,"comment_status":"open","ping_status":"open","sticky":false,"template":"","format":"standard","meta":[],"categories":[1],"tags":[],"_links":{"self":[{"href":"http:\/\/wordpress.gurbuz.net\/index.php?rest_route=\/wp\/v2\/posts\/211210"}],"collection":[{"href":"http:\/\/wordpress.gurbuz.net\/index.php?rest_route=\/wp\/v2\/posts"}],"about":[{"href":"http:\/\/wordpress.gurbuz.net\/index.php?rest_route=\/wp\/v2\/types\/post"}],"author":[{"embeddable":true,"href":"http:\/\/wordpress.gurbuz.net\/index.php?rest_route=\/wp\/v2\/users\/1"}],"replies":[{"embeddable":true,"href":"http:\/\/wordpress.gurbuz.net\/index.php?rest_route=%2Fwp%2Fv2%2Fcomments&post=211210"}],"version-history":[{"count":9,"href":"http:\/\/wordpress.gurbuz.net\/index.php?rest_route=\/wp\/v2\/posts\/211210\/revisions"}],"predecessor-version":[{"id":211219,"href":"http:\/\/wordpress.gurbuz.net\/index.php?rest_route=\/wp\/v2\/posts\/211210\/revisions\/211219"}],"wp:attachment":[{"href":"http:\/\/wordpress.gurbuz.net\/index.php?rest_route=%2Fwp%2Fv2%2Fmedia&parent=211210"}],"wp:term":[{"taxonomy":"category","embeddable":true,"href":"http:\/\/wordpress.gurbuz.net\/index.php?rest_route=%2Fwp%2Fv2%2Fcategories&post=211210"},{"taxonomy":"post_tag","embeddable":true,"href":"http:\/\/wordpress.gurbuz.net\/index.php?rest_route=%2Fwp%2Fv2%2Ftags&post=211210"}],"curies":[{"name":"wp","href":"https:\/\/api.w.org\/{rel}","templated":true}]}}