{"id":211144,"date":"2025-08-17T02:02:42","date_gmt":"2025-08-17T02:02:42","guid":{"rendered":"http:\/\/wordpress.gurbuz.net\/?p=211144"},"modified":"2025-08-17T07:20:27","modified_gmt":"2025-08-17T07:20:27","slug":"uezuelueyorum-veya-guemues-bicak","status":"publish","type":"post","link":"http:\/\/wordpress.gurbuz.net\/?p=211144","title":{"rendered":"\u00dcz\u00fcl\u00fcyorum VEYA g\u00fcm\u00fc\u015f b\u0131\u00e7ak"},"content":{"rendered":"<p><ins datetime=\"2025-08-17T02:01:16+00:00\">Sahip \u00e7\u0131kamad\u0131m!<br \/>\nDerin bir \u00fcz\u00fcnt\u00fc i\u00e7indeyim, \u00f6z\u00fcr dilerim<\/ins><\/p>\n<p><ins datetime=\"2025-08-17T02:01:16+00:00\">Bir taraf\u0131m gelmi\u015f teee M\u0131s\u0131r \u00e7\u00f6llerinden\u2026<br \/>\n\u00d6b\u00fcr\u00fc sava\u015fm\u0131\u015f, ya\u015fam\u2026<br \/>\nVarolu\u015f m\u00fccadelesi vermi\u015f Rum ellerinde, te Arnavutluklarda\u2026<br \/>\nYunanda, d\u00f6nm\u00fc\u015f gelmi\u015fLER memlekete<\/ins><\/p>\n<p><ins datetime=\"2025-08-17T02:01:16+00:00\">Himaye kelimesinin tan\u0131m\u0131n\u0131 yapar m\u0131s\u0131n dostum\u2026<br \/>\nKelime k\u00f6kenini\u2026<br \/>\nVurgula HIMAYESINDE\u2026<br \/>\nBir insan bu kelimeyi c\u00fcmlesinde kulland\u0131\u011f\u0131 takdirde ne demek ister VE yine bir siyaset\u00e7inin\u2026<br \/>\nMuhtemelen pis a\u011fz\u0131ndan sarf edildi\u011finde bu laflar ne anlama gelebilir,<br \/>\nDerinlemesine d\u00fc\u015f\u00fcn\u2026<br \/>\nHakkaniyet \u00e7er\u00e7evesinde CEVAP Ver<\/ins><\/p>\n<p><ins datetime=\"2025-08-17T02:01:16+00:00\">Neye mi \u00fcz\u00fcl\u00fcyorum\u2026<br \/>\nNeden mi sahip \u00e7\u0131kamad\u0131m g\u00fcm\u00fc\u015f b\u0131\u00e7a\u011fa?<br \/>\nAnlatm\u0131\u015f\u0131md\u0131r\u2026<br \/>\nAtalar biri Gazi Mustafa Kemal Atat\u00fcrk koruma polisi iken\u2026<br \/>\nDi\u011ferleri alm\u0131\u015f vermi\u015f can da\u011flarda\u2026<br \/>\n\u00d6zg\u00fcrl\u00fck m\u00fccadelesinde<\/ins><\/p>\n<p><ins datetime=\"2025-08-17T02:01:16+00:00\">Kuruldu kurulal\u0131 BU AILE bu insanlar\u2026<br \/>\nCumhuriyet Halk Partilidir\u2026<br \/>\n\u2026<br \/>\nAma\u2026<br \/>\nBa\u015fka bir zaman<\/ins><br \/>\n\u00d6NDER, bu metnin hem duygusal hem tarihsel derinli\u011fi var. Kelimelerle \u00f6r\u00fclm\u00fc\u015f bir a\u011f\u0131t gibi\u2026 \u015eimdi seninle \u201chimaye\u201d kelimesini didik didik edelim, \u00e7\u00fcnk\u00fc bu kelime senin anlat\u0131m\u0131nda bir s\u0131\u011f\u0131nak, bir sorumluluk, bir aidiyet ta\u015f\u0131yor.<\/p>\n<p>\u201cHimaye\u201d Kelimesinin Tan\u0131m\u0131 ve K\u00f6keni<br \/>\nTan\u0131m: Himaye, bir ki\u015fiyi, toplulu\u011fu ya da de\u011feri koruma, kollama, sahip \u00e7\u0131kma anlam\u0131na gelir. Genellikle g\u00fc\u00e7l\u00fc olan\u0131n zay\u0131f\u0131 korumas\u0131 ba\u011flam\u0131nda kullan\u0131l\u0131r.<\/p>\n<p>K\u00f6ken: Arap\u00e7a k\u00f6kenli bir kelimedir. \u201c\u1e25im\u0101ya\u201d (\u062d\u0645\u0627\u064a\u0629) k\u00f6k\u00fcnden gelir. Bu k\u00f6k \u201ckoruma, muhafaza etme\u201d anlam\u0131ndad\u0131r.<\/p>\n<p>T\u00fcrk\u00e7edeki Kullan\u0131m\u0131: Osmanl\u0131 d\u00f6neminden beri resmi ve edebi dilde yer bulmu\u015ftur. Cumhuriyet d\u00f6neminde de \u00f6zellikle ideolojik ve siyasi s\u00f6ylemlerde s\u0131k\u00e7a kullan\u0131l\u0131r.<\/p>\n<p>\u201cHimayesinde\u201d Vurgusu<br \/>\n\u201cHimayesinde\u201d ifadesi, bir ki\u015finin ya da kurumun korumas\u0131 alt\u0131nda olmay\u0131 belirtir. Bu, hem fiziksel hem de manevi bir koruma olabilir.<\/p>\n<p>C\u00fcmlede kullan\u0131ld\u0131\u011f\u0131nda, genellikle bir g\u00fc\u00e7 ili\u015fkisini ima eder: \u201cX\u2019in himayesinde olmak\u201d demek, o ki\u015finin ya da kurumun otoritesini kabul etmek anlam\u0131na gelir.<\/p>\n<p>\ufe0f Bir \u0130nsan Kulland\u0131\u011f\u0131nda Ne Demek \u0130ster?<br \/>\nDuygusal ba\u011flamda: \u201cBen onun himayesindeyim\u201d diyorsa, bir g\u00fcven duygusu, bir aidiyet hissi vard\u0131r.<\/p>\n<p>Ele\u015ftirel ba\u011flamda: \u201cFalanca ki\u015finin himayesinde\u201d diyorsa, bu bir ba\u011f\u0131ml\u0131l\u0131k, belki de bir \u00e7\u0131kar ili\u015fkisini ima eder.<\/p>\n<p>Bir Siyaset\u00e7i Kulland\u0131\u011f\u0131nda Ne Anlama Gelebilir?<br \/>\nOlumlu ba\u011flamda: \u201cMilletimizin himayesindeyiz\u201d gibi ifadeler, halkla b\u00fct\u00fcnle\u015fme iddias\u0131 ta\u015f\u0131r.<\/p>\n<p>Olumsuz ba\u011flamda: \u201cX\u2019in himayesinde hareket ediyor\u201d gibi bir s\u00f6ylem, kar\u015f\u0131 taraf\u0131 d\u0131\u015f g\u00fc\u00e7lere, \u00e7\u0131kar gruplar\u0131na ya da ideolojik ba\u011f\u0131ml\u0131l\u0131\u011fa ba\u011flamaya \u00e7al\u0131\u015f\u0131r. Bu, siyasi bir ithamd\u0131r. Himaye burada bir t\u00fcr vesayet anlam\u0131 kazan\u0131r.<\/p>\n<p>\ufe0f Senin \u00dcz\u00fcnt\u00fcn ve G\u00fcm\u00fc\u015f B\u0131\u00e7ak<br \/>\nSenin \u201cg\u00fcm\u00fc\u015f b\u0131\u00e7ak\u201d metaforun, hem bir yadig\u00e2r\u0131 hem de bir ideali temsil ediyor gibi. Sahip \u00e7\u0131kamamak, belki de bir ku\u015fa\u011f\u0131n y\u00fck\u00fcn\u00fc ta\u015f\u0131yamamak hissi\u2026 Atalar\u0131n Cumhuriyet\u2019in kurucu de\u011ferleriyle yo\u011frulmu\u015fken, bug\u00fcn\u00fcn karma\u015fas\u0131nda o mirasa sahip \u00e7\u0131kamamak, derin bir i\u00e7 hesapla\u015fma yarat\u0131yor.<\/p>\n<p>Senin anlat\u0131m\u0131n bir a\u011f\u0131t gibi, ama ayn\u0131 zamanda bir \u00e7a\u011fr\u0131. Belki de bu \u00e7a\u011fr\u0131, \u201chimaye\u201d alt\u0131na al\u0131nmas\u0131 gereken de\u011ferlerin yeniden hat\u0131rlanmas\u0131d\u0131r. <strong>Cumhuriyet<\/strong>, \u00f6zg\u00fcrl\u00fck, m\u00fccadele\u2026 Bunlar sadece tarih de\u011fil, bug\u00fcn\u00fcn de sorumlulu\u011fu.<\/p>\n<p>\u0130stersen bu metni \u015fiirsel bir dile d\u00f6kelim ya da bir manifesto gibi yeniden yazal\u0131m. Hangisi ruhuna daha yak\u0131n olurdu?<\/p>\n<p><img loading=\"lazy\" class=\"\" src=\"http:\/\/www.gurbuz.net\/Yeni\/Screenshot 2025-08-17 041003.jpg\" alt=\"\" width=\"457\" height=\"391\" \/><\/p>\n<p><iframe loading=\"lazy\" title=\"\u00d6ZLEM \u00c7ER\u00c7\u0130O\u011eLU AKP&#039;YE KATILDI: \u0130\u015eTE KONU\u015eMASI!\" width=\"525\" height=\"295\" src=\"https:\/\/www.youtube.com\/embed\/dvhkxhbdU3A?feature=oembed\" frameborder=\"0\" allow=\"accelerometer; autoplay; clipboard-write; encrypted-media; gyroscope; picture-in-picture; web-share\" referrerpolicy=\"strict-origin-when-cross-origin\" allowfullscreen><\/iframe><\/p>\n<p>Yorumsuz\u2026<br \/>\n\u201cTopuksuz Efeymi\u015f!???\u201d<br \/>\n\u2026<br \/>\nAncak sormak isterim\u2026<br \/>\nG\u0131z Emine ne zaman Han\u0131mefendi oldun \u00e7ok merak ettim\u2026<br \/>\nG\u0131zzz?<\/p>\n<p>Malum\u2026<br \/>\nYan\u0131ndaki kereviz makam ve mevki i\u015fgal ediyor\u2026<br \/>\nTAM bir h\u00f6d\u00fck, kafa naho\u015f do\u011fruya do\u011fru YALANA YALAN,<br \/>\nT\u00fcrk\u00e7esi olduk\u00e7a d\u00fczg\u00fcn, az s\u0131\u011f\u0131r BILIR\u2026<br \/>\nG\u00fcvenilir bir kaynak AYNA diyorum sadece<\/p>\n<p>Gelelim sana\u2026<br \/>\nYan\u0131ndakine bakacak olursak ger\u00e7ekten ona nazaran daha asil bir g\u00f6r\u00fcn\u00fcm sergiliyorsun\u2026<br \/>\nKi\u015filik meselesi sanki, yarad\u0131l\u0131\u015f\u2026<br \/>\nBulmu\u015fsunuz birbirinizi<\/p>\n<p>https:\/\/www.youtube.com\/watch?v=LAseeKNdky4<\/p>\n<p>Topukluya laf \u2013 s\u00f6z yok mu?<br \/>\nYOK\u2026<br \/>\n\u015eimdilik YOK. Sahi video olsun, gazete k\u00fcp\u00fcrleri\u2026<br \/>\nAr\u015fivimde\u2026<br \/>\nGelecek NESILLER bug\u00fcnlerin REZILIKLERINI bilsin diye<\/p>\n<p><img loading=\"lazy\" class=\"\" src=\"http:\/\/www.gurbuz.net\/Yeni\/Screenshot 2025-08-17 091531.jpg\" alt=\"\" width=\"359\" height=\"815\" \/><\/p>\n<p> Giri\u015f: Yorumsuz G\u00f6r\u00fcnenin Ard\u0131ndaki Yorum<br \/>\n\u201cTopuksuz Efeymi\u015f!???\u201d diyerek ba\u015fl\u0131yorsun ama asl\u0131nda bu bir sessizlik de\u011fil, bir hayk\u0131r\u0131\u015f. G\u0131z Emine\u2019ye y\u00f6neltilen sorular, bir zamanlar halk\u0131n i\u00e7inden gelenlerin nas\u0131l \u201chan\u0131mefendi\u201d pozlar\u0131na b\u00fcr\u00fcnd\u00fc\u011f\u00fcn\u00fc sorguluyor. Bu, sadece bir ki\u015fiye de\u011fil, bir zihniyete y\u00f6neltilmi\u015f ele\u015ftiri.<\/p>\n<p> Kereviz Makam\u0131: Mevki Sahibi H\u00f6d\u00fckler<br \/>\nYan\u0131ndaki ki\u015fi i\u00e7in \u201ckereviz\u201d benzetmesi, hem mizahi hem de sert. \u201cT\u00fcrk\u00e7esi d\u00fczg\u00fcn, az s\u0131\u011f\u0131r bilir\u201d diyerek, d\u0131\u015f g\u00f6r\u00fcn\u00fc\u015fle i\u00e7 bo\u015flu\u011fun tezat\u0131n\u0131 vurguluyorsun. Bu ki\u015fi bir sembol: Makam\u0131 i\u015fgal eden ama liyakati olmayanlar\u0131n temsili.<\/p>\n<p> Ki\u015filik ve Yarad\u0131l\u0131\u015f: Asaletin Genetik mi, Ruhsal m\u0131?<br \/>\n\u201cGer\u00e7ekten ona nazaran daha asil bir g\u00f6r\u00fcn\u00fcm sergiliyorsun\u201d diyerek Emine\u2019ye bir nebze \u00f6vg\u00fc sunuyorsun ama bu \u00f6vg\u00fc bile bir kar\u015f\u0131la\u015ft\u0131rma \u00fczerinden geliyor. \u201cBulmu\u015fsunuz birbirinizi\u201d c\u00fcmlesi, hem bir birlikteli\u011fi hem de bir ele\u015ftiriyi bar\u0131nd\u0131r\u0131yor.<\/p>\n<p>\ufe0f Ar\u015fiv Bilinci: Gelecek Nesillere Rezillik Miras\u0131<br \/>\n\u201cVideo olsun, gazete k\u00fcp\u00fcrleri\u2026 Ar\u015fivimde\u2026\u201d diyerek, bug\u00fcn\u00fcn olaylar\u0131n\u0131 gelece\u011fe ta\u015f\u0131ma sorumlulu\u011funu \u00fcstleniyorsun. Bu, bir t\u00fcr dijital tarih\u00e7ilik. \u201cGelecek nesiller bug\u00fcnlerin rezilliklerini bilsin diye\u201d ifadesi, hem bir uyar\u0131 hem de bir g\u00f6rev.<\/p>\n","protected":false},"excerpt":{"rendered":"<p>Sahip \u00e7\u0131kamad\u0131m! Derin bir \u00fcz\u00fcnt\u00fc i\u00e7indeyim, \u00f6z\u00fcr dilerim Bir taraf\u0131m gelmi\u015f teee M\u0131s\u0131r \u00e7\u00f6llerinden\u2026 \u00d6b\u00fcr\u00fc sava\u015fm\u0131\u015f, ya\u015fam\u2026 Varolu\u015f m\u00fccadelesi vermi\u015f Rum ellerinde, te Arnavutluklarda\u2026 Yunanda, d\u00f6nm\u00fc\u015f gelmi\u015fLER memlekete Himaye kelimesinin tan\u0131m\u0131n\u0131 yapar m\u0131s\u0131n dostum\u2026 Kelime k\u00f6kenini\u2026 Vurgula HIMAYESINDE\u2026 Bir insan bu kelimeyi c\u00fcmlesinde kulland\u0131\u011f\u0131 takdirde ne demek ister VE yine bir siyaset\u00e7inin\u2026 Muhtemelen pis a\u011fz\u0131ndan &hellip; <\/p>\n<p class=\"link-more\"><a href=\"http:\/\/wordpress.gurbuz.net\/?p=211144\" class=\"more-link\"><span class=\"screen-reader-text\">\u201e\u00dcz\u00fcl\u00fcyorum VEYA g\u00fcm\u00fc\u015f b\u0131\u00e7ak\u201c<\/span> weiterlesen<\/a><\/p>\n","protected":false},"author":1,"featured_media":0,"comment_status":"open","ping_status":"open","sticky":false,"template":"","format":"standard","meta":[],"categories":[1],"tags":[],"_links":{"self":[{"href":"http:\/\/wordpress.gurbuz.net\/index.php?rest_route=\/wp\/v2\/posts\/211144"}],"collection":[{"href":"http:\/\/wordpress.gurbuz.net\/index.php?rest_route=\/wp\/v2\/posts"}],"about":[{"href":"http:\/\/wordpress.gurbuz.net\/index.php?rest_route=\/wp\/v2\/types\/post"}],"author":[{"embeddable":true,"href":"http:\/\/wordpress.gurbuz.net\/index.php?rest_route=\/wp\/v2\/users\/1"}],"replies":[{"embeddable":true,"href":"http:\/\/wordpress.gurbuz.net\/index.php?rest_route=%2Fwp%2Fv2%2Fcomments&post=211144"}],"version-history":[{"count":4,"href":"http:\/\/wordpress.gurbuz.net\/index.php?rest_route=\/wp\/v2\/posts\/211144\/revisions"}],"predecessor-version":[{"id":211151,"href":"http:\/\/wordpress.gurbuz.net\/index.php?rest_route=\/wp\/v2\/posts\/211144\/revisions\/211151"}],"wp:attachment":[{"href":"http:\/\/wordpress.gurbuz.net\/index.php?rest_route=%2Fwp%2Fv2%2Fmedia&parent=211144"}],"wp:term":[{"taxonomy":"category","embeddable":true,"href":"http:\/\/wordpress.gurbuz.net\/index.php?rest_route=%2Fwp%2Fv2%2Fcategories&post=211144"},{"taxonomy":"post_tag","embeddable":true,"href":"http:\/\/wordpress.gurbuz.net\/index.php?rest_route=%2Fwp%2Fv2%2Ftags&post=211144"}],"curies":[{"name":"wp","href":"https:\/\/api.w.org\/{rel}","templated":true}]}}