{"id":21093,"date":"2019-04-03T15:43:03","date_gmt":"2019-04-03T15:43:03","guid":{"rendered":"http:\/\/wordpress.gurbuz.net\/?p=21093"},"modified":"2019-04-03T15:43:03","modified_gmt":"2019-04-03T15:43:03","slug":"oenyargisiz-oku-kardesim-bir-feryadi-bir-isyani-bu-topraklarin-evlatlari","status":"publish","type":"post","link":"http:\/\/wordpress.gurbuz.net\/?p=21093","title":{"rendered":"\u00d6nyarg\u0131s\u0131z oku karde\u015fim, bir feryad\u0131, bir isyan\u0131. Bu topraklar\u0131n evlatlar\u0131!"},"content":{"rendered":"<p>Alevilerin S\u00f6nmeyen Alevi&#8230;<\/p>\n<p>Bir yanl\u0131\u015f meltem ki as\u0131rlar \u00f6nce sebepsiz f\u0131rt\u0131naya d\u00f6ner<br \/>\nNas\u0131l bir adalet tanr\u0131m insan nas\u0131l kendi elini keser<br \/>\nHalbuki karde\u015findir senin, bo\u015fa m\u0131 dinin i\u00e7in verdi\u011fi ser<br \/>\nBir yanl\u0131\u015f meltem ki as\u0131rlar \u00f6nce f\u0131rt\u0131naya d\u00f6ner&#8230;<br \/>\nRaz\u0131 olurlar kaderlerine kal\u0131r zorda ya\u015farlar da\u011fda ovada<br \/>\nDile getirirler ac\u0131lar\u0131n\u0131 \u0131st\u0131raplar\u0131n\u0131 k\u00fcrd\u00fc t\u00fcrk\u00fc \u015fiirle \u015fark\u0131yla<br \/>\nKorku ile stresle devam ederler ya\u015famlar\u0131na ac\u0131 ne\u015fe a\u011f\u0131d\u0131yla<br \/>\nKar\u015f\u0131larlar kendini vuran elleri renk renk \u00e7ice\u011fiyle; nergisiyle,al\u0131yla&#8230;<br \/>\nY\u0131llar sonra devam etti yine ayn\u0131 ac\u0131 adaletsiz bu durum<br \/>\nYaz\u0131n bile arand\u0131 durdu alevileri karamak i\u00e7in is ve kurum<br \/>\n\u0130nsanl\u0131k dinden \u00f6nce de\u011filmi? budur as\u0131l bilinmeyen durum<br \/>\nVe yine bitmedi bitmez anla\u015f\u0131lmaz \u00e7\u00f6z\u00fclmez s\u00f6z m\u0131r\u0131n k\u0131r\u0131n&#8230;<br \/>\nKaralamaz hi\u00e7 kimseyi hi\u00e7bir can\u0131 insan g\u00f6r\u00fcr herkesi; alemi<br \/>\n\u00d6yle bir yanar ama hi\u00e7 bir can yakmaz haram yemez bilinirse Alevi<br \/>\n\u0130\u00e7in i\u00e7in yansa da kirletmez ne yaz ne de k\u0131\u015f isiyle yanan alevi<br \/>\nVarl\u0131\u011f\u0131n\u0131 s\u00fcrd\u00fcrmeye \u00e7al\u0131\u015f\u0131r Allah\u0131n\u0131 bilir Ali i\u00e7in,i\u00e7in i\u00e7in yanan Alevi<br \/>\nBen e\u015fitim der, sonra zehir katar alemin ekme\u011fine a\u015f\u0131na<br \/>\n\u00c7\u0131kacak bir g\u00fcn hi\u00e7 s\u0131zlamayan k\u0131\u015f uykusundaki vijdan\u0131n kar\u015f\u0131na<br \/>\nDe\u011fi\u015ftir hesab\u0131 e\u015fitle benzet milimetreyi haks\u0131z yere ar\u015f\u0131na<br \/>\nHesap ayn\u0131 hesap \u00f6l\u00e7\u00fc ayn\u0131 \u00f6l\u00e7\u00fc istersen git Halep&#8217;e ar\u015f\u0131na&#8230; <\/p>\n<p>Niyazi Sakar<\/p>\n","protected":false},"excerpt":{"rendered":"<p>Alevilerin S\u00f6nmeyen Alevi&#8230; Bir yanl\u0131\u015f meltem ki as\u0131rlar \u00f6nce sebepsiz f\u0131rt\u0131naya d\u00f6ner Nas\u0131l bir adalet tanr\u0131m insan nas\u0131l kendi elini keser Halbuki karde\u015findir senin, bo\u015fa m\u0131 dinin i\u00e7in verdi\u011fi ser Bir yanl\u0131\u015f meltem ki as\u0131rlar \u00f6nce f\u0131rt\u0131naya d\u00f6ner&#8230; Raz\u0131 olurlar kaderlerine kal\u0131r zorda ya\u015farlar da\u011fda ovada Dile getirirler ac\u0131lar\u0131n\u0131 \u0131st\u0131raplar\u0131n\u0131 k\u00fcrd\u00fc t\u00fcrk\u00fc \u015fiirle \u015fark\u0131yla Korku &hellip; <\/p>\n<p class=\"link-more\"><a href=\"http:\/\/wordpress.gurbuz.net\/?p=21093\" class=\"more-link\"><span class=\"screen-reader-text\">\u201e\u00d6nyarg\u0131s\u0131z oku karde\u015fim, bir feryad\u0131, bir isyan\u0131. Bu topraklar\u0131n evlatlar\u0131!\u201c<\/span> weiterlesen<\/a><\/p>\n","protected":false},"author":1,"featured_media":0,"comment_status":"open","ping_status":"open","sticky":false,"template":"","format":"standard","meta":[],"categories":[1],"tags":[],"_links":{"self":[{"href":"http:\/\/wordpress.gurbuz.net\/index.php?rest_route=\/wp\/v2\/posts\/21093"}],"collection":[{"href":"http:\/\/wordpress.gurbuz.net\/index.php?rest_route=\/wp\/v2\/posts"}],"about":[{"href":"http:\/\/wordpress.gurbuz.net\/index.php?rest_route=\/wp\/v2\/types\/post"}],"author":[{"embeddable":true,"href":"http:\/\/wordpress.gurbuz.net\/index.php?rest_route=\/wp\/v2\/users\/1"}],"replies":[{"embeddable":true,"href":"http:\/\/wordpress.gurbuz.net\/index.php?rest_route=%2Fwp%2Fv2%2Fcomments&post=21093"}],"version-history":[{"count":1,"href":"http:\/\/wordpress.gurbuz.net\/index.php?rest_route=\/wp\/v2\/posts\/21093\/revisions"}],"predecessor-version":[{"id":21094,"href":"http:\/\/wordpress.gurbuz.net\/index.php?rest_route=\/wp\/v2\/posts\/21093\/revisions\/21094"}],"wp:attachment":[{"href":"http:\/\/wordpress.gurbuz.net\/index.php?rest_route=%2Fwp%2Fv2%2Fmedia&parent=21093"}],"wp:term":[{"taxonomy":"category","embeddable":true,"href":"http:\/\/wordpress.gurbuz.net\/index.php?rest_route=%2Fwp%2Fv2%2Fcategories&post=21093"},{"taxonomy":"post_tag","embeddable":true,"href":"http:\/\/wordpress.gurbuz.net\/index.php?rest_route=%2Fwp%2Fv2%2Ftags&post=21093"}],"curies":[{"name":"wp","href":"https:\/\/api.w.org\/{rel}","templated":true}]}}