{"id":21070,"date":"2019-04-03T13:50:36","date_gmt":"2019-04-03T13:50:36","guid":{"rendered":"http:\/\/wordpress.gurbuz.net\/?p=21070"},"modified":"2019-04-03T15:14:21","modified_gmt":"2019-04-03T15:14:21","slug":"bilmem-biliyor-musun","status":"publish","type":"post","link":"http:\/\/wordpress.gurbuz.net\/?p=21070","title":{"rendered":"Bilmem biliyor musun?"},"content":{"rendered":"<p>Bu millet\u2026<br \/>\nAma \u00f6zellikle bu co\u011frafya \u00e7ok ADAM\u2026<br \/>\n\u00c7ok ERKEK\u2026<br \/>\nBir o kadar da kad\u0131n g\u00f6rm\u00fc\u015ft\u00fcr AMA toplam\u0131ndan kat be kat daha fazla hain \u00e7\u0131karm\u0131\u015flard\u0131r aralar\u0131ndan.<\/p>\n<p>Hep derim, biliyorsun\u2026<br \/>\nHer kad\u0131n, kad\u0131n her erkek erkek de\u011fildir\u2026<br \/>\nEn son \u00f6rneklerden biridir Recep Tayyip Kahpedo\u011fan denen ve ard\u0131nda toplad\u0131\u011f\u0131 zibidi \u00e7etesi!<\/p>\n<p>Tarih\u00e7iler bu konuda hemfikir de\u011fildir, bat\u0131l\u0131 kaynaklar K\u00fcrt k\u00f6kenli derken\u2026<br \/>\nBizim kaynaklar\u0131m\u0131za g\u00f6re:<\/p>\n<p>\u201c\u2026 ailesinin k\u00f6keni Yemen Araplar\u0131na dayan\u0131r. Bu aile daha sonra o d\u00f6nem ya\u015fad\u0131\u011f\u0131 Basra&#8217;dan Azerbaycan&#8217;a g\u00f6\u00e7 etmi\u015f, b\u00f6lgedeki K\u00fcrt a\u015firetlerinin etkisiyle K\u00fcrtle\u015fmi\u015flerdir. Daha sonra Suriyedeki Sel\u00e7uklu atabeyi, T\u00fcrk sultan\u0131 Nureddin Zengi&#8217;nin \u00e7a\u011fr\u0131s\u0131na uyan babas\u0131, Suriye&#8217;ye g\u00f6\u00e7t\u00fc. \u00d6nceleri K\u00fcrt toplumunun i\u00e7inde K\u00fcrtle\u015fen bu Arap k\u00f6kenli aile, \u015eam&#8217;a yerle\u015ftikten sonra da T\u00fcrklerin aras\u0131nda T\u00fcrkle\u015fti. Yani \u2026 soyu ve ailesi, \u00f6nce k\u00fcrtle\u015fen, sonra da t\u00fcrkle\u015fen Yemen Araplar\u0131na dayan\u0131r. Bunda ailesinin ya\u015fad\u0131\u011f\u0131 \u00e7evre, i\u00e7inde bulundu\u011fu toplum etkili olmu\u015ftur. \u2026 karde\u015flerinin isimlerinin Turan\u015fah, Tu\u011ftekin, B\u00f6ri, \u015eahin\u015fah ve Adil Ebu Bekir olmas\u0131 da bu Yemen Arab\u0131 ailenin sonradan T\u00fcrkle\u015fti\u011finin g\u00f6stergesidir.\u201d<\/p>\n<p>Hi\u00e7 fark etmez\u2026<br \/>\nANLIYOR MUSUN HI\u00c7 FARK ETMEZ\u2026<br \/>\nHa Arap\u2026<br \/>\nHa T\u00fcrk ha K\u00fcrt\u2026<br \/>\nHi\u00e7bir \u015fey ifade etmez\u2026<br \/>\n\u00d6NEMLI OLAN\u2026<br \/>\n\u0130nsan olmas\u0131, bir\u2026<br \/>\n\u0130kicisi lider olmas\u0131 VE ikisinin toplam\u0131 kadar \u00f6nemli\u2026<br \/>\nD\u00fc\u015f\u00fcnen bir varl\u0131k olmas\u0131d\u0131r, planl\u0131 \u2013 programl\u0131 hedef g\u00f6zetebilmesidir\u2026<br \/>\nBu y\u00fczden ki ZAMAN bu y\u00fczden bir ba\u015far\u0131dan di\u011ferine ko\u015fmu\u015f\u2026<br \/>\nTa o zamanlar\u2026<br \/>\nDIPLOMASI denilen O sihirli de\u011fne\u011fi kullanarak kan d\u00f6k\u00fclmesini \u00f6nlemesini bilmi\u015ftir\u2026<br \/>\nTabii\u2026<br \/>\nMuhatab\u0131 da ERKEKMI\u015e, d\u00fc\u015f\u00fcnen bir insan, bir lider\u2026<br \/>\nGer\u00e7i bu konuya onay vermesinin gerek\u00e7eleri son derece bencilmi\u015f, \u0130ngiltere\u2019ye d\u00f6nmek ZORUNDAYDI; gidiyordu krall\u0131k elden AMA olsun\u2026<br \/>\n\u0130nsan m\u0131?<br \/>\n\u0130nsan! Lider mi?<br \/>\nLIDER!<\/p>\n<p>Kuru bir iddian\u0131n \u00f6tesindedir s\u00f6zlerim\u2026<br \/>\nBir\u00e7ok K\u00fcrt k\u00f6kenli karde\u015flerimizden tarihlerini daha iyi bilirim\u2026<br \/>\nNeden biliyor musun?<br \/>\nMesle\u011fim\u2026<br \/>\nHackerler, onlar\u0131 onlar kadar iyi bilmesen, ara\u00e7 ve gere\u00e7lerini, stratejilerini\u2026<br \/>\nBenzer, en az\u0131ndan bezer bir bilgi d\u00fczeyinde olmasayd\u0131m\u2026<br \/>\nY\u0131llarca mesle\u011fimi icra edemezdim!<\/p>\n<p>Keza siyasi hayat\u0131m\u2026<br \/>\nMuhatab\u0131m K\u00fcrt\u2019se, K\u00fcrt, Almansa Alman\u2026<br \/>\nGe\u00e7mi\u015flerini, \u015fimdiki zaman\u0131, gelece\u011fe y\u00f6nelik hayalleri\u2026<br \/>\nDinciyse\u2026<br \/>\nY\u00fcce dinimizi en az onlar kadar bilmesem\u2026<br \/>\nM\u00fccadele EDEMEM!<\/p>\n<p>Aleppo\u2026<br \/>\nHat\u0131rla bizim zibidileri, T\u00fcrk\u00e7esi Halep\u2026<br \/>\n\u0130lk merkeziydi O y\u00fcce insan\u0131n, Kud\u00fcs Fatihinin\u2026<br \/>\nSelahaddin Eyyubi ismini duydun mu hi\u00e7?<br \/>\nSelahaddin Yusuf bin Eyyub\u2026<br \/>\nRichard L\u00f6wenherz (Arslan y\u00fcrekli Richard veya I. Richard olarak bilinir) muhatab\u0131yd\u0131 bu b\u00fcy\u00fck liderin.<\/p>\n<p>Anla\u015fma gere\u011fi\u2026<br \/>\nDIKKAT\u2026<br \/>\nKan d\u00f6kmeden Hristiyanlar kenti yani Kud\u00fcs\u2019\u00fc terk edebileceklerdi, yaln\u0131z k\u00fc\u00e7\u00fck bir vergi, bir mebla\u011f istedi onlardan. Bir nevi ilk ha\u00e7l\u0131 seferinin maddiyat\u0131, kan paras\u0131 kar\u015f\u0131l\u0131\u011f\u0131\u2026<br \/>\nZenginlerde, asilerde tabii para gani\u2026<br \/>\nKILISE\u2026<br \/>\n\u00d6fff, sand\u0131k sand\u0131k para, alt\u0131n, m\u00fccevher \u00e7\u0131kard\u0131 kentten AMA\u2026<br \/>\nFakir fukaran\u0131n paras\u0131n\u0131 \u00d6DEMEDI\u2026<br \/>\nFakirlerin, paras\u0131 olmayanlar\u0131n paras\u0131n\u0131 kim \u00f6dedi biliyor musun?<br \/>\nSelahaddin\u2026<br \/>\n&gt;&gt;&gt; Kendi cebinden &lt;&lt;&lt;<\/p>\n<p>Ve\u2026<br \/>\nG\u00fcn gelip Hak onu yan\u0131na \u00e7a\u011f\u0131rd\u0131\u011f\u0131nda\u2026<br \/>\n\u00d6ld\u00fckten sonra, koca bir imparatorluk kurmu\u015f bu insan\u0131n \u015fahsi kasas\u0131ndan ne \u00e7\u0131kt\u0131 biliyor musun???<br \/>\n\u2026<br \/>\n\u2026<br \/>\n\u2026<br \/>\nBug\u00fcn\u00fcn pars\u0131 BIR EURO\u2026<br \/>\nTekrar 1 \u20ac!!!<\/p>\n<p>Kud\u00fcs\u2019\u00fc kurtarmak nam\u0131na, halk\u0131na hizmet u\u011fruna var\u0131n\u0131 yo\u011funu harcam\u0131\u015ft\u0131\u2026<br \/>\nSa\u011fl\u0131\u011f\u0131na varana kadar, nispeten gen\u00e7 \u00f6ld\u00fc.<\/p>\n<p>Veee\u2026<br \/>\nBirileri davadan s\u00f6z ediyor, yine birileri M\u00fcsl\u00fcman oldu\u011fu iddias\u0131nda\u2026<br \/>\nVe yine birlileri ayakkab\u0131 kutular\u0131nda, \u0130svi\u00e7re bankalar\u0131nda, Man adalar\u0131nda\u2026<br \/>\nPara sakl\u0131yor, damad\u0131\u2026<br \/>\nHazinenin ba\u015f\u0131na ge\u00e7iriyor\u2026<br \/>\nBirileri(!)<\/p>\n<p>Bu millet, bu co\u011frafya \u00e7ok adam g\u00f6rd\u00fc\u2026<br \/>\n\u00c7ok erkek\u2026<br \/>\nAma\u2026<br \/>\nB\u00f6ylesine kahpeler ne bu milletin ne bu co\u011frafyan\u0131n ba\u015f\u0131na geldi! <\/p>\n<p>Not: Zaman\u0131 b\u00fcy\u00fck yazd\u0131m, \u00f6nemli\u2026<br \/>\nBeklemesini bilmi\u015ftir, ayr\u0131nt\u0131s\u0131na girmedim makale \u00e7ok uzayacakt\u0131!<\/p>\n<p><strong>Ve Tayyipistanda, T\u00fcrk\u00fcn \u2013 T\u00fcrkiyelinin ekonomisi bu durumda:<\/p>\n<p>17:52 \/ 16:52<\/p>\n<p>Dolar 5,62<br \/>\nEuro 6,32<br \/>\n\u00c7eyrek alt\u0131n 382,59<br \/>\nBorsa 94542<\/strong><\/p>\n","protected":false},"excerpt":{"rendered":"<p>Bu millet\u2026 Ama \u00f6zellikle bu co\u011frafya \u00e7ok ADAM\u2026 \u00c7ok ERKEK\u2026 Bir o kadar da kad\u0131n g\u00f6rm\u00fc\u015ft\u00fcr AMA toplam\u0131ndan kat be kat daha fazla hain \u00e7\u0131karm\u0131\u015flard\u0131r aralar\u0131ndan. Hep derim, biliyorsun\u2026 Her kad\u0131n, kad\u0131n her erkek erkek de\u011fildir\u2026 En son \u00f6rneklerden biridir Recep Tayyip Kahpedo\u011fan denen ve ard\u0131nda toplad\u0131\u011f\u0131 zibidi \u00e7etesi! Tarih\u00e7iler bu konuda hemfikir de\u011fildir, bat\u0131l\u0131 &hellip; <\/p>\n<p class=\"link-more\"><a href=\"http:\/\/wordpress.gurbuz.net\/?p=21070\" class=\"more-link\"><span class=\"screen-reader-text\">\u201eBilmem biliyor musun?\u201c<\/span> weiterlesen<\/a><\/p>\n","protected":false},"author":1,"featured_media":0,"comment_status":"open","ping_status":"open","sticky":false,"template":"","format":"standard","meta":[],"categories":[1],"tags":[],"_links":{"self":[{"href":"http:\/\/wordpress.gurbuz.net\/index.php?rest_route=\/wp\/v2\/posts\/21070"}],"collection":[{"href":"http:\/\/wordpress.gurbuz.net\/index.php?rest_route=\/wp\/v2\/posts"}],"about":[{"href":"http:\/\/wordpress.gurbuz.net\/index.php?rest_route=\/wp\/v2\/types\/post"}],"author":[{"embeddable":true,"href":"http:\/\/wordpress.gurbuz.net\/index.php?rest_route=\/wp\/v2\/users\/1"}],"replies":[{"embeddable":true,"href":"http:\/\/wordpress.gurbuz.net\/index.php?rest_route=%2Fwp%2Fv2%2Fcomments&post=21070"}],"version-history":[{"count":17,"href":"http:\/\/wordpress.gurbuz.net\/index.php?rest_route=\/wp\/v2\/posts\/21070\/revisions"}],"predecessor-version":[{"id":21089,"href":"http:\/\/wordpress.gurbuz.net\/index.php?rest_route=\/wp\/v2\/posts\/21070\/revisions\/21089"}],"wp:attachment":[{"href":"http:\/\/wordpress.gurbuz.net\/index.php?rest_route=%2Fwp%2Fv2%2Fmedia&parent=21070"}],"wp:term":[{"taxonomy":"category","embeddable":true,"href":"http:\/\/wordpress.gurbuz.net\/index.php?rest_route=%2Fwp%2Fv2%2Fcategories&post=21070"},{"taxonomy":"post_tag","embeddable":true,"href":"http:\/\/wordpress.gurbuz.net\/index.php?rest_route=%2Fwp%2Fv2%2Ftags&post=21070"}],"curies":[{"name":"wp","href":"https:\/\/api.w.org\/{rel}","templated":true}]}}