{"id":210530,"date":"2025-08-08T22:00:51","date_gmt":"2025-08-08T22:00:51","guid":{"rendered":"http:\/\/wordpress.gurbuz.net\/?p=210530"},"modified":"2025-08-08T22:00:51","modified_gmt":"2025-08-08T22:00:51","slug":"schmerzen","status":"publish","type":"post","link":"http:\/\/wordpress.gurbuz.net\/?p=210530","title":{"rendered":"SCHMERZEN"},"content":{"rendered":"<p>Ich wei\u00df, vielleicht auch du, fragen sich wer ich bin,<br \/>\nKennst du das Lied von Tanju Okan\u2026<br \/>\nKIME NE?<\/p>\n<p>Ich<\/p>\n<p>Bitte \u00fcbersetze das VERST\u00c4NDLICH von den Hauptst\u00e4dteN dieser Welt auf kommunalebene\u2026<br \/>\nWeil die Welt IST NICHT mehr die Alte\u2026<br \/>\nPr\u00e4sidialsystem, das Parlamentarische\u2026<br \/>\nMonarchien, Logokratien bla bla, BLA\u2026<br \/>\nIm kollektiven IST der Oberbefehlshaber immer ein Zivilist\u2026<br \/>\nEin \u201eNull Checker\u201c<\/p>\n<p>DAS Kommando HAT der Generalstab\u2026<br \/>\nDie \u00dcbersicht, das Ziel vor Augen\u2026<br \/>\nDie Ressourcen und ihnen obliegt die Verteilung\u2026<br \/>\nAberrr AN DER FRONT\u2026<br \/>\nMuss der entsprechende Kommandeur unter Ber\u00fccksichtigung des Generalstabes Entscheidungs UND Handlungsfreiheit haben, wei\u00df nicht ob ich mich klar genug \u00e4u\u00dfern konnte?<\/p>\n<p>Die Welt IST zu kleinteilig geworden, viel zu KLEIN f\u00fcr so viele Menschen<\/p>\n<p><strong>Seine Antwort:<\/strong><\/p>\n<p>Das klingt wie ein leidenschaftlicher Appell, fast schon wie ein poetisches Manifest \u00fcber Macht, Verantwortung und die Komplexit\u00e4t unserer modernen Welt. Ich versuche, deine Gedanken verst\u00e4ndlich zu \u00fcbersetzen \u2013 von der globalen Ebene bis zur kommunalen Realit\u00e4t:<\/p>\n<p> Globale Machtstrukturen \u2013 verst\u00e4ndlich erkl\u00e4rt<br \/>\nPr\u00e4sidialsysteme, parlamentarische Demokratien, Monarchien, Logokratien: Das sind verschiedene Regierungsformen, die weltweit existieren. Doch du sagst: \u201eDie Welt ist nicht mehr die Alte\u201c \u2013 sie ist fragmentiert, \u00fcberf\u00fcllt, komplex.<\/p>\n<p>Im kollektiven Bewusstsein ist der \u201eOberbefehlshaber\u201c oft ein Zivilist \u2013 jemand, der keine milit\u00e4rische Erfahrung hat. Du nennst ihn provokant einen \u201eNull Checker\u201c \u2013 also jemanden, der keine Ahnung hat.<\/p>\n<p> Milit\u00e4rische Logik als Metapher f\u00fcr F\u00fchrung<br \/>\nDer Generalstab hat:<\/p>\n<p>Die \u00dcbersicht<\/p>\n<p>Die strategischen Ziele<\/p>\n<p>Die Ressourcen<\/p>\n<p>Die Verantwortung f\u00fcr deren Verteilung<\/p>\n<p>Aber an der Front \u2013 dort, wo die Realit\u00e4t stattfindet:<\/p>\n<p>Muss der Kommandeur vor Ort Entscheidungsfreiheit haben<\/p>\n<p>Er muss handeln k\u00f6nnen, ohne auf jeden Befehl von oben zu warten<\/p>\n<p>Nat\u00fcrlich unter Ber\u00fccksichtigung der \u00fcbergeordneten Strategie<\/p>\n<p>\ufe0f \u00dcbertragung auf kommunale Ebene<br \/>\nStell dir vor: Die Welt ist wie eine Stadt mit vielen Stadtteilen.<\/p>\n<p>Die \u201eGeneralst\u00e4be\u201c sind die Zentralregierungen, die planen und verteilen.<\/p>\n<p>Die \u201eKommandeure an der Front\u201c sind die B\u00fcrgermeister, Bezirksleiter, lokale Initiativen.<\/p>\n<p>Ohne Handlungsspielraum vor Ort bleibt jede Strategie wirkungslos.<\/p>\n<p>Die Welt ist zu kleinteilig geworden \u2013 globale L\u00f6sungen brauchen lokale Freiheit.<\/p>\n<p>Das ist eine starke Botschaft: Du pl\u00e4dierst f\u00fcr Dezentralisierung, f\u00fcr Vertrauen in lokale Entscheidungstr\u00e4ger, f\u00fcr Mut zur Eigenverantwortung \u2013 und gegen die Illusion, dass alles zentral gesteuert werden kann.<\/p>\n<p>Wenn du magst, kann ich daraus ein Manifest, ein Songtext oder sogar ein Essay machen. Was schwebt dir vor?<\/p>\n<p><a href=\"http:\/\/www.gurbuz.net\/Yeni\/Screenshot 2025-08-08 235801.jpg\" rel=\"noopener\" target=\"_blank\">+<\/a><\/p>\n","protected":false},"excerpt":{"rendered":"<p>Ich wei\u00df, vielleicht auch du, fragen sich wer ich bin, Kennst du das Lied von Tanju Okan\u2026 KIME NE? Ich Bitte \u00fcbersetze das VERST\u00c4NDLICH von den Hauptst\u00e4dteN dieser Welt auf kommunalebene\u2026 Weil die Welt IST NICHT mehr die Alte\u2026 Pr\u00e4sidialsystem, das Parlamentarische\u2026 Monarchien, Logokratien bla bla, BLA\u2026 Im kollektiven IST der Oberbefehlshaber immer ein Zivilist\u2026 &hellip; <\/p>\n<p class=\"link-more\"><a href=\"http:\/\/wordpress.gurbuz.net\/?p=210530\" class=\"more-link\"><span class=\"screen-reader-text\">\u201eSCHMERZEN\u201c<\/span> weiterlesen<\/a><\/p>\n","protected":false},"author":1,"featured_media":0,"comment_status":"open","ping_status":"open","sticky":false,"template":"","format":"standard","meta":[],"categories":[1],"tags":[],"_links":{"self":[{"href":"http:\/\/wordpress.gurbuz.net\/index.php?rest_route=\/wp\/v2\/posts\/210530"}],"collection":[{"href":"http:\/\/wordpress.gurbuz.net\/index.php?rest_route=\/wp\/v2\/posts"}],"about":[{"href":"http:\/\/wordpress.gurbuz.net\/index.php?rest_route=\/wp\/v2\/types\/post"}],"author":[{"embeddable":true,"href":"http:\/\/wordpress.gurbuz.net\/index.php?rest_route=\/wp\/v2\/users\/1"}],"replies":[{"embeddable":true,"href":"http:\/\/wordpress.gurbuz.net\/index.php?rest_route=%2Fwp%2Fv2%2Fcomments&post=210530"}],"version-history":[{"count":1,"href":"http:\/\/wordpress.gurbuz.net\/index.php?rest_route=\/wp\/v2\/posts\/210530\/revisions"}],"predecessor-version":[{"id":210531,"href":"http:\/\/wordpress.gurbuz.net\/index.php?rest_route=\/wp\/v2\/posts\/210530\/revisions\/210531"}],"wp:attachment":[{"href":"http:\/\/wordpress.gurbuz.net\/index.php?rest_route=%2Fwp%2Fv2%2Fmedia&parent=210530"}],"wp:term":[{"taxonomy":"category","embeddable":true,"href":"http:\/\/wordpress.gurbuz.net\/index.php?rest_route=%2Fwp%2Fv2%2Fcategories&post=210530"},{"taxonomy":"post_tag","embeddable":true,"href":"http:\/\/wordpress.gurbuz.net\/index.php?rest_route=%2Fwp%2Fv2%2Ftags&post=210530"}],"curies":[{"name":"wp","href":"https:\/\/api.w.org\/{rel}","templated":true}]}}