{"id":21042,"date":"2019-04-02T16:36:33","date_gmt":"2019-04-02T16:36:33","guid":{"rendered":"http:\/\/wordpress.gurbuz.net\/?p=21042"},"modified":"2019-04-02T16:37:49","modified_gmt":"2019-04-02T16:37:49","slug":"demedim-mi-yok-onlardan-bir-farki","status":"publish","type":"post","link":"http:\/\/wordpress.gurbuz.net\/?p=21042","title":{"rendered":"Demedim mi yok onlardan bir fark\u0131?"},"content":{"rendered":"<p>Ne oldum budalas\u0131!!!<\/p>\n<p>Ulan\u2026<br \/>\nIman\u2019\u0131n pi\u00e7i mazbatan\u0131 ald\u0131n m\u0131 da resmen a\u00e7\u0131kland\u0131 m\u0131\u2026<br \/>\n\u0130stanbul B\u00fcy\u00fck\u015fehir Belediye Ba\u015fkanl\u0131\u011f\u0131nda UTANMADAN, SIKILMADAN\u2026<br \/>\nAtan\u0131n huzurunda b\u00f6yle imza at\u0131yorsun?<\/p>\n<p>Yok ya yok\u2026<br \/>\nBir a\u011f\u0131r ba\u015fl\u0131l\u0131k, tevazu\u2026<br \/>\nG\u00f6rg\u00fc, bilgi, terbiye diye hi\u00e7bir \u015fey yok\u2026<br \/>\nH\u00f6d\u00fck\u2026<br \/>\nBir devlet adab\u0131, devlet adaml\u0131\u011f\u0131, adaml\u0131k bile yok ki devleti kusur kals\u0131n\u2026<br \/>\nUlan bu \u00e7eyrek halimle sizlerden milyon kez daha adam\u0131m be, utanmaz reziller\u2026<br \/>\nB\u00fct\u00fcn bu f\u0131rlatmalar nerden \u00e7\u0131kt\u0131 piyasaya, bunlar ne ya, hangi ma\u011faradan \u00e7\u0131kt\u0131lar g\u00fcn y\u00fcz\u00fcne\u2026<br \/>\nOldular ba\u015f\u0131m\u0131za bela?<\/p>\n<p><a href=\"https:\/\/www.zdf.de\/dokumentation\/zdfzoom\/zdfzoom-angriff-auf-die-demokratie-102.html\" rel=\"noopener noreferrer\" target=\"_blank\">izle<\/a><\/p>\n","protected":false},"excerpt":{"rendered":"<p>Ne oldum budalas\u0131!!! Ulan\u2026 Iman\u2019\u0131n pi\u00e7i mazbatan\u0131 ald\u0131n m\u0131 da resmen a\u00e7\u0131kland\u0131 m\u0131\u2026 \u0130stanbul B\u00fcy\u00fck\u015fehir Belediye Ba\u015fkanl\u0131\u011f\u0131nda UTANMADAN, SIKILMADAN\u2026 Atan\u0131n huzurunda b\u00f6yle imza at\u0131yorsun? Yok ya yok\u2026 Bir a\u011f\u0131r ba\u015fl\u0131l\u0131k, tevazu\u2026 G\u00f6rg\u00fc, bilgi, terbiye diye hi\u00e7bir \u015fey yok\u2026 H\u00f6d\u00fck\u2026 Bir devlet adab\u0131, devlet adaml\u0131\u011f\u0131, adaml\u0131k bile yok ki devleti kusur kals\u0131n\u2026 Ulan bu \u00e7eyrek halimle &hellip; <\/p>\n<p class=\"link-more\"><a href=\"http:\/\/wordpress.gurbuz.net\/?p=21042\" class=\"more-link\"><span class=\"screen-reader-text\">\u201eDemedim mi yok onlardan bir fark\u0131?\u201c<\/span> weiterlesen<\/a><\/p>\n","protected":false},"author":1,"featured_media":0,"comment_status":"open","ping_status":"open","sticky":false,"template":"","format":"standard","meta":[],"categories":[1],"tags":[],"_links":{"self":[{"href":"http:\/\/wordpress.gurbuz.net\/index.php?rest_route=\/wp\/v2\/posts\/21042"}],"collection":[{"href":"http:\/\/wordpress.gurbuz.net\/index.php?rest_route=\/wp\/v2\/posts"}],"about":[{"href":"http:\/\/wordpress.gurbuz.net\/index.php?rest_route=\/wp\/v2\/types\/post"}],"author":[{"embeddable":true,"href":"http:\/\/wordpress.gurbuz.net\/index.php?rest_route=\/wp\/v2\/users\/1"}],"replies":[{"embeddable":true,"href":"http:\/\/wordpress.gurbuz.net\/index.php?rest_route=%2Fwp%2Fv2%2Fcomments&post=21042"}],"version-history":[{"count":3,"href":"http:\/\/wordpress.gurbuz.net\/index.php?rest_route=\/wp\/v2\/posts\/21042\/revisions"}],"predecessor-version":[{"id":21045,"href":"http:\/\/wordpress.gurbuz.net\/index.php?rest_route=\/wp\/v2\/posts\/21042\/revisions\/21045"}],"wp:attachment":[{"href":"http:\/\/wordpress.gurbuz.net\/index.php?rest_route=%2Fwp%2Fv2%2Fmedia&parent=21042"}],"wp:term":[{"taxonomy":"category","embeddable":true,"href":"http:\/\/wordpress.gurbuz.net\/index.php?rest_route=%2Fwp%2Fv2%2Fcategories&post=21042"},{"taxonomy":"post_tag","embeddable":true,"href":"http:\/\/wordpress.gurbuz.net\/index.php?rest_route=%2Fwp%2Fv2%2Ftags&post=21042"}],"curies":[{"name":"wp","href":"https:\/\/api.w.org\/{rel}","templated":true}]}}