{"id":21026,"date":"2019-04-02T11:33:01","date_gmt":"2019-04-02T11:33:01","guid":{"rendered":"http:\/\/wordpress.gurbuz.net\/?p=21026"},"modified":"2019-04-02T11:47:45","modified_gmt":"2019-04-02T11:47:45","slug":"farkindaysaniz-ankara-o-kadar-problem-degil-ama-istanbul","status":"publish","type":"post","link":"http:\/\/wordpress.gurbuz.net\/?p=21026","title":{"rendered":"Fark\u0131ndaysan\u0131z Ankara o kadar problem de\u011fil AMA \u0130stanbul"},"content":{"rendered":"<p>Neden biliyor musunuz?<br \/>\n\u00c7\u00fcnk\u00fc\u2026<br \/>\n\u0130stanbul elden \u00e7\u0131karsa muazzam bir rant kap\u0131s\u0131 kapanacak onlara\u2026<br \/>\nTayyipistandan misafirlerimiz var, \u00fc\u00e7 \u2013 be\u015f par\u00e7a bir \u015fey al\u0131yormu\u015fsun 200 Tayyip Liras\u0131\u2026<br \/>\nAskeri \u00fccret ne kadard\u0131?<\/p>\n<p>BitKom nedir bilir misin?<br \/>\nD\u00fcn a\u00e7\u0131klama yapt\u0131lar; dijitalle\u015fme\u2026<br \/>\n\u00d6nder bu konuda \u00e7ok yazd\u0131, kayg\u0131lar\u0131n\u0131 dile getirdi\u2026<\/p>\n<p>Der Bundesverband Informationswirtschaft, Telekommunikation und neue Medien e. V. (Bitkom)<\/p>\n<p>Bili\u015fimde \u00e7ok \u00f6nemli bir kurumdur Almanya\u2019da\u2026<br \/>\nDiyor ki \u00f6n\u00fcm\u00fczdeki zaman biriminde dijitalle\u015fmeden \u00f6t\u00fcr\u00fc bir\u00e7ok \u00e7al\u0131\u015fan i\u015fsiz kalabilir!<br \/>\nNOKTA<\/p>\n<p>D\u00fcnyadan bir haber ya\u015f\u0131yorsunuz\u2026<br \/>\nBak yalan\u0131m varsa ne olay\u0131m, benim t\u00fcm bunlardan haberim \u201cyoktu\u201d<br \/>\nYani videoyu izlememi\u015ftim, sadece bir art\u0131 bir art\u0131 bir\u2026<br \/>\nTakdir edersiniz ki benim istihbarat kanallar\u0131m, bana gelen bilgi ak\u0131\u015f\u0131 sizinkilerden \u00e7ok farkl\u0131\u2026<br \/>\nD\u00fcnyadan bir haber ya\u015f\u0131yorsunuz, kald\u0131r\u0131yor, aldat\u0131yorlar sizi\u2026<br \/>\nBekle bu ak\u015fam\u0131 ve MUTLAKA izle yay\u0131nlayaca\u011f\u0131m\u0131!<\/p>\n<p>Evet\u2026<br \/>\nYeni yeni i\u015f sahalar\u0131 da a\u00e7\u0131lacak\u2026<br \/>\nAncak\u2026<br \/>\n\u00dc\u00e7 \u2013 be\u015f diploma bile yetmeyecek!<\/p>\n<p>Benden bug\u00fcn yok bir hay\u0131r, ne zaman var ki?<br \/>\nHavalar her halde, beden uyum sa\u011flayam\u0131yor, felaket a\u011fr\u0131lar\u2026<br \/>\nAyakta \u00e7ok zor duruyorum!<\/p>\n<p>Cem\u2026<br \/>\nLafl\u0131yor yine, Demir\u00f6renler benden s\u00f6ylemesi\u2026<br \/>\nBak \u201cmaymunun g\u00f6z\u00fc a\u00e7\u0131l\u0131r oldu gibi\u201d<br \/>\nBir g\u00fcn \u00e7alarlar kap\u0131n\u0131, Tayyip bile kurtaramaz seni\u2026<br \/>\nGer\u00e7ek\u00e7i ol ger\u00e7ek\u00e7i\u2026<br \/>\n\u201cYat\u0131r\u0131mc\u0131 riski g\u00f6ze alam\u0131yormu\u015f, i\u015ftah\u0131 yokmu\u015f\u201d<br \/>\nVay be\u2026<br \/>\nCem \u00f6yle diyor, enflasyonla topyek\u00fbn m\u00fccadele\u2026<br \/>\nKorkutarak, cahilce\u2026<br \/>\nG\u00fcn gelir \u00e7\u0131kar birisi\u2026<br \/>\nKorkutan\u0131n, bu korkudan faydalananlar\u0131n, siker anas\u0131n\u0131, avrad\u0131n\u0131!<\/p>\n","protected":false},"excerpt":{"rendered":"<p>Neden biliyor musunuz? \u00c7\u00fcnk\u00fc\u2026 \u0130stanbul elden \u00e7\u0131karsa muazzam bir rant kap\u0131s\u0131 kapanacak onlara\u2026 Tayyipistandan misafirlerimiz var, \u00fc\u00e7 \u2013 be\u015f par\u00e7a bir \u015fey al\u0131yormu\u015fsun 200 Tayyip Liras\u0131\u2026 Askeri \u00fccret ne kadard\u0131? BitKom nedir bilir misin? D\u00fcn a\u00e7\u0131klama yapt\u0131lar; dijitalle\u015fme\u2026 \u00d6nder bu konuda \u00e7ok yazd\u0131, kayg\u0131lar\u0131n\u0131 dile getirdi\u2026 Der Bundesverband Informationswirtschaft, Telekommunikation und neue Medien e. V. &hellip; <\/p>\n<p class=\"link-more\"><a href=\"http:\/\/wordpress.gurbuz.net\/?p=21026\" class=\"more-link\"><span class=\"screen-reader-text\">\u201eFark\u0131ndaysan\u0131z Ankara o kadar problem de\u011fil AMA \u0130stanbul\u201c<\/span> weiterlesen<\/a><\/p>\n","protected":false},"author":1,"featured_media":0,"comment_status":"open","ping_status":"open","sticky":false,"template":"","format":"standard","meta":[],"categories":[1],"tags":[],"_links":{"self":[{"href":"http:\/\/wordpress.gurbuz.net\/index.php?rest_route=\/wp\/v2\/posts\/21026"}],"collection":[{"href":"http:\/\/wordpress.gurbuz.net\/index.php?rest_route=\/wp\/v2\/posts"}],"about":[{"href":"http:\/\/wordpress.gurbuz.net\/index.php?rest_route=\/wp\/v2\/types\/post"}],"author":[{"embeddable":true,"href":"http:\/\/wordpress.gurbuz.net\/index.php?rest_route=\/wp\/v2\/users\/1"}],"replies":[{"embeddable":true,"href":"http:\/\/wordpress.gurbuz.net\/index.php?rest_route=%2Fwp%2Fv2%2Fcomments&post=21026"}],"version-history":[{"count":5,"href":"http:\/\/wordpress.gurbuz.net\/index.php?rest_route=\/wp\/v2\/posts\/21026\/revisions"}],"predecessor-version":[{"id":21031,"href":"http:\/\/wordpress.gurbuz.net\/index.php?rest_route=\/wp\/v2\/posts\/21026\/revisions\/21031"}],"wp:attachment":[{"href":"http:\/\/wordpress.gurbuz.net\/index.php?rest_route=%2Fwp%2Fv2%2Fmedia&parent=21026"}],"wp:term":[{"taxonomy":"category","embeddable":true,"href":"http:\/\/wordpress.gurbuz.net\/index.php?rest_route=%2Fwp%2Fv2%2Fcategories&post=21026"},{"taxonomy":"post_tag","embeddable":true,"href":"http:\/\/wordpress.gurbuz.net\/index.php?rest_route=%2Fwp%2Fv2%2Ftags&post=21026"}],"curies":[{"name":"wp","href":"https:\/\/api.w.org\/{rel}","templated":true}]}}