{"id":2092,"date":"2017-09-03T08:04:52","date_gmt":"2017-09-03T08:04:52","guid":{"rendered":"http:\/\/wordpress.gurbuz.net\/?p=2092"},"modified":"2017-09-03T10:32:06","modified_gmt":"2017-09-03T10:32:06","slug":"derdim-gencler-cocuklar-almancaniz-varsa-bir-mutlaka","status":"publish","type":"post","link":"http:\/\/wordpress.gurbuz.net\/?p=2092","title":{"rendered":"Derdim gen\u00e7ler, \u00e7ocuklar Almancan\u0131z varsa bir ### MUTLAKA ###"},"content":{"rendered":"<p>Dedim ya haf\u0131zam, do\u011fru hat\u0131rl\u0131yorsam rahmetli Turgut \u00d6zakman\u2019da etrafl\u0131ca bu konuya de\u011finmi\u015fti\u2026<br \/>\nHani Almancan\u0131z olmasa bile, eskisi gibi sesini k\u0131s\u0131n, sesiz s\u0131nama izler gibi\u2026<br \/>\nTabii \u00c7OK \u00d6NEMLI bilgilerden yoksun kalacaks\u0131n\u0131z ama izleyece\u011finiz g\u00f6r\u00fcnt\u00fcleri de g\u00f6rm\u00fc\u015f olman\u0131z, bu \u00fc\u00e7 b\u00f6l\u00fcmden olu\u015fan belgesel i\u00e7en de\u011fer do\u011frusu.<\/p>\n<p>Osmanl\u0131\u2026<br \/>\nAraplar\u2026<br \/>\nAtat\u00fcrk\u2026<br \/>\nEmperyalist g\u00fc\u00e7ler VE EN \u00d6NEMLISI do\u011fuda oldu\u011fu gibi, s\u00f6zde entelekt\u00fceller &gt;&gt;&gt; \u201cdo\u011frular\u0131\u201d &lt;&lt;&lt; s\u00f6ylemekten \u00e7ekinmiyorlar!<br \/>\nBat\u0131l\u0131larda sevdi\u011fim ve takdir etti\u011fim bir y\u00f6nd\u00fcr, bence do\u011fru olan da budur\u2026<br \/>\nDo\u011fruya do\u011fru, yalana yalan, h\u0131rs\u0131za h\u0131rs\u0131z denmesi!!!<\/p>\n<p>Bu belgeselde izleyece\u011finiz g\u00f6r\u00fcnt\u00fcler VE bilgiler Araplar\u0131n her \u015feye ra\u011fmen Osmanl\u0131y\u0131 \u201cs\u0131rt\u0131ndan b\u0131\u00e7aklad\u0131\u011f\u0131\u201d (T. E. Lawrence) VE \u00e7a\u011f\u0131m\u0131zda bile Osmanl\u0131ya kar\u015f\u0131 besledikleri kin ve \u00f6fke ger\u00e7e\u011fini yads\u0131namaz k\u0131lar. Buna ra\u011fmen i\u00e7lerinde Osmanl\u0131ya sadakati ve ba\u011fl\u0131l\u0131\u011f\u0131 ile can vermekten geri durmayan insanlar\u0131 sayg\u0131 ve sevgiyle anmak ve pe\u015flerinden Allahtan rahmet dileme\u011fi bir \u201cg\u00f6rev\u201d ve bor\u00e7 bilirim. Unutmay\u0131n\u0131z l\u00fctfen\u2026<br \/>\nU\u00e7lar\u2026<br \/>\n\u0130ster din a\u00e7\u0131s\u0131ndan ister milliyet\u00e7ilik a\u00e7\u0131s\u0131ndan bakacak olun hep insanlara olumsuzluklar, ac\u0131lar ya\u015fatm\u0131\u015ft\u0131r. Kutsal topraklarda atadan kalama, Osmanl\u0131 yadig\u00e2r\u0131 kaleyi y\u0131k\u0131p yerine otel diken \u201cdin karde\u015flerimin\u201d YERINE\u2026<br \/>\nKENDI G\u00d6ZLERIME GIDIP G\u00d6RD\u00dcG\u00dcM\u2026<br \/>\nIsrail\u2019de, \u0130sraillilere ve h\u00fck\u00fcmetlerine te\u015fekk\u00fcr\u00fc de ayn\u0131 zamanda bir bor\u00e7 bilirim.<br \/>\nOnlar\u0131 kimi Arap\u2019a ye\u011flerim. Hat\u0131rl\u0131yorsunuz de\u011fil mi neye \u00f6nem verdi\u011fimi?<br \/>\n\u0130nsana ve kaliteye\u2026<br \/>\nKalite insanda ve e\u015fyada, Osmanl\u0131 yadig\u00e2rlar\u0131na verdikleri ehemmiyet ve de\u011fer y\u00fcz\u00fcnden.         <\/p>\n<p>Devam edecek\u2026<\/p>\n<p><iframe loading=\"lazy\" width=\"525\" height=\"295\" src=\"https:\/\/www.youtube.com\/embed\/ROj6IgFolb8?feature=oembed\" frameborder=\"0\" allowfullscreen><\/iframe><br \/>\n<iframe loading=\"lazy\" width=\"525\" height=\"295\" src=\"https:\/\/www.youtube.com\/embed\/c0-xK29i1WY?feature=oembed\" frameborder=\"0\" allowfullscreen><\/iframe><br \/>\n<iframe loading=\"lazy\" width=\"525\" height=\"295\" src=\"https:\/\/www.youtube.com\/embed\/vjhDayQwflE?feature=oembed\" frameborder=\"0\" allowfullscreen><\/iframe><\/p>\n<p>EVET&#8230;<br \/>\nT\u00fcrk\u00e7esi!!!<\/p>\n<p><iframe loading=\"lazy\" width=\"525\" height=\"295\" src=\"https:\/\/www.youtube.com\/embed\/vHmYvO0aqtY?feature=oembed\" frameborder=\"0\" allowfullscreen><\/iframe><br \/>\n<iframe loading=\"lazy\" width=\"525\" height=\"295\" src=\"https:\/\/www.youtube.com\/embed\/D95l28YSttw?feature=oembed\" frameborder=\"0\" allowfullscreen><\/iframe><br \/>\n<iframe loading=\"lazy\" width=\"525\" height=\"295\" src=\"https:\/\/www.youtube.com\/embed\/mHqrGaa3Cvo?feature=oembed\" frameborder=\"0\" allowfullscreen><\/iframe><\/p>\n","protected":false},"excerpt":{"rendered":"<p>Dedim ya haf\u0131zam, do\u011fru hat\u0131rl\u0131yorsam rahmetli Turgut \u00d6zakman\u2019da etrafl\u0131ca bu konuya de\u011finmi\u015fti\u2026 Hani Almancan\u0131z olmasa bile, eskisi gibi sesini k\u0131s\u0131n, sesiz s\u0131nama izler gibi\u2026 Tabii \u00c7OK \u00d6NEMLI bilgilerden yoksun kalacaks\u0131n\u0131z ama izleyece\u011finiz g\u00f6r\u00fcnt\u00fcleri de g\u00f6rm\u00fc\u015f olman\u0131z, bu \u00fc\u00e7 b\u00f6l\u00fcmden olu\u015fan belgesel i\u00e7en de\u011fer do\u011frusu. Osmanl\u0131\u2026 Araplar\u2026 Atat\u00fcrk\u2026 Emperyalist g\u00fc\u00e7ler VE EN \u00d6NEMLISI do\u011fuda oldu\u011fu gibi, &hellip; <\/p>\n<p class=\"link-more\"><a href=\"http:\/\/wordpress.gurbuz.net\/?p=2092\" class=\"more-link\"><span class=\"screen-reader-text\">\u201eDerdim gen\u00e7ler, \u00e7ocuklar Almancan\u0131z varsa bir ### MUTLAKA ###\u201c<\/span> weiterlesen<\/a><\/p>\n","protected":false},"author":1,"featured_media":0,"comment_status":"closed","ping_status":"closed","sticky":false,"template":"","format":"standard","meta":[],"categories":[1],"tags":[],"_links":{"self":[{"href":"http:\/\/wordpress.gurbuz.net\/index.php?rest_route=\/wp\/v2\/posts\/2092"}],"collection":[{"href":"http:\/\/wordpress.gurbuz.net\/index.php?rest_route=\/wp\/v2\/posts"}],"about":[{"href":"http:\/\/wordpress.gurbuz.net\/index.php?rest_route=\/wp\/v2\/types\/post"}],"author":[{"embeddable":true,"href":"http:\/\/wordpress.gurbuz.net\/index.php?rest_route=\/wp\/v2\/users\/1"}],"replies":[{"embeddable":true,"href":"http:\/\/wordpress.gurbuz.net\/index.php?rest_route=%2Fwp%2Fv2%2Fcomments&post=2092"}],"version-history":[{"count":9,"href":"http:\/\/wordpress.gurbuz.net\/index.php?rest_route=\/wp\/v2\/posts\/2092\/revisions"}],"predecessor-version":[{"id":2101,"href":"http:\/\/wordpress.gurbuz.net\/index.php?rest_route=\/wp\/v2\/posts\/2092\/revisions\/2101"}],"wp:attachment":[{"href":"http:\/\/wordpress.gurbuz.net\/index.php?rest_route=%2Fwp%2Fv2%2Fmedia&parent=2092"}],"wp:term":[{"taxonomy":"category","embeddable":true,"href":"http:\/\/wordpress.gurbuz.net\/index.php?rest_route=%2Fwp%2Fv2%2Fcategories&post=2092"},{"taxonomy":"post_tag","embeddable":true,"href":"http:\/\/wordpress.gurbuz.net\/index.php?rest_route=%2Fwp%2Fv2%2Ftags&post=2092"}],"curies":[{"name":"wp","href":"https:\/\/api.w.org\/{rel}","templated":true}]}}