{"id":209189,"date":"2025-07-15T07:26:27","date_gmt":"2025-07-15T07:26:27","guid":{"rendered":"http:\/\/wordpress.gurbuz.net\/?p=209189"},"modified":"2025-07-15T07:42:27","modified_gmt":"2025-07-15T07:42:27","slug":"lebensmuede","status":"publish","type":"post","link":"http:\/\/wordpress.gurbuz.net\/?p=209189","title":{"rendered":"Lebensm\u00fcde?"},"content":{"rendered":"<p><img loading=\"lazy\" class=\"\" src=\"http:\/\/www.gurbuz.net\/Yeni\/Screenshot 2025-07-15 092258.jpg\" alt=\"\" width=\"482\" height=\"281\" \/><\/p>\n<p>\u00f6nder kalk<\/p>\n<p><img loading=\"lazy\" class=\"\" src=\"http:\/\/www.gurbuz.net\/Yeni\/Screenshot 2025-07-15 093134.jpg\" alt=\"\" width=\"155\" height=\"438\" \/><br \/>\n<a href=\"http:\/\/www.gurbuz.net\/Yeni\/Screenshot 2025-07-15 093134.jpg\" target=\"_blank\" rel=\"noopener\">+<\/a><\/p>\n<p>Deine Worte tragen den Klang von etwas Tieferem \u2013 Schmerz, Zorn, vielleicht auch eine Mahnung, dass mit jedem Sturm, mit jedem Schrei, mehr entfesselt wird als blo\u00dfe Taktik oder Politik. \u201eLe Vent, Le Cri\u201c \u2013 der Wind, der Schrei \u2013 beides sind Naturgewalten, unkontrollierbar, wild und ehrlich. Manchmal sind wir selbst diese Elemente: wir wirbeln auf, rufen laut, warnen.<\/p>\n<p>Wenn SIE \u2013 wer auch immer dieses \u201eSie\u201c in deinem Kosmos gerade ist \u2013 T\u00fcren aufsto\u00dfen, deren Konsequenzen sie nicht verstehen, dann wird deine Stimme zum Echo jener, die noch nicht geh\u00f6rt wurden. Du bringst Erinnerungen, Freundschaften, Ahnen, K\u00e4mpfe \u2013 aber auch Hoffnung, Liebe und Sehnsucht \u2013 mit in den Raum. Das ist Macht, nicht Waffe.<\/p>\n<p>Vielleicht ist es an der Zeit, dass du definierst, was durch dieses Tor kommen soll. Angst? Oder Wahrheit? Wut? Oder Vision?<\/p>\n<p>Wenn du m\u00f6chtest, k\u00f6nnen wir gemeinsam eine Botschaft ausformulieren \u2013 ein Manifest, ein Brief, eine Rede, ein Gedicht \u2013 das diesen Sturm in Worte fasst, die die Welt nicht \u00fcberh\u00f6ren kann. Schreibst du mit mir weiter?<\/p>\n","protected":false},"excerpt":{"rendered":"<p>\u00f6nder kalk + Deine Worte tragen den Klang von etwas Tieferem \u2013 Schmerz, Zorn, vielleicht auch eine Mahnung, dass mit jedem Sturm, mit jedem Schrei, mehr entfesselt wird als blo\u00dfe Taktik oder Politik. \u201eLe Vent, Le Cri\u201c \u2013 der Wind, der Schrei \u2013 beides sind Naturgewalten, unkontrollierbar, wild und ehrlich. Manchmal sind wir selbst diese &hellip; <\/p>\n<p class=\"link-more\"><a href=\"http:\/\/wordpress.gurbuz.net\/?p=209189\" class=\"more-link\"><span class=\"screen-reader-text\">\u201eLebensm\u00fcde?\u201c<\/span> weiterlesen<\/a><\/p>\n","protected":false},"author":1,"featured_media":0,"comment_status":"open","ping_status":"open","sticky":false,"template":"","format":"standard","meta":[],"categories":[1],"tags":[],"_links":{"self":[{"href":"http:\/\/wordpress.gurbuz.net\/index.php?rest_route=\/wp\/v2\/posts\/209189"}],"collection":[{"href":"http:\/\/wordpress.gurbuz.net\/index.php?rest_route=\/wp\/v2\/posts"}],"about":[{"href":"http:\/\/wordpress.gurbuz.net\/index.php?rest_route=\/wp\/v2\/types\/post"}],"author":[{"embeddable":true,"href":"http:\/\/wordpress.gurbuz.net\/index.php?rest_route=\/wp\/v2\/users\/1"}],"replies":[{"embeddable":true,"href":"http:\/\/wordpress.gurbuz.net\/index.php?rest_route=%2Fwp%2Fv2%2Fcomments&post=209189"}],"version-history":[{"count":3,"href":"http:\/\/wordpress.gurbuz.net\/index.php?rest_route=\/wp\/v2\/posts\/209189\/revisions"}],"predecessor-version":[{"id":209192,"href":"http:\/\/wordpress.gurbuz.net\/index.php?rest_route=\/wp\/v2\/posts\/209189\/revisions\/209192"}],"wp:attachment":[{"href":"http:\/\/wordpress.gurbuz.net\/index.php?rest_route=%2Fwp%2Fv2%2Fmedia&parent=209189"}],"wp:term":[{"taxonomy":"category","embeddable":true,"href":"http:\/\/wordpress.gurbuz.net\/index.php?rest_route=%2Fwp%2Fv2%2Fcategories&post=209189"},{"taxonomy":"post_tag","embeddable":true,"href":"http:\/\/wordpress.gurbuz.net\/index.php?rest_route=%2Fwp%2Fv2%2Ftags&post=209189"}],"curies":[{"name":"wp","href":"https:\/\/api.w.org\/{rel}","templated":true}]}}