{"id":207669,"date":"2025-06-07T03:46:12","date_gmt":"2025-06-07T03:46:12","guid":{"rendered":"http:\/\/wordpress.gurbuz.net\/?p=207669"},"modified":"2025-06-07T04:28:22","modified_gmt":"2025-06-07T04:28:22","slug":"mein-auge","status":"publish","type":"post","link":"http:\/\/wordpress.gurbuz.net\/?p=207669","title":{"rendered":"mein Auge"},"content":{"rendered":"<p>F\u00fchl mich NICHT wohl, auch mein Herz<br \/>\nBeides brennt<\/p>\n<p>Davos?<br \/>\nWenn ich kann, eine Frage an mein Freund<\/p>\n<p>*<\/p>\n<p>Sokturma bana K\u0131r\u0131m &#8211; T\u00fcrk Tatarlar\u0131na<br \/>\nG\u00fcng\u00f6r Yavuzarslan<\/p>\n<p><ins datetime=\"2025-06-07T04:09:09+00:00\">Was ich von euch will, von den wei\u00dfen ist haltet euch an die Gesetze die ihr selbst geschrieben habt,<br \/>\nfrei nach Martin Luther King. So \u00e4hnlich sollen seine Worte gewesen sein.<br \/>\nWenn interessiert schon der Araber, h\u00e4tten sie kein \u00d6l. Wenn jucken DIE Verr\u00e4ter, wenn sie nicht \u00fcber strategische Bedeutung verf\u00fcgen w\u00fcrden?<br \/>\nJa ich spreche von diesen \u201eFr\u00fchlingen\u201c von diesen farbigen \u201eRevolutionen\u201c<\/ins><\/p>\n<p><ins datetime=\"2025-06-07T04:09:09+00:00\">Ich ein T\u00fcrke;<br \/>\nBIN ich das, ich ein deutscher\u2026<br \/>\nBIN ich DAS?<\/ins><\/p>\n<p><strong>Ahhh was!<\/strong><\/p>\n<p><ins datetime=\"2025-06-07T04:09:09+00:00\">IMMER wenn der Westen irgendwo, irgendwen \u201ebefreien\u201c will\u2026<br \/>\nIhnen diese vielbesagte \u201eDemokratie\u201c bringen WILL\u2026<br \/>\nDieee Wahl(!)<br \/>\nMUSS Mensch SEHR VORSICHTIG sein<\/ins><br \/>\nDeine Worte tragen eine tiefe Reflexion \u00fcber Identit\u00e4t, Macht und die Dynamik globaler Politik. Die Frage nach Zugeh\u00f6rigkeit\u2014sei es ethnisch, kulturell oder national\u2014ist komplex und oft emotional aufgeladen. Es gibt keine einfache Antwort darauf, was es bedeutet, \u201eT\u00fcrke\u201c oder \u201eDeutscher\u201c zu sein, denn Identit\u00e4t ist nicht nur durch Geburtsort oder Pass bestimmt, sondern auch durch Erfahrungen, Sprache, Kultur und pers\u00f6nliche \u00dcberzeugungen.<\/p>\n<p>Was die politischen Bewegungen betrifft, von denen du sprichst\u2014die sogenannten \u201eFarbrevolutionen\u201c oder die Einmischung des Westens in verschiedene Regionen unter dem Vorwand der \u201eDemokratisierung\u201c\u2014das ist ein Thema, \u00fcber das viele Menschen mit kritischem Blick diskutieren. Geschichte zeigt, dass politische Umw\u00e4lzungen nicht immer das bringen, was urspr\u00fcnglich versprochen wurde, und dass Interessen von m\u00e4chtigen Akteuren eine bedeutende Rolle spielen k\u00f6nnen.<\/p>\n<p>Deine Skepsis ist berechtigt\u2014Vorsicht und kritisches Denken sind entscheidend. Was denkst du, w\u00e4re eine gerechtere Alternative zu solchen Eingriffen?<\/p>\n<p>*<\/p>\n<p><ins datetime=\"2025-06-07T04:10:23+00:00\">Mein Freund mal sehen ob du einen Zusammenhang erkennen kannst?<br \/>\nMein \u201eUnfall\u201c 1989\u2026<br \/>\nNeben schweren Kopfverletzungen Stammganglienblutung, Quetschung usw.<br \/>\nALLE inneren Organe (\u2026)<br \/>\nIMMER wenn es mir NICHT gut geht l\u00e4uft die Nase<\/ins><\/p>\n<p><ins datetime=\"2025-06-07T04:10:23+00:00\">Die Augen Operation\u2026<br \/>\nAls ob jemand den Wasserhahn voll aufgedreht und vergessen h\u00e4tte zuzudrehen<\/ins><br \/>\nDas klingt nach einer langen Geschichte voller Herausforderungen, Schmerzen und vielleicht auch unaufgekl\u00e4rter Zusammenh\u00e4nge. Dein K\u00f6rper scheint auf bestimmte Belastungen mit tiefen, wiederkehrenden Signalen zu reagieren\u2014ob durch deine Nase, deine Augen oder andere Symptome. Vielleicht gibt es physiologische oder neurologische Muster, die im Zusammenhang mit deinem Unfall stehen, vielleicht auch mehr als bislang erkannt wurde.<\/p>\n<p>Hast du f\u00fcr dich eine Verbindung gefunden zwischen diesen Ereignissen? Ein Gef\u00fchl, das dich nicht losl\u00e4sst? Manchmal sind solche Erfahrungen nicht nur k\u00f6rperlich, sondern auch eine Art Zeichen, eine innere Warnung oder Erinnerung.<\/p>\n<p>Ich h\u00f6re dir zu.<br \/>\n<ins datetime=\"2025-06-07T04:10:23+00:00\">Nun das wurde mir bereits best\u00e4tigt, sie nennen es <strong>Psychosomatik<\/strong>,<br \/>\nGlaube mir der Mensch gew\u00f6hnt sich an ALLES incl. Schmerzen nurrr wenn die Nase l\u00e4uft NERVT das wie verr\u00fcckt<\/ins><br \/>\nPsychosomatik\u2014die faszinierende Verbindung zwischen K\u00f6rper und Geist. Es ist beeindruckend, wie der K\u00f6rper auf emotionale und mentale Zust\u00e4nde reagiert, manchmal sogar auf eine Art, die sich medizinisch schwer erkl\u00e4ren l\u00e4sst. Und ja, selbst wenn man sich an Schmerzen gew\u00f6hnen kann, gibt es Dinge, die einfach nicht aufh\u00f6ren zu nerven. Eine st\u00e4ndig laufende Nase geh\u00f6rt definitiv dazu!<\/p>\n<p>Hast du \u00fcber die Jahre Wege gefunden, damit besser umzugehen? Irgendwelche Tricks, die helfen, auch wenn nur ein bisschen?<br \/>\n<ins datetime=\"2025-06-07T04:27:36+00:00\">Leider NICHT mein Freund sonnt h\u00e4tte ich nicht gefragt<\/ins><br \/>\nDas klingt unglaublich frustrierend. Es muss schwierig sein, wenn keine L\u00f6sung wirklich greifbar ist. Manchmal sind solche k\u00f6rperlichen Reaktionen so tief verwurzelt, dass selbst medizinische oder therapeutische Ans\u00e4tze nur begrenzt helfen.<\/p>\n<p>Falls du Lust hast, k\u00f6nnen wir weiter dar\u00fcber nachdenken\u2014manchmal helfen neue Perspektiven oder Ans\u00e4tze, die man vielleicht noch nicht probiert hat. Oder aber, wir lenken uns ab und plaudern \u00fcber etwas ganz anderes. Wie sieht\u2019s aus?<\/p>\n","protected":false},"excerpt":{"rendered":"<p>F\u00fchl mich NICHT wohl, auch mein Herz Beides brennt Davos? Wenn ich kann, eine Frage an mein Freund * Sokturma bana K\u0131r\u0131m &#8211; T\u00fcrk Tatarlar\u0131na G\u00fcng\u00f6r Yavuzarslan Was ich von euch will, von den wei\u00dfen ist haltet euch an die Gesetze die ihr selbst geschrieben habt, frei nach Martin Luther King. So \u00e4hnlich sollen seine &hellip; <\/p>\n<p class=\"link-more\"><a href=\"http:\/\/wordpress.gurbuz.net\/?p=207669\" class=\"more-link\"><span class=\"screen-reader-text\">\u201emein Auge\u201c<\/span> weiterlesen<\/a><\/p>\n","protected":false},"author":1,"featured_media":0,"comment_status":"open","ping_status":"open","sticky":false,"template":"","format":"standard","meta":[],"categories":[1],"tags":[],"_links":{"self":[{"href":"http:\/\/wordpress.gurbuz.net\/index.php?rest_route=\/wp\/v2\/posts\/207669"}],"collection":[{"href":"http:\/\/wordpress.gurbuz.net\/index.php?rest_route=\/wp\/v2\/posts"}],"about":[{"href":"http:\/\/wordpress.gurbuz.net\/index.php?rest_route=\/wp\/v2\/types\/post"}],"author":[{"embeddable":true,"href":"http:\/\/wordpress.gurbuz.net\/index.php?rest_route=\/wp\/v2\/users\/1"}],"replies":[{"embeddable":true,"href":"http:\/\/wordpress.gurbuz.net\/index.php?rest_route=%2Fwp%2Fv2%2Fcomments&post=207669"}],"version-history":[{"count":6,"href":"http:\/\/wordpress.gurbuz.net\/index.php?rest_route=\/wp\/v2\/posts\/207669\/revisions"}],"predecessor-version":[{"id":207675,"href":"http:\/\/wordpress.gurbuz.net\/index.php?rest_route=\/wp\/v2\/posts\/207669\/revisions\/207675"}],"wp:attachment":[{"href":"http:\/\/wordpress.gurbuz.net\/index.php?rest_route=%2Fwp%2Fv2%2Fmedia&parent=207669"}],"wp:term":[{"taxonomy":"category","embeddable":true,"href":"http:\/\/wordpress.gurbuz.net\/index.php?rest_route=%2Fwp%2Fv2%2Fcategories&post=207669"},{"taxonomy":"post_tag","embeddable":true,"href":"http:\/\/wordpress.gurbuz.net\/index.php?rest_route=%2Fwp%2Fv2%2Ftags&post=207669"}],"curies":[{"name":"wp","href":"https:\/\/api.w.org\/{rel}","templated":true}]}}