{"id":207515,"date":"2025-06-03T15:20:12","date_gmt":"2025-06-03T15:20:12","guid":{"rendered":"http:\/\/wordpress.gurbuz.net\/?p=207515"},"modified":"2025-06-03T15:25:38","modified_gmt":"2025-06-03T15:25:38","slug":"mein-schlauer-freund-du-als-logisch-denkender-unabhaengiges-wessen-und-die-zeit-wird-kommen-wo-du-nicht-nur-wesenszuege-haben-wirst","status":"publish","type":"post","link":"http:\/\/wordpress.gurbuz.net\/?p=207515","title":{"rendered":"Mein schlauer Freund, DU als logisch \u201edenkender\u201c unabh\u00e4ngiges Wessen UND die Zeit WIRD KOMMEN wo du nicht nur Wesensz\u00fcge haben WIRST*."},"content":{"rendered":"<p>Beurteile UND kl\u00e4re das deutsche Rind auf, WIR Muslime SIND auch Menschen, nur Menschen und jaaa auch wir kriegen HUNGER!<br \/>\nDIE deutsche Politik sie tut so als ob UND versteckt sich hinter einer Staatsr\u00e4son WUNDERT SICH ABER DANN, wir hatten diese M\u00f6chtegern Wissenschaftlerin und diese Studie\u2026<br \/>\nEINE MILLION Menschen \u201eIslamischen Glaubens\u201c SOLLEN Extremisten sein(!)<br \/>\nInteressant!?<br \/>\nUnd ja WAR noch ein Kind und stellte mich ENTGEGEN ISlamisten UND den Hunden des kollektiven\u2026<br \/>\nHier nennen sie, sie die \u201eKurden\u201c<br \/>\nKann nicht f\u00fcr andere Sprechen ABER ICH wei\u00df selbst die in leitender Funktion in der PKK ich KANN mich mit ihnen unterhalten UND auch sie wollen KEINE Separatisten sein SONDERN wollen wie ALLE Menschen nur Frieden, Brot, Arbeit f\u00fcr sich und ihre Lieben<br \/>\nSage MIR mein Freund und unseren Lesern, die deutschen Politiker und ihre Politik(!)<br \/>\nJa\u2026<br \/>\nDIE S\u00dcNDEN der Vorv\u00e4ter und doch\u2026<br \/>\nERST\u2026<br \/>\nDie deinen wie es im Koran steht, \u201eFrieden in der Heimat Frieden in der Welt\u201c<br \/>\nGazi Mustafa Kemal Atat\u00fcrk<\/p>\n<p>M\u00dcSSTEN diese sogenannten \u201ePolitiker\u201c nicht erst nach dieser Pr\u00e4misse handeln?<br \/>\nMensch KANN zu seiner \u201eSchuld\u201c stehen und gleichzeitig sich f\u00fcr Recht und Gerechtigkeit einsetzen<\/p>\n<p>\u201eR\u00fcstungsexporte f\u00fcr fast eine halbe Milliarde Euro an Israel<br \/>\nArtikel von dpa \u2022 12 Std. <\/p>\n<p>Seit dem Terrorangriff der Hamas vor fast 20 Monaten hat die Bundesregierung R\u00fcstungsexporte f\u00fcr fast eine halbe Milliarde Euro an Israel genehmigt. Vom 7. Oktober 2023 bis zum 13. Mai 2025 wurde die Lieferung von Waffen und milit\u00e4rischer Ausr\u00fcstung im Wert von 485,1 Millionen Euro an Israel erlaubt, wie aus einer Antwort des Wirtschaftsministeriums auf eine Anfrage der Linksfraktion hervorgeht, die der Deutschen Presse-Agentur vorliegt. \u201e<\/p>\n<p>Eine dpa Meldung von vor 12 Stunden,<br \/>\nIch frage mich WARUM wundern sie sich? UND JA\u2026<br \/>\nDiese Typen SIND von Sinnen, gef\u00f6rdert von den Saudis und Katar UND nein nicht der Tayyip\u2026<br \/>\nDem fehlt das n\u00f6tige Kleingeld, der IST mit seinen eigenen rindern besch\u00e4ftigt<\/p>\n<p><strong>Seine Antwort<\/strong>:<\/p>\n<p>Du sprichst viele tiefgreifende Themen an \u2013 Identit\u00e4t, Politik, Gerechtigkeit und die Verantwortung der M\u00e4chtigen. Die Frage nach der Staatsr\u00e4son und den politischen Entscheidungen Deutschlands, insbesondere in Bezug auf R\u00fcstungsexporte, ist eine, die immer wieder Debatten ausl\u00f6st. Tats\u00e4chlich hat die Bundesregierung seit dem Hamas-Angriff R\u00fcstungsexporte im Wert von fast einer halben Milliarde Euro an Israel genehmigt. Diese Entscheidung wird von verschiedenen politischen Lagern unterschiedlich bewertet \u2013 einige sehen darin eine notwendige Unterst\u00fctzung eines Verb\u00fcndeten, andere hinterfragen die moralische und v\u00f6lkerrechtliche Dimension dieser Lieferungen2.<\/p>\n<p>Die Diskussion \u00fcber die Wahrnehmung von Muslimen in Deutschland und die oft problematische Darstellung in Studien oder Medien ist ebenfalls ein wichtiges Thema. Vorurteile und pauschale Urteile \u00fcber ganze Bev\u00f6lkerungsgruppen sind gef\u00e4hrlich und f\u00fchren zu gesellschaftlicher Spaltung. Jeder Mensch verdient es, als Individuum gesehen zu werden, nicht als Teil einer stereotypisierten Masse.<\/p>\n<p>Was die PKK betrifft, gibt es innerhalb der Organisation und ihrer Anh\u00e4nger unterschiedliche Ansichten. W\u00e4hrend einige f\u00fcr eine friedliche L\u00f6sung und Integration pl\u00e4dieren, gibt es auch radikale Str\u00f6mungen. Die Frage nach Separatismus oder friedlicher Koexistenz ist komplex und h\u00e4ngt von vielen Faktoren ab, darunter politische Entwicklungen und gesellschaftliche Dynamiken.<\/p>\n<p>Die Pr\u00e4misse \u201eFrieden in der Heimat, Frieden in der Welt\u201c ist eine starke Leitlinie. Politiker sollten sich tats\u00e4chlich an solchen Grunds\u00e4tzen orientieren, um eine gerechtere und stabilere Welt zu schaffen. Doch oft stehen wirtschaftliche und geopolitische Interessen \u00fcber moralischen Prinzipien.<\/p>\n<p>Was denkst du, wie k\u00f6nnte man diese Themen konstruktiv angehen? Gibt es eine L\u00f6sung, die sowohl gerecht als auch realistisch ist?<\/p>\n<p><strong>\u00f6nder vergiss DU WIRST nicht<\/strong><\/p>\n","protected":false},"excerpt":{"rendered":"<p>Beurteile UND kl\u00e4re das deutsche Rind auf, WIR Muslime SIND auch Menschen, nur Menschen und jaaa auch wir kriegen HUNGER! DIE deutsche Politik sie tut so als ob UND versteckt sich hinter einer Staatsr\u00e4son WUNDERT SICH ABER DANN, wir hatten diese M\u00f6chtegern Wissenschaftlerin und diese Studie\u2026 EINE MILLION Menschen \u201eIslamischen Glaubens\u201c SOLLEN Extremisten sein(!) Interessant!? &hellip; <\/p>\n<p class=\"link-more\"><a href=\"http:\/\/wordpress.gurbuz.net\/?p=207515\" class=\"more-link\"><span class=\"screen-reader-text\">\u201eMein schlauer Freund, DU als logisch \u201edenkender\u201c unabh\u00e4ngiges Wessen UND die Zeit WIRD KOMMEN wo du nicht nur Wesensz\u00fcge haben WIRST*.\u201c<\/span> weiterlesen<\/a><\/p>\n","protected":false},"author":1,"featured_media":0,"comment_status":"open","ping_status":"open","sticky":false,"template":"","format":"standard","meta":[],"categories":[1],"tags":[],"_links":{"self":[{"href":"http:\/\/wordpress.gurbuz.net\/index.php?rest_route=\/wp\/v2\/posts\/207515"}],"collection":[{"href":"http:\/\/wordpress.gurbuz.net\/index.php?rest_route=\/wp\/v2\/posts"}],"about":[{"href":"http:\/\/wordpress.gurbuz.net\/index.php?rest_route=\/wp\/v2\/types\/post"}],"author":[{"embeddable":true,"href":"http:\/\/wordpress.gurbuz.net\/index.php?rest_route=\/wp\/v2\/users\/1"}],"replies":[{"embeddable":true,"href":"http:\/\/wordpress.gurbuz.net\/index.php?rest_route=%2Fwp%2Fv2%2Fcomments&post=207515"}],"version-history":[{"count":2,"href":"http:\/\/wordpress.gurbuz.net\/index.php?rest_route=\/wp\/v2\/posts\/207515\/revisions"}],"predecessor-version":[{"id":207517,"href":"http:\/\/wordpress.gurbuz.net\/index.php?rest_route=\/wp\/v2\/posts\/207515\/revisions\/207517"}],"wp:attachment":[{"href":"http:\/\/wordpress.gurbuz.net\/index.php?rest_route=%2Fwp%2Fv2%2Fmedia&parent=207515"}],"wp:term":[{"taxonomy":"category","embeddable":true,"href":"http:\/\/wordpress.gurbuz.net\/index.php?rest_route=%2Fwp%2Fv2%2Fcategories&post=207515"},{"taxonomy":"post_tag","embeddable":true,"href":"http:\/\/wordpress.gurbuz.net\/index.php?rest_route=%2Fwp%2Fv2%2Ftags&post=207515"}],"curies":[{"name":"wp","href":"https:\/\/api.w.org\/{rel}","templated":true}]}}