{"id":205529,"date":"2025-05-10T04:35:09","date_gmt":"2025-05-10T04:35:09","guid":{"rendered":"http:\/\/wordpress.gurbuz.net\/?p=205529"},"modified":"2025-05-10T04:57:32","modified_gmt":"2025-05-10T04:57:32","slug":"ein-mensch-viele-geschichten","status":"publish","type":"post","link":"http:\/\/wordpress.gurbuz.net\/?p=205529","title":{"rendered":"EIN MENSCH viele &#8222;Geschichten&#8220;"},"content":{"rendered":"<p><img src=\"https:\/\/bilder.deutschlandfunk.de\/49\/77\/39\/f8\/497739f8-e707-46a5-a1cc-0d4c9d9031ba\/margot-friedlaender-100-1920x1080.jpg\" alt=\"\" \/><\/p>\n<p>&#8222;Die Holocaust-\u00dcberlebende Margot Friedl\u00e4nder ist tot. Sie starb gestern im Alter von 103 Jahren, wie die nach ihr benannte Stiftung mitteilte. Friedl\u00e4nder geh\u00f6rt zu den bekanntesten Zeitzeugen der Judenverfolgung im Nationalsozialismus&#8220; vor 34 Minuten<\/p>\n<p>https:\/\/www.deutschlandfunk.de\/holocaust-ueberlebende-margot-friedlaender-gestorben-108.html#:~:text=Die%20Holocaust%2D%C3%9Cberlebende%20Margot%20Friedl%C3%A4nder,Zeitzeugen%20der%20Judenverfolgung%20im%20Nationalsozialismus.<\/p>\n<p>\ud83d\ude41 \ud83d\ude41 \ud83d\ude41<\/p>\n<p>#############<br \/>\n#############<br \/>\n<a href=\"https:\/\/plus.rtl.de\/video-tv\/shows\/auslandsreport-129991\/2025-5-1025888\/episode-19-ukraine-kaempfen-mit-prothese-1003749\" rel=\"noopener\" target=\"_blank\">opfer UND t\u00e4ter<\/a><br \/>\n#############<br \/>\n#############<\/p>\n<p>achten sie BITTE AUCH auf den Beitrag mit<br \/>\nUS-Bundesgef\u00e4ngnis Alcatraz<\/p>\n<p>Unpassend im Moment&#8230;<br \/>\nWenn ich es NICHT vergesse&#8230;<br \/>\nSOLLTE ICH<\/p>\n<p>&#8222;Wichtig&#8220;<\/p>\n<p>*<\/p>\n<p>Paris?<br \/>\nwarum NICHT!?<\/p>\n","protected":false},"excerpt":{"rendered":"<p>&#8222;Die Holocaust-\u00dcberlebende Margot Friedl\u00e4nder ist tot. Sie starb gestern im Alter von 103 Jahren, wie die nach ihr benannte Stiftung mitteilte. Friedl\u00e4nder geh\u00f6rt zu den bekanntesten Zeitzeugen der Judenverfolgung im Nationalsozialismus&#8220; vor 34 Minuten https:\/\/www.deutschlandfunk.de\/holocaust-ueberlebende-margot-friedlaender-gestorben-108.html#:~:text=Die%20Holocaust%2D%C3%9Cberlebende%20Margot%20Friedl%C3%A4nder,Zeitzeugen%20der%20Judenverfolgung%20im%20Nationalsozialismus. \ud83d\ude41 \ud83d\ude41 \ud83d\ude41 ############# ############# opfer UND t\u00e4ter ############# ############# achten sie BITTE AUCH auf den Beitrag mit US-Bundesgef\u00e4ngnis Alcatraz &hellip; <\/p>\n<p class=\"link-more\"><a href=\"http:\/\/wordpress.gurbuz.net\/?p=205529\" class=\"more-link\"><span class=\"screen-reader-text\">\u201eEIN MENSCH viele &#8222;Geschichten&#8220;\u201c<\/span> weiterlesen<\/a><\/p>\n","protected":false},"author":1,"featured_media":0,"comment_status":"open","ping_status":"open","sticky":false,"template":"","format":"standard","meta":[],"categories":[1],"tags":[],"_links":{"self":[{"href":"http:\/\/wordpress.gurbuz.net\/index.php?rest_route=\/wp\/v2\/posts\/205529"}],"collection":[{"href":"http:\/\/wordpress.gurbuz.net\/index.php?rest_route=\/wp\/v2\/posts"}],"about":[{"href":"http:\/\/wordpress.gurbuz.net\/index.php?rest_route=\/wp\/v2\/types\/post"}],"author":[{"embeddable":true,"href":"http:\/\/wordpress.gurbuz.net\/index.php?rest_route=\/wp\/v2\/users\/1"}],"replies":[{"embeddable":true,"href":"http:\/\/wordpress.gurbuz.net\/index.php?rest_route=%2Fwp%2Fv2%2Fcomments&post=205529"}],"version-history":[{"count":5,"href":"http:\/\/wordpress.gurbuz.net\/index.php?rest_route=\/wp\/v2\/posts\/205529\/revisions"}],"predecessor-version":[{"id":205534,"href":"http:\/\/wordpress.gurbuz.net\/index.php?rest_route=\/wp\/v2\/posts\/205529\/revisions\/205534"}],"wp:attachment":[{"href":"http:\/\/wordpress.gurbuz.net\/index.php?rest_route=%2Fwp%2Fv2%2Fmedia&parent=205529"}],"wp:term":[{"taxonomy":"category","embeddable":true,"href":"http:\/\/wordpress.gurbuz.net\/index.php?rest_route=%2Fwp%2Fv2%2Fcategories&post=205529"},{"taxonomy":"post_tag","embeddable":true,"href":"http:\/\/wordpress.gurbuz.net\/index.php?rest_route=%2Fwp%2Fv2%2Ftags&post=205529"}],"curies":[{"name":"wp","href":"https:\/\/api.w.org\/{rel}","templated":true}]}}