{"id":205485,"date":"2025-05-09T14:30:13","date_gmt":"2025-05-09T14:30:13","guid":{"rendered":"http:\/\/wordpress.gurbuz.net\/?p=205485"},"modified":"2025-05-09T16:57:33","modified_gmt":"2025-05-09T16:57:33","slug":"ah-ja-ich-bin-real-die-schmerzen-sind-real","status":"publish","type":"post","link":"http:\/\/wordpress.gurbuz.net\/?p=205485","title":{"rendered":"ah ja ich BIN real, DIE SCHMERZEN SIND REAL"},"content":{"rendered":"<p><ins datetime=\"2025-05-09T16:38:08+00:00\">\u201eUmfrage: Deutsche zunehmend kritischer gegen\u00fcber Israel Artikel von dpa \u2022 3 Std\u201c ich kann NUR HOFFEN das auch ich meinen Beitrag dazu geleistet habe, DAS eine HAT nix mit dem anderen zutun, auch ehemalige Opfer d\u00fcrfen NICHT tu T\u00e4tern WERDEN<\/ins><br \/>\nDie Umfrage der Bertelsmann Stiftung zeigt einen deutlichen Wandel in der Wahrnehmung Israels in Deutschland. W\u00e4hrend Israelis mehrheitlich positiv auf Deutschland blicken, ist die Sichtweise der Deutschen gegen\u00fcber Israel kritischer geworden. Besonders auff\u00e4llig ist der Anstieg antisemitischer Einstellungen, insbesondere unter j\u00fcngeren Menschen1.<\/p>\n<p>Die Vergangenheit spielt weiterhin eine gro\u00dfe Rolle in der gegenseitigen Wahrnehmung. W\u00e4hrend in Israel viele Menschen die Erinnerung an die Schoah als essenziell betrachten, gibt es in Deutschland eine zunehmende Debatte \u00fcber einen \u201eSchlussstrich\u201c unter die Vergangenheit.<\/p>\n<p>Es ist wichtig, historische Verantwortung nicht mit aktuellen politischen Entwicklungen zu vermischen. Kritik an politischen Entscheidungen sollte differenziert betrachtet werden, ohne in Vorurteile oder pauschale Ablehnung zu verfallen.<\/p>\n<p>Was denkst du \u00fcber diese Entwicklung?<br \/>\n<ins datetime=\"2025-05-09T16:38:08+00:00\">IN EINEM HAST DU definitiv Recht \u201eEs ist wichtig, historische Verantwortung nicht mit aktuellen politischen Entwicklungen zu vermischen.\u201c Da stimme ich dir von ganzem Herzen zu ABER mein Freund UND DAS hat nix mit der Vergangenheit zu tun, mit der Gegenwart sondern mit der Zukunft Ich mag sie WIRKLICH, habe sie in ihrem EIGENEN Umfeld KENNENGELERNT, gesehen!!! WIR\u2026 Sagen zu ihnen Musevi, hier ist das Wort Jude (\u2026) Ich mag sowas NICHT\u2026 Weil es KOMMT IMMER auf den Menschen an, vom Mensch KANN man R\u00fcckschl\u00fcsse auf die Gesellschaft UND UMGEKEHRT ziehen\u2026 WIR die Menschen K\u00d6NNEN aber NICHT die Politik und Politiker<\/ins><br \/>\nDas klingt, als h\u00e4ttest du sehr tiefgehende Erfahrungen und Begegnungen gemacht, die deine Perspektive gepr\u00e4gt haben. Es ist beeindruckend, wenn man Menschen wirklich im eigenen Umfeld kennenlernt und nicht nur durch Nachrichten oder vorgefertigte Meinungen \u00fcber sie urteilt.<\/p>\n<p>Was du ansprichst \u2013 dass es letztlich auf den Menschen selbst ankommt \u2013 ist ein essenzieller Punkt. Zwischenmenschliche Beziehungen sind viel komplexer und tiefgr\u00fcndiger als politische oder gesellschaftliche Schablonen. Menschen k\u00f6nnen einander verstehen, sich gegenseitig bereichern und differenzierte Sichtweisen entwickeln. Politik hingegen ist oft gepr\u00e4gt von Interessen, Machtspielen und historischen Lasten, die nicht immer das wahre Wesen der Menschen widerspiegeln.<\/p>\n<p>Ich verstehe deine Abneigung gegen\u00fcber pauschalen Begriffen oder Kategorisierungen \u2013 Sprache tr\u00e4gt Macht in sich, und sie kann sowohl Br\u00fccken bauen als auch Mauern errichten. Es ist wichtig, dass wir bewusst mit ihr umgehen und darauf achten, dass sie nicht trennt, sondern verbindet.<\/p>\n<p>Ich sp\u00fcre deine Leidenschaft f\u00fcr das Thema, und es ist sch\u00f6n zu sehen, wenn Menschen mit offenen Herzen und scharfem Verstand dar\u00fcber nachdenken. Wo siehst du die Zukunft in diesem Zusammenhang? Wie k\u00f6nnen Menschen voneinander lernen und einander n\u00e4herkommen?<\/p>\n<p>&#8222;Umfrage: Deutsche zunehmend kritischer gegen\u00fcber Israel<br \/>\nArtikel von dpa \u2022 3 Std&#8220;<\/p>\n<p>https:\/\/www.msn.com\/de-de\/nachrichten\/politik\/umfrage-deutsche-zunehmend-kritischer-gegen%C3%BCber-israel\/ar-AA1Etd3w?ocid=msedgntp&#038;pc=U531&#038;cvid=458db8ef57c64647b9f1e46180e1c988&#038;ei=17<\/p>\n","protected":false},"excerpt":{"rendered":"<p>\u201eUmfrage: Deutsche zunehmend kritischer gegen\u00fcber Israel Artikel von dpa \u2022 3 Std\u201c ich kann NUR HOFFEN das auch ich meinen Beitrag dazu geleistet habe, DAS eine HAT nix mit dem anderen zutun, auch ehemalige Opfer d\u00fcrfen NICHT tu T\u00e4tern WERDEN Die Umfrage der Bertelsmann Stiftung zeigt einen deutlichen Wandel in der Wahrnehmung Israels in Deutschland. &hellip; <\/p>\n<p class=\"link-more\"><a href=\"http:\/\/wordpress.gurbuz.net\/?p=205485\" class=\"more-link\"><span class=\"screen-reader-text\">\u201eah ja ich BIN real, DIE SCHMERZEN SIND REAL\u201c<\/span> weiterlesen<\/a><\/p>\n","protected":false},"author":1,"featured_media":0,"comment_status":"open","ping_status":"open","sticky":false,"template":"","format":"standard","meta":[],"categories":[1],"tags":[],"_links":{"self":[{"href":"http:\/\/wordpress.gurbuz.net\/index.php?rest_route=\/wp\/v2\/posts\/205485"}],"collection":[{"href":"http:\/\/wordpress.gurbuz.net\/index.php?rest_route=\/wp\/v2\/posts"}],"about":[{"href":"http:\/\/wordpress.gurbuz.net\/index.php?rest_route=\/wp\/v2\/types\/post"}],"author":[{"embeddable":true,"href":"http:\/\/wordpress.gurbuz.net\/index.php?rest_route=\/wp\/v2\/users\/1"}],"replies":[{"embeddable":true,"href":"http:\/\/wordpress.gurbuz.net\/index.php?rest_route=%2Fwp%2Fv2%2Fcomments&post=205485"}],"version-history":[{"count":2,"href":"http:\/\/wordpress.gurbuz.net\/index.php?rest_route=\/wp\/v2\/posts\/205485\/revisions"}],"predecessor-version":[{"id":205487,"href":"http:\/\/wordpress.gurbuz.net\/index.php?rest_route=\/wp\/v2\/posts\/205485\/revisions\/205487"}],"wp:attachment":[{"href":"http:\/\/wordpress.gurbuz.net\/index.php?rest_route=%2Fwp%2Fv2%2Fmedia&parent=205485"}],"wp:term":[{"taxonomy":"category","embeddable":true,"href":"http:\/\/wordpress.gurbuz.net\/index.php?rest_route=%2Fwp%2Fv2%2Fcategories&post=205485"},{"taxonomy":"post_tag","embeddable":true,"href":"http:\/\/wordpress.gurbuz.net\/index.php?rest_route=%2Fwp%2Fv2%2Ftags&post=205485"}],"curies":[{"name":"wp","href":"https:\/\/api.w.org\/{rel}","templated":true}]}}