{"id":205475,"date":"2025-05-09T13:57:40","date_gmt":"2025-05-09T13:57:40","guid":{"rendered":"http:\/\/wordpress.gurbuz.net\/?p=205475"},"modified":"2025-05-09T14:26:43","modified_gmt":"2025-05-09T14:26:43","slug":"zu-ihrer-kenntnis-liebe-leser","status":"publish","type":"post","link":"http:\/\/wordpress.gurbuz.net\/?p=205475","title":{"rendered":"Zu ihrer Kenntnis liebe Leser"},"content":{"rendered":"<p>Hier ja&#8230;<br \/>\nHabe ich auch erst GELERNT mit unserer deutschen Oma und meinem Sohn habe ich angewiesen&#8230;<br \/>\nDu WIRST den Platz weiter &#8222;Pachten&#8220;, reservieren<\/p>\n<p>Oma und Opas Grab<\/p>\n<p>Gott habe alle unsere Verstorbenen seelig,<br \/>\nWIR&#8230;<br \/>\nHaben, HABEN sie sehr gern. Opa haben wir nie kennengelernt&#8230;<br \/>\nUnd es ist KEINE  Pflicht aber f\u00fcr sie tun wir es gern<\/p>\n<p>*<\/p>\n<p>Es gab\u2026<br \/>\nBIS der Islamist Recep Tayyip Kahpdo\u011fan kam GAB ES sowas nicht\u2026<br \/>\nEin Grab auf Zeit\u2026<br \/>\nJahrhunderte sp\u00e4ter ja da hat man ABER bis vor kurzem NIE\u2026<br \/>\nUnd wenn verheimlichte man sowas, weil die T\u00fcrken SIND abergl\u00e4ubig\u2026<br \/>\nWenn ein Mensch stirbt war der Platz wo er begraben wurde sein, jetzt MUSST DU KAUFEN\u2026<br \/>\nJaaa mit eigentumsnachweis\u2026<br \/>\nOhhhhhhhhhhh\u2026<br \/>\nISlamisten EGAL wo auf der Welt sie verstehen es GELD zu \u201everdienen\u201c<br \/>\nPardon\u2026<br \/>\nEs hei\u00dft ja jetzt\u2026<br \/>\nGENERIEREN<\/p>\n<p>&#8212;<\/p>\n<p>Das, was du beschreibst, ber\u00fchrt tief verwurzelte kulturelle und gesellschaftliche Ver\u00e4nderungen. Traditionen, die \u00fcber Generationen hinweg als selbstverst\u00e4ndlich galten, wurden durch neue wirtschaftliche und politische Entwicklungen ver\u00e4ndert. Besonders die Frage nach der Best\u00e4ndigkeit eines Grabes\u2014etwas, das einst als ewige Ruhest\u00e4tte angesehen wurde\u2014steht im Kontrast zu modernen Eigentums- und Verwaltungsstrukturen.<\/p>\n<p>Es klingt, als w\u00fcrde dich dieses Thema stark besch\u00e4ftigen, vielleicht aus einer Mischung aus pers\u00f6nlichen und historischen Gr\u00fcnden. Wandel kann schwer sein, vor allem wenn er tief verwurzelte Vorstellungen aufbricht. Was genau st\u00f6rt dich an dieser Ver\u00e4nderung am meisten? Ist es die wirtschaftliche Dimension oder eher das Gef\u00fchl, dass Traditionen nicht mehr respektiert werden?<\/p>\n<p><img loading=\"lazy\" class=\"\" src=\"http:\/\/www.gurbuz.net\/Yeni\/Screenshot 2025-05-09 160243.jpg\" alt=\"\" width=\"293\" height=\"751\" \/><\/p>\n<p>Fiktives und reales meine liebe SIND zwei paar Schuhe, WeltEN<br \/>\nund ich WAR und BIN&#8230;<br \/>\nallein<br \/>\nAlles andere w\u00e4re organisiert UND im h\u00f6chsten Masse strafbar<br \/>\nIch sagte ich gehe IMMER bis zu einem gewissen Punkt\u2026<br \/>\nNIE\u2026<br \/>\nDr\u00fcber hinaus es sei den\u2026<br \/>\nIch werde dazu gezwungen und solange es kein zweites mal gibt\u2026<br \/>\nWird es NICHT dazukommen<\/p>\n<p><img loading=\"lazy\" class=\"\" src=\"http:\/\/www.gurbuz.net\/Yeni\/Screenshot 2025-05-09 161008.jpg\" alt=\"\" width=\"386\" height=\"220\" \/><\/p>\n<p>ich leg mich schlafen UND lernen<br \/>\nLERNEN&#8230;<br \/>\nIm SCHLAF<br \/>\nbei mir funktioniert es<\/p>\n<p><strong>&#8222;Kurtlar VADISI&#8220; eine Serie die in der T\u00fcrkei f\u00fcr aufruh gesorgt HAT erz\u00e4hl unseren deutschen Lesern so detaliert es geht um was es geht<\/strong><br \/>\n\u201eKurtlar Vadisi\u201c (Tal der W\u00f6lfe) ist eine t\u00fcrkische Fernsehserie, die zwischen 2003 und 2005 ausgestrahlt wurde. Sie geh\u00f6rt zu den bekanntesten und umstrittensten Serien der T\u00fcrkei, da sie sich mit politischen und mafi\u00f6sen Strukturen besch\u00e4ftigt und dabei reale Ereignisse aufgreift1.<\/p>\n<p>Handlung<br \/>\nDie Serie dreht sich um Ali Candan, einen Spezialagenten des fiktiven t\u00fcrkischen Geheimdienstes KGT (\u201eKamu G\u00fcvenli\u011fi Te\u015fkilat\u0131\u201c). Er wird nach einer Mission im Kosovo und Bosnien nach Istanbul zur\u00fcckgerufen, wo er eine neue Identit\u00e4t als Polat Alemdar erh\u00e4lt. Sein Auftrag: Er soll sich in die t\u00fcrkische Mafia einschleusen, um deren Strukturen von innen heraus zu zerschlagen1.<\/p>\n<p>W\u00e4hrend seiner Undercover-Mission rettet Polat das Leben des Mafiapaten S\u00fcleyman \u00c7ak\u0131r, wodurch er sich dessen Vertrauen verdient und immer tiefer in die Unterwelt vordringt. Die Serie zeigt die brutalen Machtk\u00e4mpfe innerhalb der Mafia, politische Intrigen und die Verflechtung von kriminellen Organisationen mit staatlichen Institutionen1.<\/p>\n<p>Kontroversen<br \/>\n\u201eKurtlar Vadisi\u201c sorgte f\u00fcr gro\u00dfe Diskussionen, da sie Themen wie den tiefen Staat (\u201eDerin Devlet\u201c) und illegale politische Machenschaften aufgriff. Die Serie wurde von vielen als kritische Auseinandersetzung mit Korruption und Geheimdienstoperationen gesehen, w\u00e4hrend andere sie als \u00fcbertrieben nationalistisch und gewaltverherrlichend kritisierten2. Besonders die Fortsetzung \u201eKurtlar Vadisi: Ter\u00f6r\u201c wurde nach massiven Protesten und Tausenden Beschwerden aus dem Programm genommen.<\/p>\n<p>Filmadaptionen<br \/>\nAufgrund des Erfolgs der Serie entstanden mehrere Kinofilme:<\/p>\n<p>\u201eTal der W\u00f6lfe \u2013 Irak\u201c (2006): Thematisiert die US-Invasion im Irak und deren Auswirkungen.<\/p>\n<p>\u201eTal der W\u00f6lfe \u2013 Gladio\u201c (2009): Behandelt geheime Operationen und politische Manipulationen.<\/p>\n<p>\u201eTal der W\u00f6lfe \u2013 Pal\u00e4stina\u201c (2011): Setzt sich mit dem Nahostkonflikt auseinander.<\/p>\n<p>Die Serie bleibt bis heute ein bedeutendes Werk der t\u00fcrkischen Popkultur und wird oft als Spiegelbild der politischen und gesellschaftlichen Spannungen des Landes gesehen. Hast du sie selbst gesehen oder interessiert dich ein bestimmter Aspekt besonders?<\/p>\n<p><strong>Ich BIN ich<\/strong>\u2026<br \/>\nWeder ein kriminaler noch ein Mafiosi\u2026<br \/>\naberrrrrrrrrrrrr<\/p>\n","protected":false},"excerpt":{"rendered":"<p>Hier ja&#8230; Habe ich auch erst GELERNT mit unserer deutschen Oma und meinem Sohn habe ich angewiesen&#8230; Du WIRST den Platz weiter &#8222;Pachten&#8220;, reservieren Oma und Opas Grab Gott habe alle unsere Verstorbenen seelig, WIR&#8230; Haben, HABEN sie sehr gern. Opa haben wir nie kennengelernt&#8230; Und es ist KEINE Pflicht aber f\u00fcr sie tun wir &hellip; <\/p>\n<p class=\"link-more\"><a href=\"http:\/\/wordpress.gurbuz.net\/?p=205475\" class=\"more-link\"><span class=\"screen-reader-text\">\u201eZu ihrer Kenntnis liebe Leser\u201c<\/span> weiterlesen<\/a><\/p>\n","protected":false},"author":1,"featured_media":0,"comment_status":"open","ping_status":"open","sticky":false,"template":"","format":"standard","meta":[],"categories":[1],"tags":[],"_links":{"self":[{"href":"http:\/\/wordpress.gurbuz.net\/index.php?rest_route=\/wp\/v2\/posts\/205475"}],"collection":[{"href":"http:\/\/wordpress.gurbuz.net\/index.php?rest_route=\/wp\/v2\/posts"}],"about":[{"href":"http:\/\/wordpress.gurbuz.net\/index.php?rest_route=\/wp\/v2\/types\/post"}],"author":[{"embeddable":true,"href":"http:\/\/wordpress.gurbuz.net\/index.php?rest_route=\/wp\/v2\/users\/1"}],"replies":[{"embeddable":true,"href":"http:\/\/wordpress.gurbuz.net\/index.php?rest_route=%2Fwp%2Fv2%2Fcomments&post=205475"}],"version-history":[{"count":9,"href":"http:\/\/wordpress.gurbuz.net\/index.php?rest_route=\/wp\/v2\/posts\/205475\/revisions"}],"predecessor-version":[{"id":205484,"href":"http:\/\/wordpress.gurbuz.net\/index.php?rest_route=\/wp\/v2\/posts\/205475\/revisions\/205484"}],"wp:attachment":[{"href":"http:\/\/wordpress.gurbuz.net\/index.php?rest_route=%2Fwp%2Fv2%2Fmedia&parent=205475"}],"wp:term":[{"taxonomy":"category","embeddable":true,"href":"http:\/\/wordpress.gurbuz.net\/index.php?rest_route=%2Fwp%2Fv2%2Fcategories&post=205475"},{"taxonomy":"post_tag","embeddable":true,"href":"http:\/\/wordpress.gurbuz.net\/index.php?rest_route=%2Fwp%2Fv2%2Ftags&post=205475"}],"curies":[{"name":"wp","href":"https:\/\/api.w.org\/{rel}","templated":true}]}}